{"id":15085,"date":"2026-04-25T16:18:28","date_gmt":"2026-04-25T16:18:28","guid":{"rendered":"https:\/\/rr.unv-informacion.xyz\/?p=15085"},"modified":"2026-04-25T16:18:28","modified_gmt":"2026-04-25T16:18:28","slug":"comunidad-de-azua-llora-a-los-dos-infantes-que-partieron-en-incidente-domestico","status":"publish","type":"post","link":"https:\/\/rr.unv-informacion.xyz\/?p=15085","title":{"rendered":"Comunidad de Azua llora a los dos infantes que partieron en incidente domestico"},"content":{"rendered":"\n<p>En seguimiento a la tragedia registrada en el sector La Bombita de Azua, la comunidad educativa y los vecinos acompa\u00f1aron este jueves el velatorio de Maiker Rodr\u00edguez, de 6 a\u00f1os, mientras se confirmaba simult\u00e1neamente el fallecimiento de su prima Irene Ram\u00edrez, de 7.<\/p>\n\n\n\n<p>El dolor se multiplic\u00f3 entre los presentes cuando, en pleno desarrollo de las honras f\u00fanebres del menor, trascendi\u00f3 la noticia de que Irene tambi\u00e9n hab\u00eda perdido la vida a consecuencia de las graves quemaduras sufridas durante el mismo siniestro.<\/p>\n\n\n\n<p>El centro educativo al que asist\u00eda Maiker Rodr\u00edguez suspendi\u00f3 sus actividades vespertinas para que toda la comunidad escolar pudiera acompa\u00f1ar a la familia durante el velatorio del estudiante.<\/p>\n\n\n\n<p>El director del plantel expres\u00f3 el profundo impacto que dej\u00f3 la p\u00e9rdida entre maestros y compa\u00f1eros: \u201cSabemos que fue una situaci\u00f3n muy compleja, muy dif\u00edcil, ya nuestro estudiante pas\u00f3 al encuentro con el Se\u00f1or.\u201d<\/p>\n\n\n\n<p>El directivo record\u00f3 al ni\u00f1o con afecto y destac\u00f3 sus cualidades dentro del aula: \u201cUn ni\u00f1o muy despierto, alegre, buen compa\u00f1ero con su compa\u00f1ero, siempre le gustaba jugar, su deber tambi\u00e9n.\u201d<\/p>\n\n\n\n<p>Ante el dolor de la familia, el director les transmiti\u00f3 un mensaje de fe y fortaleza: \u201cSolamente dec\u00eda a la familia que conf\u00eden en Dios, \u00c9l es el due\u00f1o de la vida, nosotros somos sus administradores.\u201d<\/p>\n\n\n\n<p>El sufrimiento no se limit\u00f3 al entorno escolar. Vecinos y allegados de la comunidad expresaron que la tragedia los afect\u00f3 a todos por igual, como si las v\u00edctimas fueran parte de sus propias familias.<\/p>\n\n\n\n<p>Un residente presente en el velatorio manifest\u00f3 la conmoci\u00f3n colectiva: \u201cEstamos doloridos porque es como si fueran nuestros hijos, porque todos somos uno aqu\u00ed. Entonces son cosas que ha tra\u00eddo la comunidad dolorida, estamos doloridos todos, todos lo hemos sufrido.\u201d<\/p>\n\n\n\n<p>Una familiar que intent\u00f3 rescatar a los menores durante el siniestro relat\u00f3 nuevamente el desesperado momento: \u201cYo lo que hice fue que cuando yo los vi ah\u00ed, yo agarr\u00e9 y me met\u00ed, y logr\u00e9 sacar a uno, y despu\u00e9s no me dejaron cruzar, porque el fuego estaba muy ardiente y no me pod\u00edan dejar entrar.\u201d<\/p>\n\n\n\n<p>El incendio tambi\u00e9n provoc\u00f3 quemaduras a la t\u00eda de los menores, quien recibi\u00f3 atenci\u00f3n m\u00e9dica tras el siniestro. Una prima de 5 a\u00f1os permanece internada en un centro especializado en Santiago.<\/p>\n\n\n\n<p>Las autoridades contin\u00faan investigando las causas que originaron el incendio, el cual ha conmocionado profundamente a los residentes de esta localidad del sur del pa\u00eds.<\/p>\n\n\n<iframe loading=\"lazy\" src=\"https:\/\/www.facebook.com\/plugins\/video.php?href=https%3A%2F%2Fwww.facebook.com%2Freel%2F2868739016807468%2F&#038;show_text=0&#038;width=267\" width=\"267\" height=\"476\" style=\"border:none;overflow:hidden\" scrolling=\"no\" frameborder=\"0\" allowfullscreen=\"true\" allow=\"autoplay; clipboard-write; encrypted-media; picture-in-picture; web-share\" allowFullScreen=\"true\"><\/iframe>\n\n<iframe loading=\"lazy\" src=\"https:\/\/www.facebook.com\/plugins\/video.php?href=https%3A%2F%2Fwww.facebook.com%2Freel%2F1297983075449343%2F&#038;show_text=0&#038;width=267\" width=\"267\" height=\"476\" style=\"border:none;overflow:hidden\" scrolling=\"no\" frameborder=\"0\" allowfullscreen=\"true\" allow=\"autoplay; clipboard-write; encrypted-media; picture-in-picture; web-share\" allowFullScreen=\"true\"><\/iframe>\n\n<iframe loading=\"lazy\" src=\"https:\/\/www.facebook.com\/plugins\/video.php?href=https%3A%2F%2Fwww.facebook.com%2Freel%2F1335841655053623%2F&#038;show_text=0&#038;width=267\" width=\"267\" height=\"476\" style=\"border:none;overflow:hidden\" scrolling=\"no\" frameborder=\"0\" allowfullscreen=\"true\" allow=\"autoplay; clipboard-write; encrypted-media; picture-in-picture; web-share\" allowFullScreen=\"true\"><\/iframe>","protected":false},"excerpt":{"rendered":"<p>En seguimiento a la tragedia registrada en el sector La Bombita de Azua, la comunidad educativa y los vecinos acompa\u00f1aron este jueves el velatorio de Maiker Rodr\u00edguez, de 6 a\u00f1os, mientras se confirmaba simult\u00e1neamente el fallecimiento de su prima Irene Ram\u00edrez, de 7. El dolor se multiplic\u00f3 entre los presentes cuando, en pleno desarrollo de [&hellip;]<\/p>\n","protected":false},"author":1,"featured_media":15078,"comment_status":"open","ping_status":"open","sticky":false,"template":"","format":"standard","meta":{"footnotes":""},"categories":[1],"tags":[],"class_list":["post-15085","post","type-post","status-publish","format-standard","has-post-thumbnail","hentry","category-uncategorized"],"_links":{"self":[{"href":"https:\/\/rr.unv-informacion.xyz\/index.php?rest_route=\/wp\/v2\/posts\/15085","targetHints":{"allow":["GET"]}}],"collection":[{"href":"https:\/\/rr.unv-informacion.xyz\/index.php?rest_route=\/wp\/v2\/posts"}],"about":[{"href":"https:\/\/rr.unv-informacion.xyz\/index.php?rest_route=\/wp\/v2\/types\/post"}],"author":[{"embeddable":true,"href":"https:\/\/rr.unv-informacion.xyz\/index.php?rest_route=\/wp\/v2\/users\/1"}],"replies":[{"embeddable":true,"href":"https:\/\/rr.unv-informacion.xyz\/index.php?rest_route=%2Fwp%2Fv2%2Fcomments&post=15085"}],"version-history":[{"count":1,"href":"https:\/\/rr.unv-informacion.xyz\/index.php?rest_route=\/wp\/v2\/posts\/15085\/revisions"}],"predecessor-version":[{"id":15086,"href":"https:\/\/rr.unv-informacion.xyz\/index.php?rest_route=\/wp\/v2\/posts\/15085\/revisions\/15086"}],"wp:featuredmedia":[{"embeddable":true,"href":"https:\/\/rr.unv-informacion.xyz\/index.php?rest_route=\/wp\/v2\/media\/15078"}],"wp:attachment":[{"href":"https:\/\/rr.unv-informacion.xyz\/index.php?rest_route=%2Fwp%2Fv2%2Fmedia&parent=15085"}],"wp:term":[{"taxonomy":"category","embeddable":true,"href":"https:\/\/rr.unv-informacion.xyz\/index.php?rest_route=%2Fwp%2Fv2%2Fcategories&post=15085"},{"taxonomy":"post_tag","embeddable":true,"href":"https:\/\/rr.unv-informacion.xyz\/index.php?rest_route=%2Fwp%2Fv2%2Ftags&post=15085"}],"curies":[{"name":"wp","href":"https:\/\/api.w.org\/{rel}","templated":true}]}}