{"id":15103,"date":"2026-04-26T16:35:11","date_gmt":"2026-04-26T16:35:11","guid":{"rendered":"https:\/\/rr.unv-informacion.xyz\/?p=15103"},"modified":"2026-04-26T16:35:12","modified_gmt":"2026-04-26T16:35:12","slug":"embajadora-de-ee-uu-se-reune-con-doctor-fadul-por-autismo","status":"publish","type":"post","link":"https:\/\/rr.unv-informacion.xyz\/?p=15103","title":{"rendered":"Embajadora de EE. UU. se re\u00fane con doctor Fadul por autismo"},"content":{"rendered":"\n<p>La embajadora estadounidense sostuvo un encuentro con un m\u00e9dico dominicano para conocer detalles de tratamientos aplicados a pacientes con trastorno del espectro autista.<\/p>\n\n\n\n<p>La embajadora de Estados Unidos en Rep\u00fablica Dominicana, Leah Francis Campos, recibi\u00f3 este s\u00e1bado al doctor Jos\u00e9 Ernesto Fadul en las instalaciones diplom\u00e1ticas ubicadas en Santo Domingo.<\/p>\n\n\n\n<p>El especialista en medicina interna, radicado en Santiago, es conocido por aplicar tratamientos dirigidos a aliviar s\u00edntomas asociados al trastorno del espectro autista, lo que ha generado amplio inter\u00e9s.<\/p>\n\n\n\n<p>Fadul asisti\u00f3 acompa\u00f1ado del empresario y comunicador Santiago Mat\u00edas, as\u00ed como del abogado y empresario Eduardo Saint-Hilaire, quienes participaron en el encuentro sostenido con la representante diplom\u00e1tica.<\/p>\n\n\n\n<p>De acuerdo con la informaci\u00f3n disponible, la reuni\u00f3n tuvo como prop\u00f3sito principal que la embajadora conociera directamente la versi\u00f3n del m\u00e9dico sobre sus procedimientos cl\u00ednicos aplicados.<\/p>\n\n\n\n<p>Estos protocolos combinan suplementos nutricionales, incluyendo vitaminas, prote\u00ednas, amino\u00e1cidos y minerales, junto con un enfoque basado en la reducci\u00f3n de procesos inflamatorios en los pacientes.<\/p>\n\n\n\n<p>Las pr\u00e1cticas del galeno han despertado tanto testimonios de mejor\u00eda en ni\u00f1os diagnosticados con autismo como cuestionamientos y debates en distintos sectores relacionados con la salud.<\/p>\n\n\n\n<p>En d\u00edas recientes, el caso ha mantenido presencia constante en medios tras inspecciones realizadas por DIGEMAPS y el Ministerio de Salud P\u00fablica en su consultorio en Santiago.<\/p>\n\n\n\n<p>Las autoridades informaron la detecci\u00f3n de irregularidades vinculadas al manejo, la dispensaci\u00f3n y el control de los suplementos ofrecidos en dicho establecimiento m\u00e9dico.<\/p>\n\n\n\n<p>Como consecuencia de esta situaci\u00f3n, el propio m\u00e9dico comunic\u00f3 que deb\u00eda suspender la entrega gratuita de tratamientos que ofrec\u00eda a familias con miembros afectados por el trastorno.<\/p>\n\n\n\n<p>Numerosos padres han manifestado p\u00fablicamente su respaldo al especialista, indicando mejoras en el comportamiento y desarrollo de sus hijos tras recibir dichas terapias.<\/p>\n\n\n\n<p>El encuentro con la embajadora ha sido interpretado por diversos sectores como una se\u00f1al de atenci\u00f3n hacia una problem\u00e1tica que involucra a muchas familias dominicanas.<\/p>\n\n\n\n<p>Hasta el momento, ni la Embajada de Estados Unidos ni el doctor Jos\u00e9 Ernesto Fadul han ofrecido declaraciones oficiales sobre el contenido espec\u00edfico de la reuni\u00f3n.<\/p>\n\n\n\n<figure class=\"wp-block-image size-full\"><img loading=\"lazy\" decoding=\"async\" width=\"768\" height=\"684\" src=\"https:\/\/rr.unv-informacion.xyz\/wp-content\/uploads\/2026\/04\/reunion-768x684-1.webp\" alt=\"\" class=\"wp-image-15104\" srcset=\"https:\/\/rr.unv-informacion.xyz\/wp-content\/uploads\/2026\/04\/reunion-768x684-1.webp 768w, https:\/\/rr.unv-informacion.xyz\/wp-content\/uploads\/2026\/04\/reunion-768x684-1-300x267.webp 300w, https:\/\/rr.unv-informacion.xyz\/wp-content\/uploads\/2026\/04\/reunion-768x684-1-472x420.webp 472w, https:\/\/rr.unv-informacion.xyz\/wp-content\/uploads\/2026\/04\/reunion-768x684-1-640x570.webp 640w, https:\/\/rr.unv-informacion.xyz\/wp-content\/uploads\/2026\/04\/reunion-768x684-1-681x607.webp 681w\" sizes=\"auto, (max-width: 768px) 100vw, 768px\" \/><\/figure>\n","protected":false},"excerpt":{"rendered":"<p>La embajadora estadounidense sostuvo un encuentro con un m\u00e9dico dominicano para conocer detalles de tratamientos aplicados a pacientes con trastorno del espectro autista. La embajadora de Estados Unidos en Rep\u00fablica Dominicana, Leah Francis Campos, recibi\u00f3 este s\u00e1bado al doctor Jos\u00e9 Ernesto Fadul en las instalaciones diplom\u00e1ticas ubicadas en Santo Domingo. El especialista en medicina interna, [&hellip;]<\/p>\n","protected":false},"author":1,"featured_media":15104,"comment_status":"open","ping_status":"open","sticky":false,"template":"","format":"standard","meta":{"footnotes":""},"categories":[1],"tags":[],"class_list":["post-15103","post","type-post","status-publish","format-standard","has-post-thumbnail","hentry","category-uncategorized"],"_links":{"self":[{"href":"https:\/\/rr.unv-informacion.xyz\/index.php?rest_route=\/wp\/v2\/posts\/15103","targetHints":{"allow":["GET"]}}],"collection":[{"href":"https:\/\/rr.unv-informacion.xyz\/index.php?rest_route=\/wp\/v2\/posts"}],"about":[{"href":"https:\/\/rr.unv-informacion.xyz\/index.php?rest_route=\/wp\/v2\/types\/post"}],"author":[{"embeddable":true,"href":"https:\/\/rr.unv-informacion.xyz\/index.php?rest_route=\/wp\/v2\/users\/1"}],"replies":[{"embeddable":true,"href":"https:\/\/rr.unv-informacion.xyz\/index.php?rest_route=%2Fwp%2Fv2%2Fcomments&post=15103"}],"version-history":[{"count":1,"href":"https:\/\/rr.unv-informacion.xyz\/index.php?rest_route=\/wp\/v2\/posts\/15103\/revisions"}],"predecessor-version":[{"id":15105,"href":"https:\/\/rr.unv-informacion.xyz\/index.php?rest_route=\/wp\/v2\/posts\/15103\/revisions\/15105"}],"wp:featuredmedia":[{"embeddable":true,"href":"https:\/\/rr.unv-informacion.xyz\/index.php?rest_route=\/wp\/v2\/media\/15104"}],"wp:attachment":[{"href":"https:\/\/rr.unv-informacion.xyz\/index.php?rest_route=%2Fwp%2Fv2%2Fmedia&parent=15103"}],"wp:term":[{"taxonomy":"category","embeddable":true,"href":"https:\/\/rr.unv-informacion.xyz\/index.php?rest_route=%2Fwp%2Fv2%2Fcategories&post=15103"},{"taxonomy":"post_tag","embeddable":true,"href":"https:\/\/rr.unv-informacion.xyz\/index.php?rest_route=%2Fwp%2Fv2%2Ftags&post=15103"}],"curies":[{"name":"wp","href":"https:\/\/api.w.org\/{rel}","templated":true}]}}