{"id":15106,"date":"2026-04-26T16:39:58","date_gmt":"2026-04-26T16:39:58","guid":{"rendered":"https:\/\/rr.unv-informacion.xyz\/?p=15106"},"modified":"2026-04-26T16:39:59","modified_gmt":"2026-04-26T16:39:59","slug":"empresario-resulta-afectado-durante-incidente-en-hato-mayor","status":"publish","type":"post","link":"https:\/\/rr.unv-informacion.xyz\/?p=15106","title":{"rendered":"Empresario resulta afectado durante incidente en Hato Mayor"},"content":{"rendered":"\n<p>Un empresario del sector cacaotero result\u00f3 con heridas de gravedad tras un incidente registrado la tarde del s\u00e1bado en una empresa ubicada en una carretera local.<\/p>\n\n\n\n<p>El hecho ocurri\u00f3 en la empresa Nieves Agrocacao, situada en la carretera Hato Mayor\u2013San Francisco\u2013Vicentillo, donde se produjo la situaci\u00f3n que dej\u00f3 al empresario con lesiones significativas.<\/p>\n\n\n\n<p>El afectado fue identificado como Francisco Nieves, conocido como \u201cFranklin\u201d, de 50 a\u00f1os de edad, quien reside en el distrito municipal San Francisco-Vicentillo, en la provincia El Seibo.<\/p>\n\n\n\n<p>Seg\u00fan el diagn\u00f3stico m\u00e9dico ofrecido, Nieves presenta una posible luxaci\u00f3n en la articulaci\u00f3n del hombro derecho, adem\u00e1s de una herida de cartucho en la regi\u00f3n inguinoescrotal izquierda.<\/p>\n\n\n\n<p>Asimismo, los reportes m\u00e9dicos indican la existencia de posibles fracturas tanto en la pelvis como en la cabeza del f\u00e9mur, lo que agrava su condici\u00f3n de salud.<\/p>\n\n\n\n<p>El empresario se encuentra recibiendo atenciones m\u00e9dicas en el Hospital Dr. Leopoldo Mart\u00ednez de esta ciudad, donde fue trasladado tras el incidente ocurrido.<\/p>\n\n\n\n<p>Debido a la gravedad de las lesiones, se inform\u00f3 que ser\u00e1 referido a un centro de salud especializado en Santo Domingo para continuar con su tratamiento m\u00e9dico.<\/p>\n\n\n\n<p>De acuerdo con informaciones preliminares, el suceso se habr\u00eda originado cuando el personal de seguridad de la empresa se present\u00f3 en el lugar.<\/p>\n\n\n\n<p>Seg\u00fan los datos disponibles, el individuo acudi\u00f3 con la intenci\u00f3n de reclamar un dinero correspondiente a su liquidaci\u00f3n laboral, lo que deriv\u00f3 en el incidente.<\/p>\n\n\n\n<p>Las versiones iniciales se\u00f1alan que el seguridad se encontraba presuntamente bajo los efectos del alcohol al momento de presentarse en la empresa.<\/p>\n\n\n\n<p>El presunto responsable fue identificado como Santo Sim\u00f3n Mercedes, de 59 a\u00f1os de edad, quien habr\u00eda participado directamente en el hecho registrado.<\/p>\n\n\n\n<p>Tras lo ocurrido, hijos del empresario herido y empleados presentes lograron someter al individuo, asegur\u00e1ndolo con una soga antes de entregarlo a las autoridades.<\/p>\n\n\n\n<p>Junto al detenido, tambi\u00e9n fue entregada el arma de fuego tipo escopeta que habr\u00eda sido utilizada durante el incidente en las instalaciones de la empresa.<\/p>\n\n\n\n<p>Al lugar acudieron agentes de la Polic\u00eda Preventiva, miembros del Dicrim y unidades del Sistema Nacional de Atenci\u00f3n a Emergencias y Seguridad 911.<\/p>\n\n\n\n<p>Las autoridades presentes asumieron el control de la situaci\u00f3n y realizaron las acciones correspondientes para garantizar el orden en el lugar de los hechos.<\/p>\n\n\n\n<p>Finalmente, se inform\u00f3 que el caso se encuentra bajo investigaci\u00f3n para esclarecer completamente las circunstancias, mientras el detenido ser\u00e1 puesto a disposici\u00f3n de la justicia en las pr\u00f3ximas horas.<\/p>\n\n\n\n<figure class=\"wp-block-image size-full\"><img loading=\"lazy\" decoding=\"async\" width=\"1024\" height=\"768\" src=\"https:\/\/rr.unv-informacion.xyz\/wp-content\/uploads\/2026\/04\/Picsart_26-04-26_00-00-36-831-1024x768.jpg.webp\" alt=\"\" class=\"wp-image-15107\" srcset=\"https:\/\/rr.unv-informacion.xyz\/wp-content\/uploads\/2026\/04\/Picsart_26-04-26_00-00-36-831-1024x768.jpg.webp 1024w, https:\/\/rr.unv-informacion.xyz\/wp-content\/uploads\/2026\/04\/Picsart_26-04-26_00-00-36-831-1024x768.jpg-300x225.webp 300w, https:\/\/rr.unv-informacion.xyz\/wp-content\/uploads\/2026\/04\/Picsart_26-04-26_00-00-36-831-1024x768.jpg-768x576.webp 768w, https:\/\/rr.unv-informacion.xyz\/wp-content\/uploads\/2026\/04\/Picsart_26-04-26_00-00-36-831-1024x768.jpg-560x420.webp 560w, https:\/\/rr.unv-informacion.xyz\/wp-content\/uploads\/2026\/04\/Picsart_26-04-26_00-00-36-831-1024x768.jpg-80x60.webp 80w, https:\/\/rr.unv-informacion.xyz\/wp-content\/uploads\/2026\/04\/Picsart_26-04-26_00-00-36-831-1024x768.jpg-100x75.webp 100w, https:\/\/rr.unv-informacion.xyz\/wp-content\/uploads\/2026\/04\/Picsart_26-04-26_00-00-36-831-1024x768.jpg-180x135.webp 180w, https:\/\/rr.unv-informacion.xyz\/wp-content\/uploads\/2026\/04\/Picsart_26-04-26_00-00-36-831-1024x768.jpg-238x178.webp 238w, https:\/\/rr.unv-informacion.xyz\/wp-content\/uploads\/2026\/04\/Picsart_26-04-26_00-00-36-831-1024x768.jpg-640x480.webp 640w, https:\/\/rr.unv-informacion.xyz\/wp-content\/uploads\/2026\/04\/Picsart_26-04-26_00-00-36-831-1024x768.jpg-681x511.webp 681w\" sizes=\"auto, (max-width: 1024px) 100vw, 1024px\" \/><\/figure>\n","protected":false},"excerpt":{"rendered":"<p>Un empresario del sector cacaotero result\u00f3 con heridas de gravedad tras un incidente registrado la tarde del s\u00e1bado en una empresa ubicada en una carretera local. El hecho ocurri\u00f3 en la empresa Nieves Agrocacao, situada en la carretera Hato Mayor\u2013San Francisco\u2013Vicentillo, donde se produjo la situaci\u00f3n que dej\u00f3 al empresario con lesiones significativas. El afectado [&hellip;]<\/p>\n","protected":false},"author":1,"featured_media":15107,"comment_status":"open","ping_status":"open","sticky":false,"template":"","format":"standard","meta":{"footnotes":""},"categories":[1],"tags":[],"class_list":["post-15106","post","type-post","status-publish","format-standard","has-post-thumbnail","hentry","category-uncategorized"],"_links":{"self":[{"href":"https:\/\/rr.unv-informacion.xyz\/index.php?rest_route=\/wp\/v2\/posts\/15106","targetHints":{"allow":["GET"]}}],"collection":[{"href":"https:\/\/rr.unv-informacion.xyz\/index.php?rest_route=\/wp\/v2\/posts"}],"about":[{"href":"https:\/\/rr.unv-informacion.xyz\/index.php?rest_route=\/wp\/v2\/types\/post"}],"author":[{"embeddable":true,"href":"https:\/\/rr.unv-informacion.xyz\/index.php?rest_route=\/wp\/v2\/users\/1"}],"replies":[{"embeddable":true,"href":"https:\/\/rr.unv-informacion.xyz\/index.php?rest_route=%2Fwp%2Fv2%2Fcomments&post=15106"}],"version-history":[{"count":1,"href":"https:\/\/rr.unv-informacion.xyz\/index.php?rest_route=\/wp\/v2\/posts\/15106\/revisions"}],"predecessor-version":[{"id":15108,"href":"https:\/\/rr.unv-informacion.xyz\/index.php?rest_route=\/wp\/v2\/posts\/15106\/revisions\/15108"}],"wp:featuredmedia":[{"embeddable":true,"href":"https:\/\/rr.unv-informacion.xyz\/index.php?rest_route=\/wp\/v2\/media\/15107"}],"wp:attachment":[{"href":"https:\/\/rr.unv-informacion.xyz\/index.php?rest_route=%2Fwp%2Fv2%2Fmedia&parent=15106"}],"wp:term":[{"taxonomy":"category","embeddable":true,"href":"https:\/\/rr.unv-informacion.xyz\/index.php?rest_route=%2Fwp%2Fv2%2Fcategories&post=15106"},{"taxonomy":"post_tag","embeddable":true,"href":"https:\/\/rr.unv-informacion.xyz\/index.php?rest_route=%2Fwp%2Fv2%2Ftags&post=15106"}],"curies":[{"name":"wp","href":"https:\/\/api.w.org\/{rel}","templated":true}]}}