{"id":15116,"date":"2026-04-27T16:16:15","date_gmt":"2026-04-27T16:16:15","guid":{"rendered":"https:\/\/rr.unv-informacion.xyz\/?p=15116"},"modified":"2026-04-27T16:16:15","modified_gmt":"2026-04-27T16:16:15","slug":"fallece-periodista-ana-karina-matos-en-santo-domingo","status":"publish","type":"post","link":"https:\/\/rr.unv-informacion.xyz\/?p=15116","title":{"rendered":"Fallece periodista Ana Karina Matos en Santo Domingo"},"content":{"rendered":"\n<p>La comunidad period\u00edstica nacional lamenta el fallecimiento de Ana Karina Matos en el centro m\u00e9dico CGE Gastrodiagn\u00f3stico durante su embarazo, en la capital dominicana.<\/p>\n\n\n\n<p>El fallecimiento fue confirmado, generando profundo dolor en la comunidad period\u00edstica nacional.<\/p>\n\n\n\n<p>Debido a que nuestra fuente informativa indica que su deceso ocurri\u00f3 en dicho centro m\u00e9dico, se podr\u00eda sospechar que el fatal desenlace pudo haber estado relacionado con una complicaci\u00f3n de salud, aunque no han confirmado esta suposici\u00f3n, es decir, solo establecen que falleci\u00f3 en dicho centro.<\/p>\n\n\n\n<p>Las informaciones indican que la comunicadora estaba embarazada al momento de su deceso, tambi\u00e9n report\u00e1ndose posteriormente la p\u00e9rdida del beb\u00e9, causando consternaci\u00f3n entre familiares, amigos y colegas del pa\u00eds.<\/p>\n\n\n\n<p>En el \u00e1mbito de la comunicaci\u00f3n era altamente valorada por su desempe\u00f1o profesional y su calidad humana destacando su integridad, responsabilidad y \u00e9tica period\u00edstica en el sector.<\/p>\n\n\n\n<p>Compa\u00f1eros de estudios y trabajo la recuerdan como una persona de trato afable, colaboradora, alegre y siempre dispuesta al trabajo en equipo y servicio en \u00e1mbito laboral.<\/p>\n\n\n\n<p>Hab\u00eda construido una trayectoria prometedora en comunicaci\u00f3n social, sobresaliendo por dedicaci\u00f3n, sensibilidad en temas tratados y dejando un vac\u00edo en el gremio period\u00edstico en el periodismo nacional.<\/p>\n\n\n\n<p>Distintas voces del sector expresaron solidaridad con sus familiares, elevando oraciones por su descanso eterno y resaltando el legado dejado a nuevas generaciones de su memoria profesional.<\/p>\n\n\n\n<p>El hecho ha provocado amplio impacto en el periodismo dominicano, reforzando el sentimiento de p\u00e9rdida por su partida y el reconocimiento a su legado profesional y humano general.<\/p>\n","protected":false},"excerpt":{"rendered":"<p>La comunidad period\u00edstica nacional lamenta el fallecimiento de Ana Karina Matos en el centro m\u00e9dico CGE Gastrodiagn\u00f3stico durante su embarazo, en la capital dominicana. El fallecimiento fue confirmado, generando profundo dolor en la comunidad period\u00edstica nacional. Debido a que nuestra fuente informativa indica que su deceso ocurri\u00f3 en dicho centro m\u00e9dico, se podr\u00eda sospechar que [&hellip;]<\/p>\n","protected":false},"author":1,"featured_media":15117,"comment_status":"open","ping_status":"open","sticky":false,"template":"","format":"standard","meta":{"footnotes":""},"categories":[1],"tags":[],"class_list":["post-15116","post","type-post","status-publish","format-standard","has-post-thumbnail","hentry","category-uncategorized"],"_links":{"self":[{"href":"https:\/\/rr.unv-informacion.xyz\/index.php?rest_route=\/wp\/v2\/posts\/15116","targetHints":{"allow":["GET"]}}],"collection":[{"href":"https:\/\/rr.unv-informacion.xyz\/index.php?rest_route=\/wp\/v2\/posts"}],"about":[{"href":"https:\/\/rr.unv-informacion.xyz\/index.php?rest_route=\/wp\/v2\/types\/post"}],"author":[{"embeddable":true,"href":"https:\/\/rr.unv-informacion.xyz\/index.php?rest_route=\/wp\/v2\/users\/1"}],"replies":[{"embeddable":true,"href":"https:\/\/rr.unv-informacion.xyz\/index.php?rest_route=%2Fwp%2Fv2%2Fcomments&post=15116"}],"version-history":[{"count":1,"href":"https:\/\/rr.unv-informacion.xyz\/index.php?rest_route=\/wp\/v2\/posts\/15116\/revisions"}],"predecessor-version":[{"id":15118,"href":"https:\/\/rr.unv-informacion.xyz\/index.php?rest_route=\/wp\/v2\/posts\/15116\/revisions\/15118"}],"wp:featuredmedia":[{"embeddable":true,"href":"https:\/\/rr.unv-informacion.xyz\/index.php?rest_route=\/wp\/v2\/media\/15117"}],"wp:attachment":[{"href":"https:\/\/rr.unv-informacion.xyz\/index.php?rest_route=%2Fwp%2Fv2%2Fmedia&parent=15116"}],"wp:term":[{"taxonomy":"category","embeddable":true,"href":"https:\/\/rr.unv-informacion.xyz\/index.php?rest_route=%2Fwp%2Fv2%2Fcategories&post=15116"},{"taxonomy":"post_tag","embeddable":true,"href":"https:\/\/rr.unv-informacion.xyz\/index.php?rest_route=%2Fwp%2Fv2%2Ftags&post=15116"}],"curies":[{"name":"wp","href":"https:\/\/api.w.org\/{rel}","templated":true}]}}