{"id":15119,"date":"2026-04-27T16:20:13","date_gmt":"2026-04-27T16:20:13","guid":{"rendered":"https:\/\/rr.unv-informacion.xyz\/?p=15119"},"modified":"2026-04-27T16:20:13","modified_gmt":"2026-04-27T16:20:13","slug":"lamentable-suceso-en-dajabon-deja-escena-devastadora","status":"publish","type":"post","link":"https:\/\/rr.unv-informacion.xyz\/?p=15119","title":{"rendered":"Lamentable suceso en Dajab\u00f3n deja escena devastadora"},"content":{"rendered":"\n<p>Una madre y su hijo perdieron la vida de forma inmediata tras un accidente de tr\u00e1nsito ocurrido en un tramo carretero con condiciones cuestionadas por residentes.<\/p>\n\n\n\n<p>Una tragedia vial se registr\u00f3 en la provincia de Dajab\u00f3n, donde una mujer y su hijo fallecieron de manera instant\u00e1nea luego de un accidente.<\/p>\n\n\n\n<p>La v\u00edctima fue identificada como Estefan\u00eda Fern\u00e1ndez, quien, seg\u00fan se inform\u00f3, era gemela id\u00e9ntica, un detalle que ha incrementado el impacto emocional del suceso.<\/p>\n\n\n\n<p>En el mismo hecho tambi\u00e9n muri\u00f3 su hijo, lo que ha generado una profunda consternaci\u00f3n entre familiares cercanos y miembros de la comunidad.<\/p>\n\n\n\n<p>El accidente tuvo lugar en el tramo conocido como Los Miches, espec\u00edficamente en las proximidades de un puesto de chequeo ubicado en esa zona.<\/p>\n\n\n\n<p>De acuerdo con la informaci\u00f3n disponible hasta el momento, un veh\u00edculo estuvo involucrado en el incidente, aunque no se han precisado las circunstancias exactas.<\/p>\n\n\n\n<p>Hasta ahora, las autoridades no han ofrecido detalles adicionales que expliquen c\u00f3mo ocurri\u00f3 el accidente ni las posibles causas que lo provocaron.<\/p>\n\n\n\n<p>Habitantes de la zona han manifestado su preocupaci\u00f3n ante lo sucedido y han solicitado la intervenci\u00f3n urgente de las autoridades competentes en ese tramo.<\/p>\n\n\n\n<p>Los residentes denuncian que la v\u00eda presenta serias deficiencias, entre ellas la falta de iluminaci\u00f3n adecuada y el deterioro visible del pavimento.<\/p>\n\n\n\n<p>Asimismo, destacan la presencia de numerosos hoyos en la carretera que conecta Dajab\u00f3n con Loma de Cabrera, lo que incrementa los riesgos.<\/p>\n\n\n\n<p>Seg\u00fan los comunitarios, estas condiciones representan un peligro constante para las personas que transitan diariamente por ese importante corredor vial.<\/p>\n\n\n\n<figure class=\"wp-block-image size-large\"><img loading=\"lazy\" decoding=\"async\" width=\"662\" height=\"1024\" src=\"https:\/\/rr.unv-informacion.xyz\/wp-content\/uploads\/2026\/04\/682554881_10242077749950406_5119131164961530091_n-662x1024.jpg\" alt=\"\" class=\"wp-image-15120\" srcset=\"https:\/\/rr.unv-informacion.xyz\/wp-content\/uploads\/2026\/04\/682554881_10242077749950406_5119131164961530091_n-662x1024.jpg 662w, https:\/\/rr.unv-informacion.xyz\/wp-content\/uploads\/2026\/04\/682554881_10242077749950406_5119131164961530091_n-194x300.jpg 194w, https:\/\/rr.unv-informacion.xyz\/wp-content\/uploads\/2026\/04\/682554881_10242077749950406_5119131164961530091_n-768x1188.jpg 768w, https:\/\/rr.unv-informacion.xyz\/wp-content\/uploads\/2026\/04\/682554881_10242077749950406_5119131164961530091_n.jpg 1034w\" sizes=\"auto, (max-width: 662px) 100vw, 662px\" \/><\/figure>\n\n\n\n<figure class=\"wp-block-image size-full\"><img loading=\"lazy\" decoding=\"async\" width=\"358\" height=\"640\" src=\"https:\/\/rr.unv-informacion.xyz\/wp-content\/uploads\/2026\/04\/44.jpg\" alt=\"\" class=\"wp-image-15121\" srcset=\"https:\/\/rr.unv-informacion.xyz\/wp-content\/uploads\/2026\/04\/44.jpg 358w, https:\/\/rr.unv-informacion.xyz\/wp-content\/uploads\/2026\/04\/44-168x300.jpg 168w, https:\/\/rr.unv-informacion.xyz\/wp-content\/uploads\/2026\/04\/44-235x420.jpg 235w\" sizes=\"auto, (max-width: 358px) 100vw, 358px\" \/><\/figure>\n\n\n\n<figure class=\"wp-block-image size-large\"><img loading=\"lazy\" decoding=\"async\" width=\"768\" height=\"1024\" src=\"https:\/\/rr.unv-informacion.xyz\/wp-content\/uploads\/2026\/04\/680831020_1443889787752231_1182043833813095887_n-768x1024.jpg\" alt=\"\" class=\"wp-image-15122\" srcset=\"https:\/\/rr.unv-informacion.xyz\/wp-content\/uploads\/2026\/04\/680831020_1443889787752231_1182043833813095887_n-768x1024.jpg 768w, https:\/\/rr.unv-informacion.xyz\/wp-content\/uploads\/2026\/04\/680831020_1443889787752231_1182043833813095887_n-225x300.jpg 225w, https:\/\/rr.unv-informacion.xyz\/wp-content\/uploads\/2026\/04\/680831020_1443889787752231_1182043833813095887_n.jpg 1530w\" sizes=\"auto, (max-width: 768px) 100vw, 768px\" \/><\/figure>\n","protected":false},"excerpt":{"rendered":"<p>Una madre y su hijo perdieron la vida de forma inmediata tras un accidente de tr\u00e1nsito ocurrido en un tramo carretero con condiciones cuestionadas por residentes. Una tragedia vial se registr\u00f3 en la provincia de Dajab\u00f3n, donde una mujer y su hijo fallecieron de manera instant\u00e1nea luego de un accidente. La v\u00edctima fue identificada como [&hellip;]<\/p>\n","protected":false},"author":1,"featured_media":15122,"comment_status":"open","ping_status":"open","sticky":false,"template":"","format":"standard","meta":{"footnotes":""},"categories":[1],"tags":[],"class_list":["post-15119","post","type-post","status-publish","format-standard","has-post-thumbnail","hentry","category-uncategorized"],"_links":{"self":[{"href":"https:\/\/rr.unv-informacion.xyz\/index.php?rest_route=\/wp\/v2\/posts\/15119","targetHints":{"allow":["GET"]}}],"collection":[{"href":"https:\/\/rr.unv-informacion.xyz\/index.php?rest_route=\/wp\/v2\/posts"}],"about":[{"href":"https:\/\/rr.unv-informacion.xyz\/index.php?rest_route=\/wp\/v2\/types\/post"}],"author":[{"embeddable":true,"href":"https:\/\/rr.unv-informacion.xyz\/index.php?rest_route=\/wp\/v2\/users\/1"}],"replies":[{"embeddable":true,"href":"https:\/\/rr.unv-informacion.xyz\/index.php?rest_route=%2Fwp%2Fv2%2Fcomments&post=15119"}],"version-history":[{"count":1,"href":"https:\/\/rr.unv-informacion.xyz\/index.php?rest_route=\/wp\/v2\/posts\/15119\/revisions"}],"predecessor-version":[{"id":15123,"href":"https:\/\/rr.unv-informacion.xyz\/index.php?rest_route=\/wp\/v2\/posts\/15119\/revisions\/15123"}],"wp:featuredmedia":[{"embeddable":true,"href":"https:\/\/rr.unv-informacion.xyz\/index.php?rest_route=\/wp\/v2\/media\/15122"}],"wp:attachment":[{"href":"https:\/\/rr.unv-informacion.xyz\/index.php?rest_route=%2Fwp%2Fv2%2Fmedia&parent=15119"}],"wp:term":[{"taxonomy":"category","embeddable":true,"href":"https:\/\/rr.unv-informacion.xyz\/index.php?rest_route=%2Fwp%2Fv2%2Fcategories&post=15119"},{"taxonomy":"post_tag","embeddable":true,"href":"https:\/\/rr.unv-informacion.xyz\/index.php?rest_route=%2Fwp%2Fv2%2Ftags&post=15119"}],"curies":[{"name":"wp","href":"https:\/\/api.w.org\/{rel}","templated":true}]}}