{"id":15128,"date":"2026-04-28T15:38:20","date_gmt":"2026-04-28T15:38:20","guid":{"rendered":"https:\/\/rr.unv-informacion.xyz\/?p=15128"},"modified":"2026-04-28T15:38:21","modified_gmt":"2026-04-28T15:38:21","slug":"la-condena-que-recibio-un-hombre-por-incidente-contra-su-padre","status":"publish","type":"post","link":"https:\/\/rr.unv-informacion.xyz\/?p=15128","title":{"rendered":"La condena que recibi\u00f3 un hombre por incidente contra su padre"},"content":{"rendered":"\n<p>Un tribunal dict\u00f3 condena de 30 a\u00f1os de prisi\u00f3n contra un hombre tras admitir responsabilidad en la muerte de su padre ocurrida en Salcedo.<\/p>\n\n\n\n<p>El Juzgado de la Instrucci\u00f3n de Hermanas Mirabal emiti\u00f3 la sentencia contra Erison Antonio Hidalgo Almonte por un hecho ocurrido en la comunidad Palmar del municipio Salcedo.<\/p>\n\n\n\n<p>La decisi\u00f3n fue adoptada mediante un procedimiento penal abreviado, luego de que el imputado reconociera su participaci\u00f3n en los hechos investigados por las autoridades competentes.<\/p>\n\n\n\n<p>La jueza Yudelka de Le\u00f3n estableci\u00f3 que el condenado deber\u00e1 cumplir 20 a\u00f1os de reclusi\u00f3n en el Centro de Privaci\u00f3n de Libertad Juana N\u00fa\u00f1ez.<\/p>\n\n\n\n<p>Asimismo, el fallo dispone que los 10 a\u00f1os restantes de la condena se apliquen bajo una modalidad suspensiva, conforme a lo establecido en la normativa vigente.<\/p>\n\n\n\n<p>El tribunal tambi\u00e9n orden\u00f3 el pago de una indemnizaci\u00f3n ascendente a 500,000 pesos a favor de la parte querellante, como compensaci\u00f3n por los da\u00f1os ocasionados.<\/p>\n\n\n\n<p>Seg\u00fan consta en el expediente judicial, el hecho ocurri\u00f3 el 21 de mayo de 2025 alrededor de las 3:00 de la tarde.<\/p>\n\n\n\n<p>En ese momento, el imputado agredi\u00f3 a su padre utilizando un palo mientras la v\u00edctima se encontraba durmiendo, provoc\u00e1ndole la muerte como consecuencia de la agresi\u00f3n.<\/p>\n\n\n\n<p>Posteriormente, el procesado sustrajo dinero perteneciente a la v\u00edctima y tom\u00f3 la llave de un veh\u00edculo propiedad de una hermana.<\/p>\n\n\n\n<p>Con dicho veh\u00edculo, abandon\u00f3 el lugar tras romper el candado de la marquesina, seg\u00fan los detalles incluidos en la investigaci\u00f3n oficial.<\/p>\n\n\n\n<p>Durante el proceso, el Ministerio P\u00fablico estuvo representado por el fiscal Jos\u00e9 Orlando Liriano, quien present\u00f3 las pruebas que respaldaron la acusaci\u00f3n.<\/p>\n\n\n\n<p>El tribunal concluy\u00f3 que las acciones del imputado constituyen violaciones al C\u00f3digo Penal Dominicano, lo que fundament\u00f3 la condena impuesta en este caso.<\/p>\n\n\n\n<figure class=\"wp-block-image size-full\"><img loading=\"lazy\" decoding=\"async\" width=\"354\" height=\"469\" src=\"https:\/\/rr.unv-informacion.xyz\/wp-content\/uploads\/2026\/04\/500314517_1384059686161190_4489439537105402224_n.jpg\" alt=\"\" class=\"wp-image-15129\" srcset=\"https:\/\/rr.unv-informacion.xyz\/wp-content\/uploads\/2026\/04\/500314517_1384059686161190_4489439537105402224_n.jpg 354w, https:\/\/rr.unv-informacion.xyz\/wp-content\/uploads\/2026\/04\/500314517_1384059686161190_4489439537105402224_n-226x300.jpg 226w, https:\/\/rr.unv-informacion.xyz\/wp-content\/uploads\/2026\/04\/500314517_1384059686161190_4489439537105402224_n-317x420.jpg 317w\" sizes=\"auto, (max-width: 354px) 100vw, 354px\" \/><\/figure>\n\n\n\n<figure class=\"wp-block-image size-full\"><img loading=\"lazy\" decoding=\"async\" width=\"1000\" height=\"500\" src=\"https:\/\/rr.unv-informacion.xyz\/wp-content\/uploads\/2026\/04\/499863099_1558052458448643_1750527046508617740_n.jpg\" alt=\"\" class=\"wp-image-15130\" srcset=\"https:\/\/rr.unv-informacion.xyz\/wp-content\/uploads\/2026\/04\/499863099_1558052458448643_1750527046508617740_n.jpg 1000w, https:\/\/rr.unv-informacion.xyz\/wp-content\/uploads\/2026\/04\/499863099_1558052458448643_1750527046508617740_n-300x150.jpg 300w, https:\/\/rr.unv-informacion.xyz\/wp-content\/uploads\/2026\/04\/499863099_1558052458448643_1750527046508617740_n-768x384.jpg 768w, https:\/\/rr.unv-informacion.xyz\/wp-content\/uploads\/2026\/04\/499863099_1558052458448643_1750527046508617740_n-840x420.jpg 840w, https:\/\/rr.unv-informacion.xyz\/wp-content\/uploads\/2026\/04\/499863099_1558052458448643_1750527046508617740_n-640x320.jpg 640w, https:\/\/rr.unv-informacion.xyz\/wp-content\/uploads\/2026\/04\/499863099_1558052458448643_1750527046508617740_n-681x341.jpg 681w\" sizes=\"auto, (max-width: 1000px) 100vw, 1000px\" \/><\/figure>\n","protected":false},"excerpt":{"rendered":"<p>Un tribunal dict\u00f3 condena de 30 a\u00f1os de prisi\u00f3n contra un hombre tras admitir responsabilidad en la muerte de su padre ocurrida en Salcedo. El Juzgado de la Instrucci\u00f3n de Hermanas Mirabal emiti\u00f3 la sentencia contra Erison Antonio Hidalgo Almonte por un hecho ocurrido en la comunidad Palmar del municipio Salcedo. La decisi\u00f3n fue adoptada [&hellip;]<\/p>\n","protected":false},"author":1,"featured_media":15130,"comment_status":"open","ping_status":"open","sticky":false,"template":"","format":"standard","meta":{"footnotes":""},"categories":[1],"tags":[],"class_list":["post-15128","post","type-post","status-publish","format-standard","has-post-thumbnail","hentry","category-uncategorized"],"_links":{"self":[{"href":"https:\/\/rr.unv-informacion.xyz\/index.php?rest_route=\/wp\/v2\/posts\/15128","targetHints":{"allow":["GET"]}}],"collection":[{"href":"https:\/\/rr.unv-informacion.xyz\/index.php?rest_route=\/wp\/v2\/posts"}],"about":[{"href":"https:\/\/rr.unv-informacion.xyz\/index.php?rest_route=\/wp\/v2\/types\/post"}],"author":[{"embeddable":true,"href":"https:\/\/rr.unv-informacion.xyz\/index.php?rest_route=\/wp\/v2\/users\/1"}],"replies":[{"embeddable":true,"href":"https:\/\/rr.unv-informacion.xyz\/index.php?rest_route=%2Fwp%2Fv2%2Fcomments&post=15128"}],"version-history":[{"count":1,"href":"https:\/\/rr.unv-informacion.xyz\/index.php?rest_route=\/wp\/v2\/posts\/15128\/revisions"}],"predecessor-version":[{"id":15131,"href":"https:\/\/rr.unv-informacion.xyz\/index.php?rest_route=\/wp\/v2\/posts\/15128\/revisions\/15131"}],"wp:featuredmedia":[{"embeddable":true,"href":"https:\/\/rr.unv-informacion.xyz\/index.php?rest_route=\/wp\/v2\/media\/15130"}],"wp:attachment":[{"href":"https:\/\/rr.unv-informacion.xyz\/index.php?rest_route=%2Fwp%2Fv2%2Fmedia&parent=15128"}],"wp:term":[{"taxonomy":"category","embeddable":true,"href":"https:\/\/rr.unv-informacion.xyz\/index.php?rest_route=%2Fwp%2Fv2%2Fcategories&post=15128"},{"taxonomy":"post_tag","embeddable":true,"href":"https:\/\/rr.unv-informacion.xyz\/index.php?rest_route=%2Fwp%2Fv2%2Ftags&post=15128"}],"curies":[{"name":"wp","href":"https:\/\/api.w.org\/{rel}","templated":true}]}}