{"id":15132,"date":"2026-04-28T15:42:18","date_gmt":"2026-04-28T15:42:18","guid":{"rendered":"https:\/\/rr.unv-informacion.xyz\/?p=15132"},"modified":"2026-04-28T15:42:18","modified_gmt":"2026-04-28T15:42:18","slug":"madre-impulsa-apoyo-para-leslie-tras-dificil-situacion","status":"publish","type":"post","link":"https:\/\/rr.unv-informacion.xyz\/?p=15132","title":{"rendered":"Madre impulsa apoyo para Leslie tras dif\u00edcil situaci\u00f3n"},"content":{"rendered":"\n<p>Una madre expone la situaci\u00f3n m\u00e9dica de su hija Leslie con glucogenosis tipo 3 y solicita apoyo solidario mediante campa\u00f1a digital internacional.<\/p>\n\n\n\n<p>La ni\u00f1a Leslie padece glucogenosis tipo 3, un trastorno metab\u00f3lico que altera el almacenamiento y uso de la glucosa en el organismo, afectando \u00f3rganos vitales en edades tempranas.<\/p>\n\n\n\n<p>El diagn\u00f3stico se realiz\u00f3 cuando la menor ten\u00eda tres a\u00f1os, tras episodios convulsivos, retraso del crecimiento y dolores \u00f3seos vinculados a la enfermedad, adem\u00e1s de hepatomegalia agrandamiento h\u00edgado.<\/p>\n\n\n\n<p>La madre inform\u00f3 que la condici\u00f3n se ha complicado recientemente con ascitis, acumulaci\u00f3n de l\u00edquido abdominal que agrava el estado general y refleja complicaciones hep\u00e1ticas avanzadas.<\/p>\n\n\n\n<p>Se indic\u00f3 que este cuadro est\u00e1 asociado a un proceso de cirrosis hep\u00e1tica, lo que incrementa los riesgos y reduce significativamente la calidad de vida de la menor.<\/p>\n\n\n\n<p>Tambi\u00e9n se reportan s\u00edntomas de fatiga constante, asociados al impacto de la enfermedad en el sistema cardiovascular de la paciente.<\/p>\n\n\n\n<p>La madre afirma que la \u00fanica alternativa es un trasplante de h\u00edgado, procedimiento costoso en el pa\u00eds debido a limitaciones del sistema de salud y altos gastos.<\/p>\n\n\n\n<p>Se inici\u00f3 una campa\u00f1a en GoFundMe que detalla el caso cl\u00ednico de Leslie y contempla gastos de evaluaciones especializadas y la futura intervenci\u00f3n quir\u00fargica necesaria.<\/p>\n\n\n\n<p>La madre pidi\u00f3 apoyo solidario e invit\u00f3 a compartir el enlace de la campa\u00f1a para ampliar su alcance y lograr mayor visibilidad del caso.<\/p>\n\n\n\n<p>Para poder obtener m\u00e1s informaci\u00f3n les invitamos a buscar en Facebook con palabras relacionadas al caso de esta peque\u00f1ita.<\/p>\n\n\n\n<p>Tambi\u00e9n, se se\u00f1al\u00f3 se\u00f1al\u00f3 que la menor se mantiene estable por ahora, aunque su condici\u00f3n puede empeorar progresivamente, lo que aumenta la urgencia de reunir recursos r\u00e1pidamente.<\/p>\n\n\n\n<p>La historia ha generado empat\u00eda en redes sociales bajo el lema Todos somos Leslie, buscando visibilizar la situaci\u00f3n de familias con enfermedades complejas y limitaciones econ\u00f3micas.<\/p>\n\n\n\n<figure class=\"wp-block-image size-large\"><img loading=\"lazy\" decoding=\"async\" width=\"768\" height=\"1024\" src=\"https:\/\/rr.unv-informacion.xyz\/wp-content\/uploads\/2026\/04\/Siempre-la-mas-nunca-la-menos-y-jamas-mas-o-menos_F0_9F_92_8B_F0_9F_98_8D-768x1024.jpg\" alt=\"\" class=\"wp-image-15133\" srcset=\"https:\/\/rr.unv-informacion.xyz\/wp-content\/uploads\/2026\/04\/Siempre-la-mas-nunca-la-menos-y-jamas-mas-o-menos_F0_9F_92_8B_F0_9F_98_8D-768x1024.jpg 768w, https:\/\/rr.unv-informacion.xyz\/wp-content\/uploads\/2026\/04\/Siempre-la-mas-nunca-la-menos-y-jamas-mas-o-menos_F0_9F_92_8B_F0_9F_98_8D-225x300.jpg 225w, https:\/\/rr.unv-informacion.xyz\/wp-content\/uploads\/2026\/04\/Siempre-la-mas-nunca-la-menos-y-jamas-mas-o-menos_F0_9F_92_8B_F0_9F_98_8D.jpg 1080w\" sizes=\"auto, (max-width: 768px) 100vw, 768px\" \/><\/figure>\n\n\n\n<p><a href=\"https:\/\/27veintisieterenny.blogspot.com\/2026\/04\/leslie.html\">IMAGEN FUERTE<\/a><\/p>\n","protected":false},"excerpt":{"rendered":"<p>Una madre expone la situaci\u00f3n m\u00e9dica de su hija Leslie con glucogenosis tipo 3 y solicita apoyo solidario mediante campa\u00f1a digital internacional. La ni\u00f1a Leslie padece glucogenosis tipo 3, un trastorno metab\u00f3lico que altera el almacenamiento y uso de la glucosa en el organismo, afectando \u00f3rganos vitales en edades tempranas. El diagn\u00f3stico se realiz\u00f3 cuando [&hellip;]<\/p>\n","protected":false},"author":1,"featured_media":15133,"comment_status":"open","ping_status":"open","sticky":false,"template":"","format":"standard","meta":{"footnotes":""},"categories":[1],"tags":[],"class_list":["post-15132","post","type-post","status-publish","format-standard","has-post-thumbnail","hentry","category-uncategorized"],"_links":{"self":[{"href":"https:\/\/rr.unv-informacion.xyz\/index.php?rest_route=\/wp\/v2\/posts\/15132","targetHints":{"allow":["GET"]}}],"collection":[{"href":"https:\/\/rr.unv-informacion.xyz\/index.php?rest_route=\/wp\/v2\/posts"}],"about":[{"href":"https:\/\/rr.unv-informacion.xyz\/index.php?rest_route=\/wp\/v2\/types\/post"}],"author":[{"embeddable":true,"href":"https:\/\/rr.unv-informacion.xyz\/index.php?rest_route=\/wp\/v2\/users\/1"}],"replies":[{"embeddable":true,"href":"https:\/\/rr.unv-informacion.xyz\/index.php?rest_route=%2Fwp%2Fv2%2Fcomments&post=15132"}],"version-history":[{"count":1,"href":"https:\/\/rr.unv-informacion.xyz\/index.php?rest_route=\/wp\/v2\/posts\/15132\/revisions"}],"predecessor-version":[{"id":15134,"href":"https:\/\/rr.unv-informacion.xyz\/index.php?rest_route=\/wp\/v2\/posts\/15132\/revisions\/15134"}],"wp:featuredmedia":[{"embeddable":true,"href":"https:\/\/rr.unv-informacion.xyz\/index.php?rest_route=\/wp\/v2\/media\/15133"}],"wp:attachment":[{"href":"https:\/\/rr.unv-informacion.xyz\/index.php?rest_route=%2Fwp%2Fv2%2Fmedia&parent=15132"}],"wp:term":[{"taxonomy":"category","embeddable":true,"href":"https:\/\/rr.unv-informacion.xyz\/index.php?rest_route=%2Fwp%2Fv2%2Fcategories&post=15132"},{"taxonomy":"post_tag","embeddable":true,"href":"https:\/\/rr.unv-informacion.xyz\/index.php?rest_route=%2Fwp%2Fv2%2Ftags&post=15132"}],"curies":[{"name":"wp","href":"https:\/\/api.w.org\/{rel}","templated":true}]}}