{"id":15135,"date":"2026-04-28T15:47:04","date_gmt":"2026-04-28T15:47:04","guid":{"rendered":"https:\/\/rr.unv-informacion.xyz\/?p=15135"},"modified":"2026-04-28T15:47:04","modified_gmt":"2026-04-28T15:47:04","slug":"velan-madre-e-hijo-tras-lamentable-caso-en-dajabon","status":"publish","type":"post","link":"https:\/\/rr.unv-informacion.xyz\/?p=15135","title":{"rendered":"Velan madre e hijo tras lamentable caso en Dajab\u00f3n"},"content":{"rendered":"\n<p>Un choque en la v\u00eda Los Miches\u2013Dajab\u00f3n provoc\u00f3 la muerte de una joven y su hijo, en medio de versiones preliminares a\u00fan no confirmadas.<\/p>\n\n\n\n<p>Un siniestro vial ocurrido en el tramo carretero Los Miches\u2013Dajab\u00f3n dej\u00f3 como saldo la muerte de Estefan\u00eda Torres (o Fern\u00e1ndez), de 24 a\u00f1os, y su hijo de dos a\u00f1os.<\/p>\n\n\n\n<p>Ambos se desplazaban en una motocicleta cuando una camioneta los impact\u00f3 por la parte trasera, seg\u00fan reportes iniciales que se\u00f1alan posible alta velocidad en el veh\u00edculo mayor.<\/p>\n\n\n\n<p>Las informaciones preliminares indican que el conductor del veh\u00edculo habr\u00eda intentado maniobrar ante condiciones de la v\u00eda, lo que pudo provocar p\u00e9rdida de control y el impacto.<\/p>\n\n\n\n<p>La fuerza de la colisi\u00f3n caus\u00f3 el fallecimiento inmediato de la madre y del menor, evidenciando la vulnerabilidad de quienes utilizan motocicletas frente a veh\u00edculos de mayor tama\u00f1o.<\/p>\n\n\n\n<p>Un segundo ni\u00f1o que tambi\u00e9n viajaba en la motocicleta result\u00f3 con heridas de gravedad, aunque no existe confirmaci\u00f3n m\u00e9dica oficial sobre su estado ni pron\u00f3stico definitivo.<\/p>\n\n\n\n<p>Los cuerpos de las v\u00edctimas fueron trasladados al sector Bellavista, donde se realizaron los actos f\u00fanebres en medio de un ambiente de profundo dolor comunitario.<\/p>\n\n\n\n<p>DE FORMA NO CONFIRMADA, VERSIONES INDICAN QUE EL CONDUCTOR PODR\u00cdA ESTAR VINCULADO FAMILIARMENTE A UNA AUTORIDAD MUNICIPAL, LO QUE A\u00d1ADE SENSIBILIDAD INSTITUCIONAL AL CASO.<\/p>\n\n\n<p><iframe loading=\"lazy\" src=\"https:\/\/www.facebook.com\/plugins\/post.php?href=https%3A%2F%2Fwww.facebook.com%2Flosalmacigos.noticiashd%2Fposts%2Fpfbid02Ywk11BTzJoePodbgBYdW8tMPihQQexLnzhehjJq3fXXV1mLvoUGPoGWoQPLxTCYpl&#038;show_text=true&#038;width=500\" width=\"500\" height=\"514\" style=\"border:none;overflow:hidden\" scrolling=\"no\" frameborder=\"0\" allowfullscreen=\"true\" allow=\"autoplay; clipboard-write; encrypted-media; picture-in-picture; web-share\"><\/iframe><br \/>\n<iframe loading=\"lazy\" src=\"https:\/\/www.facebook.com\/plugins\/post.php?href=https%3A%2F%2Fwww.facebook.com%2Flapina.villalosalmacigosantiagorodriguez%2Fposts%2Fpfbid02L12oc3RChUKteMjZVcJUZf8sqkULXEqUvZU3yhE3Be8m3d2xFZNaTZ5qvgzuaHrxl&#038;show_text=true&#038;width=500\" width=\"500\" height=\"617\" style=\"border:none;overflow:hidden\" scrolling=\"no\" frameborder=\"0\" allowfullscreen=\"true\" allow=\"autoplay; clipboard-write; encrypted-media; picture-in-picture; web-share\"><\/iframe><\/p>\n\n\n<p>Hasta el momento, las autoridades no han emitido informes oficiales que confirmen la identidad del conductor ni posibles responsabilidades legales derivadas del accidente.<\/p>\n\n\n\n<p>Este hecho ocurre en un contexto de alta incidencia de accidentes de tr\u00e1nsito en Rep\u00fablica Dominicana, especialmente aquellos relacionados con motocicletas en carreteras regionales.<\/p>\n\n\n\n<p>Testimonios recogidos se\u00f1alan factores como falta de educaci\u00f3n vial, exceso de velocidad y maniobras imprudentes ante obst\u00e1culos como elementos recurrentes en estos eventos.<\/p>\n\n\n\n<p>Tambi\u00e9n se mencionan posibles deficiencias en fiscalizaci\u00f3n y condiciones de infraestructura que podr\u00edan influir en la ocurrencia de este tipo de siniestros.<\/p>\n\n\n\n<p>El velatorio conjunto de madre e hijo gener\u00f3 una fuerte reacci\u00f3n emocional en la comunidad, descrita por testigos como una escena profundamente conmovedora.<\/p>\n\n\n\n<p>La poblaci\u00f3n expres\u00f3 dolor e indignaci\u00f3n, al tiempo que exige medidas m\u00e1s efectivas en materia de prevenci\u00f3n y control del tr\u00e1nsito para evitar nuevas tragedias similares.<\/p>\n\n\n\n<figure class=\"wp-block-image size-full\"><img loading=\"lazy\" decoding=\"async\" width=\"565\" height=\"505\" src=\"https:\/\/rr.unv-informacion.xyz\/wp-content\/uploads\/2026\/04\/680555056_979683654438257_2959306264783899743_n.jpg\" alt=\"\" class=\"wp-image-15136\" srcset=\"https:\/\/rr.unv-informacion.xyz\/wp-content\/uploads\/2026\/04\/680555056_979683654438257_2959306264783899743_n.jpg 565w, https:\/\/rr.unv-informacion.xyz\/wp-content\/uploads\/2026\/04\/680555056_979683654438257_2959306264783899743_n-300x268.jpg 300w, https:\/\/rr.unv-informacion.xyz\/wp-content\/uploads\/2026\/04\/680555056_979683654438257_2959306264783899743_n-470x420.jpg 470w\" sizes=\"auto, (max-width: 565px) 100vw, 565px\" \/><\/figure>\n\n\n\n<figure class=\"wp-block-embed is-type-video is-provider-youtube wp-block-embed-youtube wp-embed-aspect-16-9 wp-has-aspect-ratio\"><div class=\"wp-block-embed__wrapper\">\n<iframe loading=\"lazy\" title=\"Accidente de tr\u00e1nsito deja madre e hijo fallecidos en el tramo carretero Los Miches Dajab\u00f3n\" width=\"640\" height=\"360\" src=\"https:\/\/www.youtube.com\/embed\/jsNhyceKEyY?feature=oembed\" frameborder=\"0\" allow=\"accelerometer; autoplay; clipboard-write; encrypted-media; gyroscope; picture-in-picture; web-share\" referrerpolicy=\"strict-origin-when-cross-origin\" allowfullscreen><\/iframe>\n<\/div><\/figure>\n","protected":false},"excerpt":{"rendered":"<p>Un choque en la v\u00eda Los Miches\u2013Dajab\u00f3n provoc\u00f3 la muerte de una joven y su hijo, en medio de versiones preliminares a\u00fan no confirmadas. Un siniestro vial ocurrido en el tramo carretero Los Miches\u2013Dajab\u00f3n dej\u00f3 como saldo la muerte de Estefan\u00eda Torres (o Fern\u00e1ndez), de 24 a\u00f1os, y su hijo de dos a\u00f1os. Ambos se [&hellip;]<\/p>\n","protected":false},"author":1,"featured_media":15136,"comment_status":"open","ping_status":"open","sticky":false,"template":"","format":"standard","meta":{"footnotes":""},"categories":[1],"tags":[],"class_list":["post-15135","post","type-post","status-publish","format-standard","has-post-thumbnail","hentry","category-uncategorized"],"_links":{"self":[{"href":"https:\/\/rr.unv-informacion.xyz\/index.php?rest_route=\/wp\/v2\/posts\/15135","targetHints":{"allow":["GET"]}}],"collection":[{"href":"https:\/\/rr.unv-informacion.xyz\/index.php?rest_route=\/wp\/v2\/posts"}],"about":[{"href":"https:\/\/rr.unv-informacion.xyz\/index.php?rest_route=\/wp\/v2\/types\/post"}],"author":[{"embeddable":true,"href":"https:\/\/rr.unv-informacion.xyz\/index.php?rest_route=\/wp\/v2\/users\/1"}],"replies":[{"embeddable":true,"href":"https:\/\/rr.unv-informacion.xyz\/index.php?rest_route=%2Fwp%2Fv2%2Fcomments&post=15135"}],"version-history":[{"count":1,"href":"https:\/\/rr.unv-informacion.xyz\/index.php?rest_route=\/wp\/v2\/posts\/15135\/revisions"}],"predecessor-version":[{"id":15137,"href":"https:\/\/rr.unv-informacion.xyz\/index.php?rest_route=\/wp\/v2\/posts\/15135\/revisions\/15137"}],"wp:featuredmedia":[{"embeddable":true,"href":"https:\/\/rr.unv-informacion.xyz\/index.php?rest_route=\/wp\/v2\/media\/15136"}],"wp:attachment":[{"href":"https:\/\/rr.unv-informacion.xyz\/index.php?rest_route=%2Fwp%2Fv2%2Fmedia&parent=15135"}],"wp:term":[{"taxonomy":"category","embeddable":true,"href":"https:\/\/rr.unv-informacion.xyz\/index.php?rest_route=%2Fwp%2Fv2%2Fcategories&post=15135"},{"taxonomy":"post_tag","embeddable":true,"href":"https:\/\/rr.unv-informacion.xyz\/index.php?rest_route=%2Fwp%2Fv2%2Ftags&post=15135"}],"curies":[{"name":"wp","href":"https:\/\/api.w.org\/{rel}","templated":true}]}}