{"id":15142,"date":"2026-04-28T15:55:34","date_gmt":"2026-04-28T15:55:34","guid":{"rendered":"https:\/\/rr.unv-informacion.xyz\/?p=15142"},"modified":"2026-04-28T15:55:35","modified_gmt":"2026-04-28T15:55:35","slug":"lluvias-intensas-y-alertas-en-12-provincias-de-rd","status":"publish","type":"post","link":"https:\/\/rr.unv-informacion.xyz\/?p=15142","title":{"rendered":"Lluvias intensas y alertas en 12 provincias de RD"},"content":{"rendered":"\n<p>La combinaci\u00f3n de un sistema frontal y dos vaguadas incrementar\u00e1 las lluvias intensas y el riesgo de inundaciones repentinas a partir de este martes en varias provincias dominicanas.<\/p>\n\n\n\n<p>Dos fen\u00f3menos atmosf\u00e9ricos coincidir\u00e1n en un per\u00edodo de 48 horas, elevando la probabilidad de precipitaciones fuertes acompa\u00f1adas de posibles inundaciones repentinas en distintas zonas del pa\u00eds.<\/p>\n\n\n\n<p>Las condiciones t\u00e9rmicas tambi\u00e9n han cambiado en la regi\u00f3n del Caribe, donde se registra un aumento del calor durante el d\u00eda, vinculado a una anomal\u00eda t\u00e9rmica persistente.<\/p>\n\n\n\n<p>El Instituto Dominicano de Meteorolog\u00eda inform\u00f3 que desde este martes un sistema frontal comenzar\u00e1 a posicionarse en la parte norte del territorio nacional, incidiendo directamente en las condiciones clim\u00e1ticas.<\/p>\n\n\n\n<p>El organismo indic\u00f3 que un total de doce provincias permanecen bajo alerta, de las cuales tres han sido clasificadas en nivel amarillo debido a mayor riesgo meteorol\u00f3gico.<\/p>\n\n\n\n<p>Las demarcaciones bajo alerta amarilla son Santiago de los Caballeros, La Vega y Mar\u00eda Trinidad S\u00e1nchez, donde se prev\u00e9n lluvias de mayor intensidad en las pr\u00f3ximas horas.<\/p>\n\n\n\n<p>En nivel de alerta verde contin\u00faan Santiago Rodr\u00edguez, Puerto Plata, Espaillat, Hermanas Mirabal, Peravia, San Crist\u00f3bal, Monse\u00f1or Nouel y Juan S\u00e1nchez Ram\u00edrez.<\/p>\n\n\n\n<p>El sistema frontal estar\u00e1 acompa\u00f1ado por dos vaguadas en superficie, que contribuir\u00e1n a la formaci\u00f3n de abundante nubosidad en localidades situadas en la costa atl\u00e1ntica dominicana.<\/p>\n\n\n\n<p>Las autoridades meteorol\u00f3gicas recomendaron a la poblaci\u00f3n mantenerse informada a trav\u00e9s de los boletines oficiales que ser\u00e1n emitidos conforme evolucionen las condiciones atmosf\u00e9ricas en el pa\u00eds.<\/p>\n\n\n\n<figure class=\"wp-block-image size-full\"><img loading=\"lazy\" decoding=\"async\" width=\"1024\" height=\"536\" src=\"https:\/\/rr.unv-informacion.xyz\/wp-content\/uploads\/2026\/04\/lluvias-1-1024x536-1.webp\" alt=\"\" class=\"wp-image-15143\" srcset=\"https:\/\/rr.unv-informacion.xyz\/wp-content\/uploads\/2026\/04\/lluvias-1-1024x536-1.webp 1024w, https:\/\/rr.unv-informacion.xyz\/wp-content\/uploads\/2026\/04\/lluvias-1-1024x536-1-300x157.webp 300w, https:\/\/rr.unv-informacion.xyz\/wp-content\/uploads\/2026\/04\/lluvias-1-1024x536-1-768x402.webp 768w, https:\/\/rr.unv-informacion.xyz\/wp-content\/uploads\/2026\/04\/lluvias-1-1024x536-1-802x420.webp 802w, https:\/\/rr.unv-informacion.xyz\/wp-content\/uploads\/2026\/04\/lluvias-1-1024x536-1-640x335.webp 640w, https:\/\/rr.unv-informacion.xyz\/wp-content\/uploads\/2026\/04\/lluvias-1-1024x536-1-681x356.webp 681w\" sizes=\"auto, (max-width: 1024px) 100vw, 1024px\" \/><\/figure>\n\n\n\n<figure class=\"wp-block-image size-full\"><img loading=\"lazy\" decoding=\"async\" width=\"768\" height=\"1024\" src=\"https:\/\/rr.unv-informacion.xyz\/wp-content\/uploads\/2026\/04\/coe-2-768x1024-1.webp\" alt=\"\" class=\"wp-image-15144\" srcset=\"https:\/\/rr.unv-informacion.xyz\/wp-content\/uploads\/2026\/04\/coe-2-768x1024-1.webp 768w, https:\/\/rr.unv-informacion.xyz\/wp-content\/uploads\/2026\/04\/coe-2-768x1024-1-225x300.webp 225w, https:\/\/rr.unv-informacion.xyz\/wp-content\/uploads\/2026\/04\/coe-2-768x1024-1-315x420.webp 315w, https:\/\/rr.unv-informacion.xyz\/wp-content\/uploads\/2026\/04\/coe-2-768x1024-1-640x853.webp 640w, https:\/\/rr.unv-informacion.xyz\/wp-content\/uploads\/2026\/04\/coe-2-768x1024-1-681x908.webp 681w\" sizes=\"auto, (max-width: 768px) 100vw, 768px\" \/><\/figure>\n\n\n\n<figure class=\"wp-block-embed is-type-video is-provider-youtube wp-block-embed-youtube wp-embed-aspect-16-9 wp-has-aspect-ratio\"><div class=\"wp-block-embed__wrapper\">\n<iframe loading=\"lazy\" title=\"Martes 28 abril | Frente fr\u00edo y vaguada provocar\u00e1n intensas lluvias en las pr\u00f3ximas 48 horas\" width=\"640\" height=\"360\" src=\"https:\/\/www.youtube.com\/embed\/Aa-IN92mXZ8?feature=oembed\" frameborder=\"0\" allow=\"accelerometer; autoplay; clipboard-write; encrypted-media; gyroscope; picture-in-picture; web-share\" referrerpolicy=\"strict-origin-when-cross-origin\" allowfullscreen><\/iframe>\n<\/div><\/figure>\n","protected":false},"excerpt":{"rendered":"<p>La combinaci\u00f3n de un sistema frontal y dos vaguadas incrementar\u00e1 las lluvias intensas y el riesgo de inundaciones repentinas a partir de este martes en varias provincias dominicanas. Dos fen\u00f3menos atmosf\u00e9ricos coincidir\u00e1n en un per\u00edodo de 48 horas, elevando la probabilidad de precipitaciones fuertes acompa\u00f1adas de posibles inundaciones repentinas en distintas zonas del pa\u00eds. Las [&hellip;]<\/p>\n","protected":false},"author":1,"featured_media":15143,"comment_status":"open","ping_status":"open","sticky":false,"template":"","format":"standard","meta":{"footnotes":""},"categories":[1],"tags":[],"class_list":["post-15142","post","type-post","status-publish","format-standard","has-post-thumbnail","hentry","category-uncategorized"],"_links":{"self":[{"href":"https:\/\/rr.unv-informacion.xyz\/index.php?rest_route=\/wp\/v2\/posts\/15142","targetHints":{"allow":["GET"]}}],"collection":[{"href":"https:\/\/rr.unv-informacion.xyz\/index.php?rest_route=\/wp\/v2\/posts"}],"about":[{"href":"https:\/\/rr.unv-informacion.xyz\/index.php?rest_route=\/wp\/v2\/types\/post"}],"author":[{"embeddable":true,"href":"https:\/\/rr.unv-informacion.xyz\/index.php?rest_route=\/wp\/v2\/users\/1"}],"replies":[{"embeddable":true,"href":"https:\/\/rr.unv-informacion.xyz\/index.php?rest_route=%2Fwp%2Fv2%2Fcomments&post=15142"}],"version-history":[{"count":1,"href":"https:\/\/rr.unv-informacion.xyz\/index.php?rest_route=\/wp\/v2\/posts\/15142\/revisions"}],"predecessor-version":[{"id":15145,"href":"https:\/\/rr.unv-informacion.xyz\/index.php?rest_route=\/wp\/v2\/posts\/15142\/revisions\/15145"}],"wp:featuredmedia":[{"embeddable":true,"href":"https:\/\/rr.unv-informacion.xyz\/index.php?rest_route=\/wp\/v2\/media\/15143"}],"wp:attachment":[{"href":"https:\/\/rr.unv-informacion.xyz\/index.php?rest_route=%2Fwp%2Fv2%2Fmedia&parent=15142"}],"wp:term":[{"taxonomy":"category","embeddable":true,"href":"https:\/\/rr.unv-informacion.xyz\/index.php?rest_route=%2Fwp%2Fv2%2Fcategories&post=15142"},{"taxonomy":"post_tag","embeddable":true,"href":"https:\/\/rr.unv-informacion.xyz\/index.php?rest_route=%2Fwp%2Fv2%2Ftags&post=15142"}],"curies":[{"name":"wp","href":"https:\/\/api.w.org\/{rel}","templated":true}]}}