{"id":15163,"date":"2026-04-30T15:26:10","date_gmt":"2026-04-30T15:26:10","guid":{"rendered":"https:\/\/rr.unv-informacion.xyz\/?p=15163"},"modified":"2026-04-30T15:26:10","modified_gmt":"2026-04-30T15:26:10","slug":"consternacion-en-el-baloncesto-nacional-tras-fallecimiento-de-hija-de-rafael-uribe","status":"publish","type":"post","link":"https:\/\/rr.unv-informacion.xyz\/?p=15163","title":{"rendered":"Consternaci\u00f3n en el baloncesto nacional tras fallecimiento de hija de Rafael Uribe"},"content":{"rendered":"\n<p>Como seguimiento en el \u00e1mbito del baloncesto nacional, la noticia sobre Rafael Uribe y su familia ha generado conmoci\u00f3n en el deporte dominicano tras confirmarse el fallecimiento de su hija Danna Sof\u00eda Uribe.<\/p>\n\n\n\n<p>La Federaci\u00f3n Dominicana de Baloncesto expres\u00f3 profundo pesar y destac\u00f3 el impacto que deja esta p\u00e9rdida en el entorno del baloncesto nacional, donde Uribe ha sido una figura clave en los \u00faltimos a\u00f1os.<\/p>\n\n\n\n<p>El Comit\u00e9 Ol\u00edmpico Dominicano tambi\u00e9n se pronunci\u00f3, enviando mensajes de solidaridad y acompa\u00f1amiento a la familia Uribe, en un momento que ha conmovido al baloncesto nacional y sus distintas organizaciones.<\/p>\n\n\n\n<p>Diversas instituciones deportivas y atletas han compartido mensajes de apoyo, resalt ando la trayectoria de Rafael Uribe dentro del baloncesto nacional y su compromiso con el desarrollo del deporte.<\/p>\n\n\n\n<p>La joven Danna Sof\u00eda Uribe, de 12 a\u00f1os, enfrentaba una condici\u00f3n de salud vinculada a leucemia, situaci\u00f3n que hab\u00eda mantenido en expectativa a parte del entorno del baloncesto nacional en semanas recientes.<\/p>\n\n\n\n<p>El impacto de la noticia se ha sentido en clubes, ligas y dirigentes, quienes reconocen la influencia de Uribe en el fortalecimiento del baloncesto nacional y la organizaci\u00f3n federativa del pa\u00eds.<\/p>\n\n\n\n<p>Mensajes de solidaridad contin\u00faan llegando desde distintos puntos del baloncesto nacional, donde se ha resaltado la uni\u00f3n del sector deportivo ante momentos de profundo dolor como este.<\/p>\n\n\n\n<p>En medio de la consternaci\u00f3n, el entorno del baloncesto nacional se mantiene en apoyo constante a la familia, a la espera de los actos f\u00fanebres que ser\u00e1n anunciados en las pr\u00f3ximas horas.<\/p>\n\n\n\n<figure class=\"wp-block-image size-full\"><img loading=\"lazy\" decoding=\"async\" width=\"768\" height=\"768\" src=\"https:\/\/rr.unv-informacion.xyz\/wp-content\/uploads\/2026\/04\/683297746_10162625603406441_5529457624266338715_n_webp-768x768-1.webp\" alt=\"\" class=\"wp-image-15164\" srcset=\"https:\/\/rr.unv-informacion.xyz\/wp-content\/uploads\/2026\/04\/683297746_10162625603406441_5529457624266338715_n_webp-768x768-1.webp 768w, https:\/\/rr.unv-informacion.xyz\/wp-content\/uploads\/2026\/04\/683297746_10162625603406441_5529457624266338715_n_webp-768x768-1-300x300.webp 300w, https:\/\/rr.unv-informacion.xyz\/wp-content\/uploads\/2026\/04\/683297746_10162625603406441_5529457624266338715_n_webp-768x768-1-150x150.webp 150w, https:\/\/rr.unv-informacion.xyz\/wp-content\/uploads\/2026\/04\/683297746_10162625603406441_5529457624266338715_n_webp-768x768-1-420x420.webp 420w, https:\/\/rr.unv-informacion.xyz\/wp-content\/uploads\/2026\/04\/683297746_10162625603406441_5529457624266338715_n_webp-768x768-1-640x640.webp 640w, https:\/\/rr.unv-informacion.xyz\/wp-content\/uploads\/2026\/04\/683297746_10162625603406441_5529457624266338715_n_webp-768x768-1-681x681.webp 681w\" sizes=\"auto, (max-width: 768px) 100vw, 768px\" \/><\/figure>\n\n\n\n<figure class=\"wp-block-image size-full\"><img loading=\"lazy\" decoding=\"async\" width=\"539\" height=\"720\" src=\"https:\/\/rr.unv-informacion.xyz\/wp-content\/uploads\/2026\/04\/Gemini_Generated_Image_ifnz2qifnz2qifnz_webp_cleanup_webp.webp\" alt=\"\" class=\"wp-image-15165\" srcset=\"https:\/\/rr.unv-informacion.xyz\/wp-content\/uploads\/2026\/04\/Gemini_Generated_Image_ifnz2qifnz2qifnz_webp_cleanup_webp.webp 539w, https:\/\/rr.unv-informacion.xyz\/wp-content\/uploads\/2026\/04\/Gemini_Generated_Image_ifnz2qifnz2qifnz_webp_cleanup_webp-225x300.webp 225w, https:\/\/rr.unv-informacion.xyz\/wp-content\/uploads\/2026\/04\/Gemini_Generated_Image_ifnz2qifnz2qifnz_webp_cleanup_webp-314x420.webp 314w\" sizes=\"auto, (max-width: 539px) 100vw, 539px\" \/><\/figure>\n","protected":false},"excerpt":{"rendered":"<p>Como seguimiento en el \u00e1mbito del baloncesto nacional, la noticia sobre Rafael Uribe y su familia ha generado conmoci\u00f3n en el deporte dominicano tras confirmarse el fallecimiento de su hija Danna Sof\u00eda Uribe. La Federaci\u00f3n Dominicana de Baloncesto expres\u00f3 profundo pesar y destac\u00f3 el impacto que deja esta p\u00e9rdida en el entorno del baloncesto nacional, [&hellip;]<\/p>\n","protected":false},"author":1,"featured_media":15165,"comment_status":"open","ping_status":"open","sticky":false,"template":"","format":"standard","meta":{"footnotes":""},"categories":[1],"tags":[],"class_list":["post-15163","post","type-post","status-publish","format-standard","has-post-thumbnail","hentry","category-uncategorized"],"_links":{"self":[{"href":"https:\/\/rr.unv-informacion.xyz\/index.php?rest_route=\/wp\/v2\/posts\/15163","targetHints":{"allow":["GET"]}}],"collection":[{"href":"https:\/\/rr.unv-informacion.xyz\/index.php?rest_route=\/wp\/v2\/posts"}],"about":[{"href":"https:\/\/rr.unv-informacion.xyz\/index.php?rest_route=\/wp\/v2\/types\/post"}],"author":[{"embeddable":true,"href":"https:\/\/rr.unv-informacion.xyz\/index.php?rest_route=\/wp\/v2\/users\/1"}],"replies":[{"embeddable":true,"href":"https:\/\/rr.unv-informacion.xyz\/index.php?rest_route=%2Fwp%2Fv2%2Fcomments&post=15163"}],"version-history":[{"count":1,"href":"https:\/\/rr.unv-informacion.xyz\/index.php?rest_route=\/wp\/v2\/posts\/15163\/revisions"}],"predecessor-version":[{"id":15166,"href":"https:\/\/rr.unv-informacion.xyz\/index.php?rest_route=\/wp\/v2\/posts\/15163\/revisions\/15166"}],"wp:featuredmedia":[{"embeddable":true,"href":"https:\/\/rr.unv-informacion.xyz\/index.php?rest_route=\/wp\/v2\/media\/15165"}],"wp:attachment":[{"href":"https:\/\/rr.unv-informacion.xyz\/index.php?rest_route=%2Fwp%2Fv2%2Fmedia&parent=15163"}],"wp:term":[{"taxonomy":"category","embeddable":true,"href":"https:\/\/rr.unv-informacion.xyz\/index.php?rest_route=%2Fwp%2Fv2%2Fcategories&post=15163"},{"taxonomy":"post_tag","embeddable":true,"href":"https:\/\/rr.unv-informacion.xyz\/index.php?rest_route=%2Fwp%2Fv2%2Ftags&post=15163"}],"curies":[{"name":"wp","href":"https:\/\/api.w.org\/{rel}","templated":true}]}}