{"id":15181,"date":"2026-04-30T15:43:33","date_gmt":"2026-04-30T15:43:33","guid":{"rendered":"https:\/\/rr.unv-informacion.xyz\/?p=15181"},"modified":"2026-04-30T15:43:34","modified_gmt":"2026-04-30T15:43:34","slug":"desaparicion-de-nina-moviliza-busqueda-en-santo-domingo","status":"publish","type":"post","link":"https:\/\/rr.unv-informacion.xyz\/?p=15181","title":{"rendered":"Desaparici\u00f3n de ni\u00f1a moviliza b\u00fasqueda en Santo Domingo"},"content":{"rendered":"\n<p>La ni\u00f1a desaparecida fue vista por \u00faltima vez el martes 28 de abril, en un caso que ha activado un amplio operativo de b\u00fasqueda en Santo Domingo Oeste.<\/p>\n\n\n\n<p>La ni\u00f1a desaparecida, de apenas seis a\u00f1os, sali\u00f3 de su vivienda en horas de la ma\u00f1ana junto a su hermano de 11 a\u00f1os con rumbo a la escuela, pero nunca lleg\u00f3 a su destino.<\/p>\n\n\n\n<p>El informe preliminar indica que, durante el trayecto, la ni\u00f1a desaparecida se detuvo en un punto donde cambi\u00f3 su uniforme escolar por un vestido que le habr\u00eda entregado un familiar cercano.<\/p>\n\n\n\n<p>Seg\u00fan las autoridades, ese familiar es Wolfay Emmanuel, conocido como \u201cWaifai\u201d, quien ha sido identificado como principal sospechoso y permanece pr\u00f3fugo mientras avanza la investigaci\u00f3n.<\/p>\n\n\n\n<p>Las im\u00e1genes captadas por c\u00e1maras de videovigilancia muestran que la ni\u00f1a desaparecida fue trasladada posteriormente en una motocicleta hacia un lugar a\u00fan no determinado.<\/p>\n\n\n\n<p>Este desplazamiento se habr\u00eda realizado sin el consentimiento de los padres o tutores, lo que encendi\u00f3 las alertas y motiv\u00f3 la r\u00e1pida intervenci\u00f3n de los organismos de seguridad.<\/p>\n\n\n\n<p>En respuesta, la Polic\u00eda Nacional despleg\u00f3 equipos de la Subdirecci\u00f3n de Investigaci\u00f3n, junto a unidades especializadas, para rastrear posibles ubicaciones de la ni\u00f1a desaparecida.<\/p>\n\n\n\n<p>Adem\u00e1s, se sumaron brigadas de la Defensa Civil y una Unidad Canina, ampliando el radio de b\u00fasqueda en distintas zonas, tanto urbanas como perif\u00e9ricas del municipio.<\/p>\n\n\n\n<p>La instituci\u00f3n reiter\u00f3 que el sospechoso es considerado de alto inter\u00e9s, por lo que mantiene activos operativos para dar con su paradero en el menor tiempo posible.<\/p>\n\n\n\n<p>Durante las pesquisas, varias personas han sido detenidas para fines de investigaci\u00f3n. Estas ser\u00e1n puestas a disposici\u00f3n de las autoridades conforme avance el proceso.<\/p>\n\n\n\n<p>Mientras tanto, la incertidumbre crece entre los residentes. \u00bfQu\u00e9 ocurri\u00f3 en los minutos previos al traslado? \u00bfD\u00f3nde podr\u00eda encontrarse la ni\u00f1a desaparecida?<\/p>\n\n\n\n<p>El caso mantiene en vilo a la comunidad, que espera respuestas claras. La prioridad sigue siendo ubicar a la ni\u00f1a desaparecida y garantizar su bienestar lo antes posible.<\/p>\n\n\n\n<figure class=\"wp-block-image size-full\"><img loading=\"lazy\" decoding=\"async\" width=\"1024\" height=\"536\" src=\"https:\/\/rr.unv-informacion.xyz\/wp-content\/uploads\/2026\/04\/waifai-1024x536-1.webp\" alt=\"\" class=\"wp-image-15182\" srcset=\"https:\/\/rr.unv-informacion.xyz\/wp-content\/uploads\/2026\/04\/waifai-1024x536-1.webp 1024w, https:\/\/rr.unv-informacion.xyz\/wp-content\/uploads\/2026\/04\/waifai-1024x536-1-300x157.webp 300w, https:\/\/rr.unv-informacion.xyz\/wp-content\/uploads\/2026\/04\/waifai-1024x536-1-768x402.webp 768w, https:\/\/rr.unv-informacion.xyz\/wp-content\/uploads\/2026\/04\/waifai-1024x536-1-802x420.webp 802w, https:\/\/rr.unv-informacion.xyz\/wp-content\/uploads\/2026\/04\/waifai-1024x536-1-640x335.webp 640w, https:\/\/rr.unv-informacion.xyz\/wp-content\/uploads\/2026\/04\/waifai-1024x536-1-681x356.webp 681w\" sizes=\"auto, (max-width: 1024px) 100vw, 1024px\" \/><\/figure>\n\n\n\n<figure class=\"wp-block-image size-full\"><img loading=\"lazy\" decoding=\"async\" width=\"254\" height=\"386\" src=\"https:\/\/rr.unv-informacion.xyz\/wp-content\/uploads\/2026\/04\/pequena.webp\" alt=\"\" class=\"wp-image-15183\" srcset=\"https:\/\/rr.unv-informacion.xyz\/wp-content\/uploads\/2026\/04\/pequena.webp 254w, https:\/\/rr.unv-informacion.xyz\/wp-content\/uploads\/2026\/04\/pequena-197x300.webp 197w\" sizes=\"auto, (max-width: 254px) 100vw, 254px\" \/><\/figure>\n\n\n<iframe loading=\"lazy\" src=\"https:\/\/www.facebook.com\/plugins\/video.php?href=https%3A%2F%2Fwww.facebook.com%2Freel%2F1028632252957260%2F&#038;show_text=0&#038;width=267\" width=\"267\" height=\"476\" style=\"border:none;overflow:hidden\" scrolling=\"no\" frameborder=\"0\" allowfullscreen=\"true\" allow=\"autoplay; clipboard-write; encrypted-media; picture-in-picture; web-share\" allowFullScreen=\"true\"><\/iframe>","protected":false},"excerpt":{"rendered":"<p>La ni\u00f1a desaparecida fue vista por \u00faltima vez el martes 28 de abril, en un caso que ha activado un amplio operativo de b\u00fasqueda en Santo Domingo Oeste. La ni\u00f1a desaparecida, de apenas seis a\u00f1os, sali\u00f3 de su vivienda en horas de la ma\u00f1ana junto a su hermano de 11 a\u00f1os con rumbo a la [&hellip;]<\/p>\n","protected":false},"author":1,"featured_media":15182,"comment_status":"open","ping_status":"open","sticky":false,"template":"","format":"standard","meta":{"footnotes":""},"categories":[1],"tags":[],"class_list":["post-15181","post","type-post","status-publish","format-standard","has-post-thumbnail","hentry","category-uncategorized"],"_links":{"self":[{"href":"https:\/\/rr.unv-informacion.xyz\/index.php?rest_route=\/wp\/v2\/posts\/15181","targetHints":{"allow":["GET"]}}],"collection":[{"href":"https:\/\/rr.unv-informacion.xyz\/index.php?rest_route=\/wp\/v2\/posts"}],"about":[{"href":"https:\/\/rr.unv-informacion.xyz\/index.php?rest_route=\/wp\/v2\/types\/post"}],"author":[{"embeddable":true,"href":"https:\/\/rr.unv-informacion.xyz\/index.php?rest_route=\/wp\/v2\/users\/1"}],"replies":[{"embeddable":true,"href":"https:\/\/rr.unv-informacion.xyz\/index.php?rest_route=%2Fwp%2Fv2%2Fcomments&post=15181"}],"version-history":[{"count":1,"href":"https:\/\/rr.unv-informacion.xyz\/index.php?rest_route=\/wp\/v2\/posts\/15181\/revisions"}],"predecessor-version":[{"id":15184,"href":"https:\/\/rr.unv-informacion.xyz\/index.php?rest_route=\/wp\/v2\/posts\/15181\/revisions\/15184"}],"wp:featuredmedia":[{"embeddable":true,"href":"https:\/\/rr.unv-informacion.xyz\/index.php?rest_route=\/wp\/v2\/media\/15182"}],"wp:attachment":[{"href":"https:\/\/rr.unv-informacion.xyz\/index.php?rest_route=%2Fwp%2Fv2%2Fmedia&parent=15181"}],"wp:term":[{"taxonomy":"category","embeddable":true,"href":"https:\/\/rr.unv-informacion.xyz\/index.php?rest_route=%2Fwp%2Fv2%2Fcategories&post=15181"},{"taxonomy":"post_tag","embeddable":true,"href":"https:\/\/rr.unv-informacion.xyz\/index.php?rest_route=%2Fwp%2Fv2%2Ftags&post=15181"}],"curies":[{"name":"wp","href":"https:\/\/api.w.org\/{rel}","templated":true}]}}