{"id":16981,"date":"2026-08-31T16:42:26","date_gmt":"2026-08-31T16:42:26","guid":{"rendered":"https:\/\/rr.unv-informacion.xyz\/?p=16981"},"modified":"2026-08-31T16:42:26","modified_gmt":"2026-08-31T16:42:26","slug":"autoridades-evaluan-caso-de-menor-en-rio-de-jamao-al-norte","status":"publish","type":"post","link":"https:\/\/rr.unv-informacion.xyz\/?p=16981","title":{"rendered":"Autoridades eval\u00faan caso de menor en r\u00edo de Jamao al Norte"},"content":{"rendered":"\n<p class=\"wp-block-paragraph\">Un menor de 12 a\u00f1os identificado como Javier Parra Mart\u00ednez perdi\u00f3 la vida este domingo mientras compart\u00eda con familiares en las aguas del r\u00edo Los Pe\u00f1a, en la comunidad Los Brazos.<\/p>\n\n\n\n<p class=\"wp-block-paragraph\">El jovencito resid\u00eda en la comunidad de El Abanico, en Veragua, seg\u00fan las informaciones preliminares disponibles sobre el caso.<\/p>\n\n\n\n<p class=\"wp-block-paragraph\">El incidente ocurri\u00f3 durante una jornada familiar en el r\u00edo. Hasta el momento, no se han ofrecido detalles oficiales sobre las circunstancias exactas que llevaron a que el menor presentara dificultades mientras se encontraba en el agua.<\/p>\n\n\n\n<p class=\"wp-block-paragraph\">Tras lo ocurrido, el menor fue llevado al Hospital Municipal, donde su cuerpo permanec\u00eda en la morgue a la espera de las evaluaciones correspondientes por parte de las autoridades.<\/p>\n\n\n\n<p class=\"wp-block-paragraph\">Compart\u00eda con familiares en el r\u00edo<br>De acuerdo con los datos conocidos hasta ahora, Javier se encontraba acompa\u00f1ado por integrantes de su familia cuando se produjo la situaci\u00f3n.<\/p>\n\n\n\n<p class=\"wp-block-paragraph\">La informaci\u00f3n preliminar se\u00f1ala que el grupo hab\u00eda acudido al r\u00edo Los Pe\u00f1a para compartir durante este domingo. No se han divulgado otros detalles sobre el tiempo que llevaban en el lugar ni sobre el momento preciso en que ocurri\u00f3 el incidente.<\/p>\n\n\n\n<p class=\"wp-block-paragraph\">Tampoco se ha informado oficialmente si otras personas intervinieron para auxiliar al menor o si fue necesaria la participaci\u00f3n de organismos de respuesta en la zona.<\/p>\n\n\n\n<p class=\"wp-block-paragraph\">Por esa raz\u00f3n, las circunstancias espec\u00edficas del caso permanecen pendientes de los informes que puedan ofrecer las instituciones correspondientes.<\/p>\n\n\n\n<p class=\"wp-block-paragraph\">Menor resid\u00eda en El Abanico, Veragua<br>Javier Parra Mart\u00ednez ten\u00eda 12 a\u00f1os y resid\u00eda en El Abanico, comunidad perteneciente a Veragua, de acuerdo con la informaci\u00f3n suministrada inicialmente.<\/p>\n\n\n\n<p class=\"wp-block-paragraph\">Hasta el momento tampoco se han dado a conocer declaraciones oficiales de familiares sobre lo sucedido. Los datos difundidos se limitan a identificar al menor, establecer d\u00f3nde resid\u00eda y se\u00f1alar que estaba acompa\u00f1ado por familiares.<\/p>\n\n\n\n<p class=\"wp-block-paragraph\">Autoridades esperan completar las evaluaciones<br>Luego del incidente, el cuerpo de Javier fue trasladado a la morgue del Hospital Municipal, donde permanec\u00eda este domingo mientras se esperaba la intervenci\u00f3n de las autoridades correspondientes.<\/p>\n\n\n\n<p class=\"wp-block-paragraph\">Las evaluaciones deber\u00e1n permitir completar los procedimientos establecidos y precisar oficialmente las circunstancias del caso.<\/p>\n\n\n\n<p class=\"wp-block-paragraph\">Las autoridades tampoco hab\u00edan divulgado, con la informaci\u00f3n disponible, un informe definitivo sobre lo sucedido.<\/p>\n\n\n\n<p class=\"wp-block-paragraph\">El proceso permanece a la espera de las evaluaciones correspondientes y de cualquier informaci\u00f3n adicional que las autoridades puedan ofrecer sobre las circunstancias en las que ocurri\u00f3 el incidente en el r\u00edo Los Pe\u00f1a.<\/p>\n\n\n\n<figure class=\"wp-block-image size-large\"><img loading=\"lazy\" decoding=\"async\" width=\"1024\" height=\"576\" src=\"https:\/\/rr.unv-informacion.xyz\/wp-content\/uploads\/2026\/08\/733882609_1725174231823837_5463506299558515299_n-1024x576.webp\" alt=\"\" class=\"wp-image-16982\" srcset=\"https:\/\/rr.unv-informacion.xyz\/wp-content\/uploads\/2026\/08\/733882609_1725174231823837_5463506299558515299_n-1024x576.webp 1024w, https:\/\/rr.unv-informacion.xyz\/wp-content\/uploads\/2026\/08\/733882609_1725174231823837_5463506299558515299_n-300x169.webp 300w, https:\/\/rr.unv-informacion.xyz\/wp-content\/uploads\/2026\/08\/733882609_1725174231823837_5463506299558515299_n-767x432.webp 767w, https:\/\/rr.unv-informacion.xyz\/wp-content\/uploads\/2026\/08\/733882609_1725174231823837_5463506299558515299_n-1536x865.webp 1536w, https:\/\/rr.unv-informacion.xyz\/wp-content\/uploads\/2026\/08\/733882609_1725174231823837_5463506299558515299_n-284x160.webp 284w, https:\/\/rr.unv-informacion.xyz\/wp-content\/uploads\/2026\/08\/733882609_1725174231823837_5463506299558515299_n-298x168.webp 298w, https:\/\/rr.unv-informacion.xyz\/wp-content\/uploads\/2026\/08\/733882609_1725174231823837_5463506299558515299_n-621x350.webp 621w, https:\/\/rr.unv-informacion.xyz\/wp-content\/uploads\/2026\/08\/733882609_1725174231823837_5463506299558515299_n-680x383.webp 680w, https:\/\/rr.unv-informacion.xyz\/wp-content\/uploads\/2026\/08\/733882609_1725174231823837_5463506299558515299_n-339x191.webp 339w, https:\/\/rr.unv-informacion.xyz\/wp-content\/uploads\/2026\/08\/733882609_1725174231823837_5463506299558515299_n-639x360.webp 639w, https:\/\/rr.unv-informacion.xyz\/wp-content\/uploads\/2026\/08\/733882609_1725174231823837_5463506299558515299_n.webp 2048w\" sizes=\"auto, (max-width: 1024px) 100vw, 1024px\" \/><\/figure>\n\n\n\n<figure class=\"wp-block-image size-large\"><img loading=\"lazy\" decoding=\"async\" width=\"1024\" height=\"572\" src=\"https:\/\/rr.unv-informacion.xyz\/wp-content\/uploads\/2026\/08\/inacif-1024x572.webp\" alt=\"\" class=\"wp-image-16983\" srcset=\"https:\/\/rr.unv-informacion.xyz\/wp-content\/uploads\/2026\/08\/inacif-1024x572.webp 1024w, https:\/\/rr.unv-informacion.xyz\/wp-content\/uploads\/2026\/08\/inacif-300x168.webp 300w, https:\/\/rr.unv-informacion.xyz\/wp-content\/uploads\/2026\/08\/inacif-767x428.webp 767w, https:\/\/rr.unv-informacion.xyz\/wp-content\/uploads\/2026\/08\/inacif-286x160.webp 286w, https:\/\/rr.unv-informacion.xyz\/wp-content\/uploads\/2026\/08\/inacif-639x357.webp 639w, https:\/\/rr.unv-informacion.xyz\/wp-content\/uploads\/2026\/08\/inacif-626x350.webp 626w, https:\/\/rr.unv-informacion.xyz\/wp-content\/uploads\/2026\/08\/inacif-681x380.webp 681w, https:\/\/rr.unv-informacion.xyz\/wp-content\/uploads\/2026\/08\/inacif-299x167.webp 299w, https:\/\/rr.unv-informacion.xyz\/wp-content\/uploads\/2026\/08\/inacif-340x190.webp 340w, https:\/\/rr.unv-informacion.xyz\/wp-content\/uploads\/2026\/08\/inacif.webp 1200w\" sizes=\"auto, (max-width: 1024px) 100vw, 1024px\" \/><\/figure>\n","protected":false},"excerpt":{"rendered":"<p>Un menor de 12 a\u00f1os identificado como Javier Parra Mart\u00ednez perdi\u00f3 la vida este domingo mientras compart\u00eda con familiares en las aguas del r\u00edo Los Pe\u00f1a, en la comunidad Los Brazos. El jovencito resid\u00eda en la comunidad de El Abanico, en Veragua, seg\u00fan las informaciones preliminares disponibles sobre el caso. El incidente ocurri\u00f3 durante una [&hellip;]<\/p>\n","protected":false},"author":1,"featured_media":16983,"comment_status":"open","ping_status":"open","sticky":false,"template":"","format":"standard","meta":{"footnotes":""},"categories":[1],"tags":[],"class_list":["post-16981","post","type-post","status-publish","format-standard","has-post-thumbnail","hentry","category-uncategorized"],"_links":{"self":[{"href":"https:\/\/rr.unv-informacion.xyz\/index.php?rest_route=\/wp\/v2\/posts\/16981","targetHints":{"allow":["GET"]}}],"collection":[{"href":"https:\/\/rr.unv-informacion.xyz\/index.php?rest_route=\/wp\/v2\/posts"}],"about":[{"href":"https:\/\/rr.unv-informacion.xyz\/index.php?rest_route=\/wp\/v2\/types\/post"}],"author":[{"embeddable":true,"href":"https:\/\/rr.unv-informacion.xyz\/index.php?rest_route=\/wp\/v2\/users\/1"}],"replies":[{"embeddable":true,"href":"https:\/\/rr.unv-informacion.xyz\/index.php?rest_route=%2Fwp%2Fv2%2Fcomments&post=16981"}],"version-history":[{"count":1,"href":"https:\/\/rr.unv-informacion.xyz\/index.php?rest_route=\/wp\/v2\/posts\/16981\/revisions"}],"predecessor-version":[{"id":16984,"href":"https:\/\/rr.unv-informacion.xyz\/index.php?rest_route=\/wp\/v2\/posts\/16981\/revisions\/16984"}],"wp:featuredmedia":[{"embeddable":true,"href":"https:\/\/rr.unv-informacion.xyz\/index.php?rest_route=\/wp\/v2\/media\/16983"}],"wp:attachment":[{"href":"https:\/\/rr.unv-informacion.xyz\/index.php?rest_route=%2Fwp%2Fv2%2Fmedia&parent=16981"}],"wp:term":[{"taxonomy":"category","embeddable":true,"href":"https:\/\/rr.unv-informacion.xyz\/index.php?rest_route=%2Fwp%2Fv2%2Fcategories&post=16981"},{"taxonomy":"post_tag","embeddable":true,"href":"https:\/\/rr.unv-informacion.xyz\/index.php?rest_route=%2Fwp%2Fv2%2Ftags&post=16981"}],"curies":[{"name":"wp","href":"https:\/\/api.w.org\/{rel}","templated":true}]}}