{"id":16985,"date":"2026-08-31T16:44:42","date_gmt":"2026-08-31T16:44:42","guid":{"rendered":"https:\/\/rr.unv-informacion.xyz\/?p=16985"},"modified":"2026-08-31T16:44:43","modified_gmt":"2026-08-31T16:44:43","slug":"familia-de-erick-cordero-continua-su-busqueda-cinco-anos-despues-de-su-desaparicion","status":"publish","type":"post","link":"https:\/\/rr.unv-informacion.xyz\/?p=16985","title":{"rendered":"Familia de Erick Cordero contin\u00faa su b\u00fasqueda cinco a\u00f1os despu\u00e9s de su desaparici\u00f3n"},"content":{"rendered":"\n<p class=\"wp-block-paragraph\">Cinco a\u00f1os despu\u00e9s de la desaparici\u00f3n de Erick Daniel Cordero Guzm\u00e1n, su familia contin\u00faa esperando respuestas sobre su paradero y reclama seguimiento a las diferentes pistas que han surgido desde agosto de 2021.<\/p>\n\n\n\n<p class=\"wp-block-paragraph\">Erick ten\u00eda 24 a\u00f1os cuando sali\u00f3 de su vivienda en Buenos Aires de Herrera, el 17 de agosto de 2021. Era licenciado en Contabilidad, trabajaba como prestamista y era el mayor de cuatro hermanos.<\/p>\n\n\n\n<p class=\"wp-block-paragraph\">Este domingo 30 de agosto, fecha en que se conmemora el D\u00eda Internacional de las V\u00edctimas de Desapariciones Forzadas, su madre, Ana Luisa Guzm\u00e1n Herrera, mantiene activo el llamado para que las autoridades contin\u00faen las investigaciones y puedan esclarecer qu\u00e9 ocurri\u00f3 con su hijo.<\/p>\n\n\n\n<p class=\"wp-block-paragraph\">La \u00faltima vez que Erick sali\u00f3 de su casa<br>De acuerdo con el relato de su madre, ese d\u00eda ella se encontraba preparando comida cuando Erick recibi\u00f3 una llamada y decidi\u00f3 salir de la vivienda.<\/p>\n\n\n\n<p class=\"wp-block-paragraph\">Antes de marcharse, le habr\u00eda pedido que guardara su comida porque ten\u00eda previsto regresar pronto. Sin embargo, al d\u00eda siguiente la familia comprob\u00f3 que no hab\u00eda regresado y tampoco presentaba actividad en sus redes sociales.<\/p>\n\n\n\n<p class=\"wp-block-paragraph\">Sus familiares comenzaron a contactar a amigos y a quien era su pareja en ese momento, pero ninguno pudo ofrecer informaci\u00f3n sobre su ubicaci\u00f3n.<\/p>\n\n\n\n<p class=\"wp-block-paragraph\">Uno de los elementos que gener\u00f3 mayor preocupaci\u00f3n fue la localizaci\u00f3n de la Kia Sportage 2014 que utilizaba Erick. Seg\u00fan la familia, el veh\u00edculo fue encontrado incendiado en Batey Palav\u00e9.<\/p>\n\n\n\n<p class=\"wp-block-paragraph\">Ana Luisa tambi\u00e9n ha cuestionado la respuesta recibida durante las primeras horas de la desaparici\u00f3n y recuerda que inicialmente se le indic\u00f3 que deb\u00eda esperar determinado per\u00edodo antes de formalizar el reporte.<\/p>\n\n\n\n<p class=\"wp-block-paragraph\">Pistas que la familia espera que sean esclarecidas<br>Con el paso del tiempo surgieron diferentes elementos que, seg\u00fan los familiares, fueron entregados o puestos en conocimiento de las autoridades.<\/p>\n\n\n\n<p class=\"wp-block-paragraph\">Entre ellos figuran im\u00e1genes de c\u00e1maras de seguridad que, de acuerdo con el relato familiar, mostrar\u00edan a Erick recogiendo a dos personas en el kil\u00f3metro 9 de la autopista Duarte.<\/p>\n\n\n\n<p class=\"wp-block-paragraph\">Tambi\u00e9n se identificaron movimientos relacionados con sus tarjetas en el kil\u00f3metro 17. La familia sostiene que esas operaciones habr\u00edan sido realizadas por otras personas.<\/p>\n\n\n\n<p class=\"wp-block-paragraph\">Otro elemento mencionado por Ana Luisa es la computadora port\u00e1til de Erick, la cual entreg\u00f3 a las autoridades como parte de las diligencias. La madre afirma que posteriormente recibi\u00f3 el equipo sin la informaci\u00f3n que conten\u00eda originalmente.<\/p>\n\n\n\n<p class=\"wp-block-paragraph\">Su abuela materna, Bienvenida Herrera, tambi\u00e9n record\u00f3 una llamada que Erick habr\u00eda recibido un d\u00eda antes de desaparecer y que ella interpret\u00f3 como una posible advertencia.<\/p>\n\n\n\n<p class=\"wp-block-paragraph\">No obstante, estas versiones corresponden a testimonios de familiares y no constituyen por s\u00ed mismas conclusiones oficiales sobre el caso.<\/p>\n\n\n\n<p class=\"wp-block-paragraph\">Familia espera respuestas sobre posibles restos humanos<br>Uno de los puntos que m\u00e1s inquietud mantiene entre los familiares est\u00e1 relacionado con unos restos humanos que, seg\u00fan Ana Luisa, fueron encontrados aproximadamente ocho meses despu\u00e9s de la desaparici\u00f3n cerca del lugar donde apareci\u00f3 el veh\u00edculo.<\/p>\n\n\n\n<p class=\"wp-block-paragraph\">La madre asegura que en ese momento se habl\u00f3 de realizar una prueba de ADN para determinar una posible identificaci\u00f3n, pero afirma que posteriormente no fue contactada para completar el procedimiento.<\/p>\n\n\n\n<p class=\"wp-block-paragraph\">Hasta el momento, la familia contin\u00faa esperando una explicaci\u00f3n definitiva sobre el resultado de esas diligencias y sobre las dem\u00e1s pistas recopiladas durante estos a\u00f1os.<\/p>\n\n\n\n<p class=\"wp-block-paragraph\">Desapariciones pendientes en Rep\u00fablica Dominicana<br>El caso de Erick se mantiene como uno de los expedientes de personas desaparecidas que las familias esperan ver esclarecidos.<\/p>\n\n\n\n<p class=\"wp-block-paragraph\">Seg\u00fan datos correspondientes al per\u00edodo entre 2018 y julio de 2026, se registraron 4,171 reportes de personas desaparecidas, de los cuales 241 permanec\u00edan sin resolver.<\/p>\n\n\n\n<p class=\"wp-block-paragraph\">Durante los primeros siete meses de 2026 se reportaron 375 casos, correspondientes a 257 hombres y 118 mujeres.<\/p>\n\n\n\n<p class=\"wp-block-paragraph\">En este contexto, la Ley 25-26 cre\u00f3 el Sistema Nacional \u201cAlertas RD\u201d, destinado a facilitar la difusi\u00f3n de informaci\u00f3n y mejorar la respuesta ante reportes de personas desaparecidas.<\/p>\n\n\n\n<p class=\"wp-block-paragraph\">La normativa contempla diferentes modalidades de alerta, entre ellas Amber, Silver, Azul y Rosa, dependiendo de las caracter\u00edsticas y circunstancias de cada caso.<\/p>\n\n\n\n<p class=\"wp-block-paragraph\">La Asociaci\u00f3n Dominicana de Familiares de Desaparecidos (Asodofade) tambi\u00e9n ha planteado la necesidad de que las familias reciban informaci\u00f3n peri\u00f3dica sobre el avance de las investigaciones y que los reportes sean atendidos oportunamente.<\/p>\n\n\n\n<p class=\"wp-block-paragraph\">Cinco a\u00f1os despu\u00e9s de la \u00faltima vez que vio a su hijo, Ana Luisa contin\u00faa buscando respuestas y espera que las autoridades puedan esclarecer el paradero de Erick Daniel Cordero Guzm\u00e1n.<\/p>\n\n\n\n<p class=\"wp-block-paragraph\"><\/p>\n","protected":false},"excerpt":{"rendered":"<p>Cinco a\u00f1os despu\u00e9s de la desaparici\u00f3n de Erick Daniel Cordero Guzm\u00e1n, su familia contin\u00faa esperando respuestas sobre su paradero y reclama seguimiento a las diferentes pistas que han surgido desde agosto de 2021. Erick ten\u00eda 24 a\u00f1os cuando sali\u00f3 de su vivienda en Buenos Aires de Herrera, el 17 de agosto de 2021. Era licenciado [&hellip;]<\/p>\n","protected":false},"author":1,"featured_media":16986,"comment_status":"open","ping_status":"open","sticky":false,"template":"","format":"standard","meta":{"footnotes":""},"categories":[1],"tags":[],"class_list":["post-16985","post","type-post","status-publish","format-standard","has-post-thumbnail","hentry","category-uncategorized"],"_links":{"self":[{"href":"https:\/\/rr.unv-informacion.xyz\/index.php?rest_route=\/wp\/v2\/posts\/16985","targetHints":{"allow":["GET"]}}],"collection":[{"href":"https:\/\/rr.unv-informacion.xyz\/index.php?rest_route=\/wp\/v2\/posts"}],"about":[{"href":"https:\/\/rr.unv-informacion.xyz\/index.php?rest_route=\/wp\/v2\/types\/post"}],"author":[{"embeddable":true,"href":"https:\/\/rr.unv-informacion.xyz\/index.php?rest_route=\/wp\/v2\/users\/1"}],"replies":[{"embeddable":true,"href":"https:\/\/rr.unv-informacion.xyz\/index.php?rest_route=%2Fwp%2Fv2%2Fcomments&post=16985"}],"version-history":[{"count":1,"href":"https:\/\/rr.unv-informacion.xyz\/index.php?rest_route=\/wp\/v2\/posts\/16985\/revisions"}],"predecessor-version":[{"id":16987,"href":"https:\/\/rr.unv-informacion.xyz\/index.php?rest_route=\/wp\/v2\/posts\/16985\/revisions\/16987"}],"wp:featuredmedia":[{"embeddable":true,"href":"https:\/\/rr.unv-informacion.xyz\/index.php?rest_route=\/wp\/v2\/media\/16986"}],"wp:attachment":[{"href":"https:\/\/rr.unv-informacion.xyz\/index.php?rest_route=%2Fwp%2Fv2%2Fmedia&parent=16985"}],"wp:term":[{"taxonomy":"category","embeddable":true,"href":"https:\/\/rr.unv-informacion.xyz\/index.php?rest_route=%2Fwp%2Fv2%2Fcategories&post=16985"},{"taxonomy":"post_tag","embeddable":true,"href":"https:\/\/rr.unv-informacion.xyz\/index.php?rest_route=%2Fwp%2Fv2%2Ftags&post=16985"}],"curies":[{"name":"wp","href":"https:\/\/api.w.org\/{rel}","templated":true}]}}