{"id":16992,"date":"2026-09-01T16:01:18","date_gmt":"2026-09-01T16:01:18","guid":{"rendered":"https:\/\/rr.unv-informacion.xyz\/?p=16992"},"modified":"2026-09-01T16:01:18","modified_gmt":"2026-09-01T16:01:18","slug":"comunicador-hamilton-pacheco-revela-detalles-sobre-caso-albert","status":"publish","type":"post","link":"https:\/\/rr.unv-informacion.xyz\/?p=16992","title":{"rendered":"Comunicador Hamilton Pacheco revela detalles sobre caso Albert"},"content":{"rendered":"\n<p class=\"wp-block-paragraph\">El comunicador Hamilton Pacheco, conocido como \u201cVega Mundial\u201d, fue entrevistado en el reconocido programa Esto No Es Radio, donde habl\u00f3 sobre varios casos de personas desaparecidas y centr\u00f3 buena parte de sus declaraciones en la investigaci\u00f3n relacionada con Albert de Jes\u00fas Aracena N\u00fa\u00f1ez.<\/p>\n\n\n\n<p class=\"wp-block-paragraph\">Durante la conversaci\u00f3n, Pacheco expuso lo que asegura haber observado mientras daba seguimiento al caso de Albert, el joven de 32 a\u00f1os de Cayetano Germos\u00e9n que fue reportado como desaparecido despu\u00e9s de acudir al centro recreativo La Piscina New York, en el paraje Hincha de Moca.<\/p>\n\n\n\n<p class=\"wp-block-paragraph\">El comunicador plante\u00f3 cuestionamientos sobre las primeras diligencias realizadas en el establecimiento y asegur\u00f3 que posteriormente fue necesaria la llegada de investigadores desde Santo Domingo para profundizar las pesquisas.<\/p>\n\n\n\n<p class=\"wp-block-paragraph\">Las c\u00e1maras estuvieron entre los principales cuestionamientos<br>Uno de los temas que Pacheco destac\u00f3 durante la entrevista fue el manejo de las c\u00e1maras de seguridad del negocio.<\/p>\n\n\n\n<p class=\"wp-block-paragraph\">Seg\u00fan explic\u00f3, recibi\u00f3 como respuesta que las grabaciones se borraban cada 48 horas. Sin embargo, cuestion\u00f3 esa versi\u00f3n debido a las circunstancias en las que se encontraba operando el establecimiento durante esos d\u00edas.<\/p>\n\n\n\n<p class=\"wp-block-paragraph\">Para el comunicador, determinar qu\u00e9 ocurri\u00f3 con las im\u00e1genes correspondientes al momento en que Albert estuvo en el lugar era una parte importante de la investigaci\u00f3n.<\/p>\n\n\n\n<p class=\"wp-block-paragraph\">Tambi\u00e9n record\u00f3 que inicialmente exist\u00edan dudas sobre si Albert hab\u00eda abandonado el establecimiento y bajo qu\u00e9 circunstancias lo habr\u00eda hecho.<\/p>\n\n\n\n<p class=\"wp-block-paragraph\">Pacheco mencion\u00f3 una versi\u00f3n atribuida a un menor que indicaba que el joven habr\u00eda salido para comprar una pizza. Durante la entrevista cuestion\u00f3 algunos elementos de ese relato y sostuvo que deb\u00edan ser comprobados por los investigadores.<\/p>\n\n\n\n<p class=\"wp-block-paragraph\">Pacheco habl\u00f3 sobre un congelador dentro del negocio<br>Otro aspecto que llam\u00f3 la atenci\u00f3n durante la conversaci\u00f3n fue la existencia de un congelador en el establecimiento.<\/p>\n\n\n\n<p class=\"wp-block-paragraph\">Pacheco asegur\u00f3 que inicialmente no se permiti\u00f3 revisarlo y que, cuando finalmente fue inspeccionado, aparentemente hab\u00eda sido limpiado y su compresor hab\u00eda sido retirado.<\/p>\n\n\n\n<p class=\"wp-block-paragraph\">El comunicador present\u00f3 estas circunstancias como elementos que, a su entender, requer\u00edan una investigaci\u00f3n m\u00e1s profunda. Sus se\u00f1alamientos forman parte de lo expresado durante la entrevista y no constituyen por s\u00ed mismos conclusiones oficiales.<\/p>\n\n\n\n<p class=\"wp-block-paragraph\">Tambi\u00e9n habl\u00f3 de inspecciones realizadas en terrenos cercanos al establecimiento y de otras diligencias desarrolladas mientras las autoridades intentaban establecer qu\u00e9 hab\u00eda ocurrido con Albert.<\/p>\n\n\n\n<p class=\"wp-block-paragraph\">La llegada de investigadores desde Santo Domingo<br>Pacheco asegur\u00f3 en Esto No Es Radio que la investigaci\u00f3n experiment\u00f3 un cambio despu\u00e9s de que el caso obtuvo mayor exposici\u00f3n p\u00fablica y otros comunicadores comenzaron a darle seguimiento.<\/p>\n\n\n\n<p class=\"wp-block-paragraph\">De acuerdo con su relato, el general Matos dispuso el env\u00edo desde Santo Domingo de un equipo encabezado por el coronel Ovalle, relacionado con investigaciones de pr\u00f3fugos y desaparecidos.<\/p>\n\n\n\n<p class=\"wp-block-paragraph\">El comunicador explic\u00f3 que, tras llegar a la zona, ese equipo asumi\u00f3 diligencias relacionadas con el caso y realiz\u00f3 nuevas verificaciones.<\/p>\n\n\n\n<p class=\"wp-block-paragraph\">Pacheco aprovech\u00f3 este punto para cuestionar la respuesta inicial ante reportes de desapariciones y sostuvo que determinadas actuaciones deber\u00edan comenzar desde las primeras horas, sin esperar que un caso alcance notoriedad p\u00fablica.<\/p>\n\n\n\n<p class=\"wp-block-paragraph\">El caso cambi\u00f3 despu\u00e9s de 21 d\u00edas de b\u00fasqueda<br>Albert fue buscado durante 21 d\u00edas por familiares, comunitarios y autoridades. El 25 de agosto fue localizado en un terreno de dif\u00edcil acceso del sector La Chancleta, en Moca.<\/p>\n\n\n\n<p class=\"wp-block-paragraph\">A partir de ese hallazgo, la investigaci\u00f3n entr\u00f3 en una nueva etapa y las autoridades realizaron arrestos relacionados con el caso.<\/p>\n\n\n\n<p class=\"wp-block-paragraph\">Entre las personas detenidas se encuentra Iv\u00e1n Arias Espinosa, propietario de La Piscina New York. De acuerdo con la informaci\u00f3n disponible sobre el expediente, Arias ofreci\u00f3 una versi\u00f3n sobre lo sucedido con Albert y las razones por las cuales decidi\u00f3 ocultar el hecho.<\/p>\n\n\n\n<p class=\"wp-block-paragraph\">Tambi\u00e9n fue detenida Yosilda Arias. Dentro de las diligencias realizadas por las autoridades figura una factura correspondiente a la compra de cinco fundas de cal realizada el 5 de agosto.<\/p>\n\n\n\n<p class=\"wp-block-paragraph\">Un ciudadano haitiano identificado como Elvi tambi\u00e9n ha sido mencionado dentro de la investigaci\u00f3n.<\/p>\n\n\n\n<p class=\"wp-block-paragraph\">El informe preliminar del Instituto Nacional de Ciencias Forenses estableci\u00f3 como causa del deceso una asfixia mec\u00e1nica por inmersi\u00f3n y clasific\u00f3 la etiolog\u00eda m\u00e9dico-legal como homicida.<\/p>\n\n\n\n<p class=\"wp-block-paragraph\">La defensa de la familia ha se\u00f1alado que ese informe es provisional y considera que todav\u00eda existen elementos que deben ser aclarados dentro de la investigaci\u00f3n.<\/p>\n\n\n\n<p class=\"wp-block-paragraph\">Otros casos abordados durante la entrevista<br>La conversaci\u00f3n en Esto No Es Radio tambi\u00e9n permiti\u00f3 a Pacheco referirse a otros casos de personas desaparecidas que ha seguido.<\/p>\n\n\n\n<p class=\"wp-block-paragraph\">Entre ellos mencion\u00f3 a Roldani Calder\u00f3n y cuestion\u00f3 algunos aspectos de las labores realizadas durante su b\u00fasqueda, especialmente la disponibilidad de recursos especializados desde los primeros d\u00edas.<\/p>\n\n\n\n<p class=\"wp-block-paragraph\">Tambi\u00e9n habl\u00f3 del caso de un hombre conocido como \u201cLolo\u201d y present\u00f3 dudas personales sobre algunas circunstancias relacionadas con el proceso. Esos planteamientos corresponden a la interpretaci\u00f3n del comunicador y no fueron expuestos como conclusiones oficiales.<\/p>\n\n\n\n<p class=\"wp-block-paragraph\">Otro de los casos mencionados fue el de la menor Brianna, cuya desaparici\u00f3n contin\u00faa bajo investigaci\u00f3n de las autoridades correspondientes.<\/p>\n\n\n\n<p class=\"wp-block-paragraph\">Durante el programa tambi\u00e9n se plante\u00f3 la preocupaci\u00f3n de que algunas desapariciones pudieran estar relacionadas con redes de trata de personas. Esa posibilidad fue presentada como una hip\u00f3tesis dentro de la conversaci\u00f3n y no como una conclusi\u00f3n confirmada por las autoridades.<\/p>\n\n\n\n<p class=\"wp-block-paragraph\">Pacheco insisti\u00f3 en que el pa\u00eds necesita una respuesta m\u00e1s r\u00e1pida y mayores recursos especializados cuando una persona es reportada como desaparecida, especialmente durante las primeras horas.<\/p>\n\n\n\n<p class=\"wp-block-paragraph\">Mientras tanto, el proceso relacionado con Albert contin\u00faa en manos del Ministerio P\u00fablico. Seg\u00fan la informaci\u00f3n suministrada sobre el caso, el conocimiento de la medida de coerci\u00f3n contra los imputados fue reprogramado para el 4 de septiembre en el Palacio de Justicia de Moca.<\/p>\n\n\n\n<figure class=\"wp-block-image size-large\"><img loading=\"lazy\" decoding=\"async\" width=\"1024\" height=\"576\" src=\"https:\/\/rr.unv-informacion.xyz\/wp-content\/uploads\/2026\/09\/screenshot-1788200207465-1024x576.webp\" alt=\"\" class=\"wp-image-16993\" srcset=\"https:\/\/rr.unv-informacion.xyz\/wp-content\/uploads\/2026\/09\/screenshot-1788200207465-1024x576.webp 1024w, https:\/\/rr.unv-informacion.xyz\/wp-content\/uploads\/2026\/09\/screenshot-1788200207465-300x169.webp 300w, https:\/\/rr.unv-informacion.xyz\/wp-content\/uploads\/2026\/09\/screenshot-1788200207465-768x432.webp 768w, https:\/\/rr.unv-informacion.xyz\/wp-content\/uploads\/2026\/09\/screenshot-1788200207465-1536x864.webp 1536w, https:\/\/rr.unv-informacion.xyz\/wp-content\/uploads\/2026\/09\/screenshot-1788200207465-284x160.webp 284w, https:\/\/rr.unv-informacion.xyz\/wp-content\/uploads\/2026\/09\/screenshot-1788200207465-299x168.webp 299w, https:\/\/rr.unv-informacion.xyz\/wp-content\/uploads\/2026\/09\/screenshot-1788200207465-640x360.webp 640w, https:\/\/rr.unv-informacion.xyz\/wp-content\/uploads\/2026\/09\/screenshot-1788200207465-622x350.webp 622w, https:\/\/rr.unv-informacion.xyz\/wp-content\/uploads\/2026\/09\/screenshot-1788200207465-681x383.webp 681w, https:\/\/rr.unv-informacion.xyz\/wp-content\/uploads\/2026\/09\/screenshot-1788200207465-340x191.webp 340w, https:\/\/rr.unv-informacion.xyz\/wp-content\/uploads\/2026\/09\/screenshot-1788200207465.webp 1920w\" sizes=\"auto, (max-width: 1024px) 100vw, 1024px\" \/><\/figure>\n\n\n\n<figure class=\"wp-block-image size-large\"><img loading=\"lazy\" decoding=\"async\" width=\"1024\" height=\"576\" src=\"https:\/\/rr.unv-informacion.xyz\/wp-content\/uploads\/2026\/09\/portada_1600x900-2026-08-31T141422.140-1-1024x576.webp\" alt=\"\" class=\"wp-image-16994\" srcset=\"https:\/\/rr.unv-informacion.xyz\/wp-content\/uploads\/2026\/09\/portada_1600x900-2026-08-31T141422.140-1-1024x576.webp 1024w, https:\/\/rr.unv-informacion.xyz\/wp-content\/uploads\/2026\/09\/portada_1600x900-2026-08-31T141422.140-1-300x169.webp 300w, https:\/\/rr.unv-informacion.xyz\/wp-content\/uploads\/2026\/09\/portada_1600x900-2026-08-31T141422.140-1-768x432.webp 768w, https:\/\/rr.unv-informacion.xyz\/wp-content\/uploads\/2026\/09\/portada_1600x900-2026-08-31T141422.140-1-1536x864.webp 1536w, https:\/\/rr.unv-informacion.xyz\/wp-content\/uploads\/2026\/09\/portada_1600x900-2026-08-31T141422.140-1-284x160.webp 284w, https:\/\/rr.unv-informacion.xyz\/wp-content\/uploads\/2026\/09\/portada_1600x900-2026-08-31T141422.140-1-299x168.webp 299w, https:\/\/rr.unv-informacion.xyz\/wp-content\/uploads\/2026\/09\/portada_1600x900-2026-08-31T141422.140-1-640x360.webp 640w, https:\/\/rr.unv-informacion.xyz\/wp-content\/uploads\/2026\/09\/portada_1600x900-2026-08-31T141422.140-1-622x350.webp 622w, https:\/\/rr.unv-informacion.xyz\/wp-content\/uploads\/2026\/09\/portada_1600x900-2026-08-31T141422.140-1-681x383.webp 681w, https:\/\/rr.unv-informacion.xyz\/wp-content\/uploads\/2026\/09\/portada_1600x900-2026-08-31T141422.140-1-340x191.webp 340w, https:\/\/rr.unv-informacion.xyz\/wp-content\/uploads\/2026\/09\/portada_1600x900-2026-08-31T141422.140-1.webp 1600w\" sizes=\"auto, (max-width: 1024px) 100vw, 1024px\" \/><\/figure>\n\n\n\n<figure class=\"wp-block-embed is-type-video is-provider-youtube wp-block-embed-youtube wp-embed-aspect-16-9 wp-has-aspect-ratio\"><div class=\"wp-block-embed__wrapper\">\n<iframe loading=\"lazy\" title=\"LA VEGA MUNDIAL: DESDE ROLDANY A ALBERT DESTAPANDO CASOS DEL CIBAO\" width=\"640\" height=\"360\" src=\"https:\/\/www.youtube.com\/embed\/egm3G5DUkEc?feature=oembed\" frameborder=\"0\" allow=\"accelerometer; autoplay; clipboard-write; encrypted-media; gyroscope; picture-in-picture; web-share\" referrerpolicy=\"strict-origin-when-cross-origin\" allowfullscreen><\/iframe>\n<\/div><\/figure>\n","protected":false},"excerpt":{"rendered":"<p>El comunicador Hamilton Pacheco, conocido como \u201cVega Mundial\u201d, fue entrevistado en el reconocido programa Esto No Es Radio, donde habl\u00f3 sobre varios casos de personas desaparecidas y centr\u00f3 buena parte de sus declaraciones en la investigaci\u00f3n relacionada con Albert de Jes\u00fas Aracena N\u00fa\u00f1ez. Durante la conversaci\u00f3n, Pacheco expuso lo que asegura haber observado mientras daba [&hellip;]<\/p>\n","protected":false},"author":1,"featured_media":16993,"comment_status":"open","ping_status":"open","sticky":false,"template":"","format":"standard","meta":{"footnotes":""},"categories":[1],"tags":[],"class_list":["post-16992","post","type-post","status-publish","format-standard","has-post-thumbnail","hentry","category-uncategorized"],"_links":{"self":[{"href":"https:\/\/rr.unv-informacion.xyz\/index.php?rest_route=\/wp\/v2\/posts\/16992","targetHints":{"allow":["GET"]}}],"collection":[{"href":"https:\/\/rr.unv-informacion.xyz\/index.php?rest_route=\/wp\/v2\/posts"}],"about":[{"href":"https:\/\/rr.unv-informacion.xyz\/index.php?rest_route=\/wp\/v2\/types\/post"}],"author":[{"embeddable":true,"href":"https:\/\/rr.unv-informacion.xyz\/index.php?rest_route=\/wp\/v2\/users\/1"}],"replies":[{"embeddable":true,"href":"https:\/\/rr.unv-informacion.xyz\/index.php?rest_route=%2Fwp%2Fv2%2Fcomments&post=16992"}],"version-history":[{"count":1,"href":"https:\/\/rr.unv-informacion.xyz\/index.php?rest_route=\/wp\/v2\/posts\/16992\/revisions"}],"predecessor-version":[{"id":16995,"href":"https:\/\/rr.unv-informacion.xyz\/index.php?rest_route=\/wp\/v2\/posts\/16992\/revisions\/16995"}],"wp:featuredmedia":[{"embeddable":true,"href":"https:\/\/rr.unv-informacion.xyz\/index.php?rest_route=\/wp\/v2\/media\/16993"}],"wp:attachment":[{"href":"https:\/\/rr.unv-informacion.xyz\/index.php?rest_route=%2Fwp%2Fv2%2Fmedia&parent=16992"}],"wp:term":[{"taxonomy":"category","embeddable":true,"href":"https:\/\/rr.unv-informacion.xyz\/index.php?rest_route=%2Fwp%2Fv2%2Fcategories&post=16992"},{"taxonomy":"post_tag","embeddable":true,"href":"https:\/\/rr.unv-informacion.xyz\/index.php?rest_route=%2Fwp%2Fv2%2Ftags&post=16992"}],"curies":[{"name":"wp","href":"https:\/\/api.w.org\/{rel}","templated":true}]}}