{"id":17000,"date":"2026-09-01T16:07:16","date_gmt":"2026-09-01T16:07:16","guid":{"rendered":"https:\/\/rr.unv-informacion.xyz\/?p=17000"},"modified":"2026-09-01T16:07:16","modified_gmt":"2026-09-01T16:07:16","slug":"autoridades-investigan-caso-tras-operativo-en-jagua-abajo","status":"publish","type":"post","link":"https:\/\/rr.unv-informacion.xyz\/?p=17000","title":{"rendered":"Autoridades investigan caso tras operativo en Jagua Abajo"},"content":{"rendered":"\n<p class=\"wp-block-paragraph\">Joel Rodr\u00edguez, se\u00f1alado por las autoridades como persona vinculada a un caso ocurrido el pasado s\u00e1bado 29 de agosto en esa comunidad, perdi\u00f3 la vida durante una intervenci\u00f3n del DICRIM, seg\u00fan informaciones suministradas sobre el hecho.<\/p>\n\n\n\n<p class=\"wp-block-paragraph\">Rodr\u00edguez era buscado en relaci\u00f3n con el caso de su prima Yenny Fern\u00e1ndez, tambi\u00e9n identificada por algunos medios como Yeny Altagracia Rodr\u00edguez, ocurrido en Jagua Abajo.<\/p>\n\n\n\n<p class=\"wp-block-paragraph\">Hasta el momento, dos ciudadanos haitianos permanecen detenidos mientras contin\u00faan las investigaciones y la b\u00fasqueda de otras personas que habr\u00edan salido del lugar.<\/p>\n\n\n\n<p class=\"wp-block-paragraph\">Investigaci\u00f3n y operativo en la zona<br>De acuerdo con versiones compartidas por residentes del \u00e1rea, las autoridades realizaron acciones de b\u00fasqueda luego del incidente.<\/p>\n\n\n\n<p class=\"wp-block-paragraph\">Tambi\u00e9n se han difundido reportes sobre operativos migratorios en la zona, aunque no se han ofrecido detalles oficiales sobre esas actuaciones.<\/p>\n\n\n\n<p class=\"wp-block-paragraph\">Algunos comunitarios se\u00f1alaron que varias personas de nacionalidad haitiana se encontraban cerca del lugar donde ocurrieron los hechos y pidieron que se investigue si tuvieron alguna participaci\u00f3n o si pudieron aportar informaci\u00f3n relevante.<\/p>\n\n\n\n<p class=\"wp-block-paragraph\">Las autoridades no han confirmado p\u00fablicamente la responsabilidad de las personas detenidas ni han informado todos los detalles del proceso investigativo.<\/p>\n\n\n\n<p class=\"wp-block-paragraph\">Testimonios de residentes<br>Durante entrevistas realizadas en la comunidad, algunos allegados mencionaron a Rodr\u00edguez como una persona que deb\u00eda ser localizada para aclarar lo sucedido.<\/p>\n\n\n\n<p class=\"wp-block-paragraph\">\u201cS\u00ed, el primo de ella, ese es que hay que agarrar\u201d, expres\u00f3 uno de los entrevistados al referirse al caso.<\/p>\n\n\n\n<p class=\"wp-block-paragraph\">El hombre tambi\u00e9n afirm\u00f3 que varias personas estaban en un callej\u00f3n cercano al momento del incidente y consider\u00f3 que podr\u00edan tener informaci\u00f3n sobre lo ocurrido.<\/p>\n\n\n\n<p class=\"wp-block-paragraph\">Adem\u00e1s, se\u00f1al\u00f3 que Rodr\u00edguez supuestamente ten\u00eda fotograf\u00edas de su prima en el tel\u00e9fono y habl\u00f3 de una posible relaci\u00f3n emocional hacia ella, aunque esta versi\u00f3n no ha sido confirmada oficialmente.<\/p>\n\n\n\n<p class=\"wp-block-paragraph\">Contin\u00faan las investigaciones<br>Otro residente indic\u00f3 que una patrulla habr\u00eda estado buscando a Rodr\u00edguez y que, seg\u00fan su versi\u00f3n, en un momento logr\u00f3 salir de una vivienda donde se encontraba. Adem\u00e1s, que estaba en posesi\u00f3n de una \u00absierra\u00bb y que habr\u00eda sostenido un tenso momento con varias personas.<\/p>\n\n\n\n<p class=\"wp-block-paragraph\">Sin embargo, en otro audiovisual, un comunicador que sigue el caso precis\u00f3 que el individuo portaba un objeto cortante largo.<\/p>\n\n\n\n<p class=\"wp-block-paragraph\">Hasta ahora, las autoridades no han ofrecido un informe completo sobre el operativo ni han detallado las circunstancias en las que Rodr\u00edguez perdi\u00f3 la vida.<\/p>\n\n\n\n<p class=\"wp-block-paragraph\">El caso permanece bajo investigaci\u00f3n, mientras se mantienen las diligencias para esclarecer lo ocurrido, determinar responsabilidades y localizar a las dem\u00e1s personas que puedan aportar informaci\u00f3n.<\/p>\n\n\n\n<figure class=\"wp-block-image size-large\"><img loading=\"lazy\" decoding=\"async\" width=\"1024\" height=\"633\" src=\"https:\/\/rr.unv-informacion.xyz\/wp-content\/uploads\/2026\/09\/7-1-12-1024x633.webp\" alt=\"\" class=\"wp-image-17001\" srcset=\"https:\/\/rr.unv-informacion.xyz\/wp-content\/uploads\/2026\/09\/7-1-12-1024x633.webp 1024w, https:\/\/rr.unv-informacion.xyz\/wp-content\/uploads\/2026\/09\/7-1-12-300x185.webp 300w, https:\/\/rr.unv-informacion.xyz\/wp-content\/uploads\/2026\/09\/7-1-12-767x474.webp 767w, https:\/\/rr.unv-informacion.xyz\/wp-content\/uploads\/2026\/09\/7-1-12-258x159.webp 258w, https:\/\/rr.unv-informacion.xyz\/wp-content\/uploads\/2026\/09\/7-1-12-299x185.webp 299w, https:\/\/rr.unv-informacion.xyz\/wp-content\/uploads\/2026\/09\/7-1-12-639x395.webp 639w, https:\/\/rr.unv-informacion.xyz\/wp-content\/uploads\/2026\/09\/7-1-12-566x350.webp 566w, https:\/\/rr.unv-informacion.xyz\/wp-content\/uploads\/2026\/09\/7-1-12-680x420.webp 680w, https:\/\/rr.unv-informacion.xyz\/wp-content\/uploads\/2026\/09\/7-1-12-938x580.webp 938w, https:\/\/rr.unv-informacion.xyz\/wp-content\/uploads\/2026\/09\/7-1-12-340x210.webp 340w, https:\/\/rr.unv-informacion.xyz\/wp-content\/uploads\/2026\/09\/7-1-12-647x400.webp 647w, https:\/\/rr.unv-informacion.xyz\/wp-content\/uploads\/2026\/09\/7-1-12.webp 1408w\" sizes=\"auto, (max-width: 1024px) 100vw, 1024px\" \/><\/figure>\n\n\n<iframe loading=\"lazy\" src=\"https:\/\/www.facebook.com\/plugins\/video.php?href=https%3A%2F%2Fwww.facebook.com%2Freel%2F1875723053591876%2F&#038;show_text=0&#038;width=357\" width=\"357\" height=\"476\" style=\"border:none;overflow:hidden\" scrolling=\"no\" frameborder=\"0\" allowfullscreen=\"true\" allow=\"autoplay; clipboard-write; encrypted-media; picture-in-picture; web-share\" allowFullScreen=\"true\"><\/iframe>\n\n<iframe loading=\"lazy\" src=\"https:\/\/www.facebook.com\/plugins\/video.php?href=https%3A%2F%2Fwww.facebook.com%2Freel%2F1372495641180604%2F&#038;show_text=0&#038;width=304\" width=\"304\" height=\"476\" style=\"border:none;overflow:hidden\" scrolling=\"no\" frameborder=\"0\" allowfullscreen=\"true\" allow=\"autoplay; clipboard-write; encrypted-media; picture-in-picture; web-share\" allowFullScreen=\"true\"><\/iframe>","protected":false},"excerpt":{"rendered":"<p>Joel Rodr\u00edguez, se\u00f1alado por las autoridades como persona vinculada a un caso ocurrido el pasado s\u00e1bado 29 de agosto en esa comunidad, perdi\u00f3 la vida durante una intervenci\u00f3n del DICRIM, seg\u00fan informaciones suministradas sobre el hecho. Rodr\u00edguez era buscado en relaci\u00f3n con el caso de su prima Yenny Fern\u00e1ndez, tambi\u00e9n identificada por algunos medios como [&hellip;]<\/p>\n","protected":false},"author":1,"featured_media":17001,"comment_status":"open","ping_status":"open","sticky":false,"template":"","format":"standard","meta":{"footnotes":""},"categories":[1],"tags":[],"class_list":["post-17000","post","type-post","status-publish","format-standard","has-post-thumbnail","hentry","category-uncategorized"],"_links":{"self":[{"href":"https:\/\/rr.unv-informacion.xyz\/index.php?rest_route=\/wp\/v2\/posts\/17000","targetHints":{"allow":["GET"]}}],"collection":[{"href":"https:\/\/rr.unv-informacion.xyz\/index.php?rest_route=\/wp\/v2\/posts"}],"about":[{"href":"https:\/\/rr.unv-informacion.xyz\/index.php?rest_route=\/wp\/v2\/types\/post"}],"author":[{"embeddable":true,"href":"https:\/\/rr.unv-informacion.xyz\/index.php?rest_route=\/wp\/v2\/users\/1"}],"replies":[{"embeddable":true,"href":"https:\/\/rr.unv-informacion.xyz\/index.php?rest_route=%2Fwp%2Fv2%2Fcomments&post=17000"}],"version-history":[{"count":1,"href":"https:\/\/rr.unv-informacion.xyz\/index.php?rest_route=\/wp\/v2\/posts\/17000\/revisions"}],"predecessor-version":[{"id":17002,"href":"https:\/\/rr.unv-informacion.xyz\/index.php?rest_route=\/wp\/v2\/posts\/17000\/revisions\/17002"}],"wp:featuredmedia":[{"embeddable":true,"href":"https:\/\/rr.unv-informacion.xyz\/index.php?rest_route=\/wp\/v2\/media\/17001"}],"wp:attachment":[{"href":"https:\/\/rr.unv-informacion.xyz\/index.php?rest_route=%2Fwp%2Fv2%2Fmedia&parent=17000"}],"wp:term":[{"taxonomy":"category","embeddable":true,"href":"https:\/\/rr.unv-informacion.xyz\/index.php?rest_route=%2Fwp%2Fv2%2Fcategories&post=17000"},{"taxonomy":"post_tag","embeddable":true,"href":"https:\/\/rr.unv-informacion.xyz\/index.php?rest_route=%2Fwp%2Fv2%2Ftags&post=17000"}],"curies":[{"name":"wp","href":"https:\/\/api.w.org\/{rel}","templated":true}]}}