{"id":17007,"date":"2026-09-02T15:53:27","date_gmt":"2026-09-02T15:53:27","guid":{"rendered":"https:\/\/rr.unv-informacion.xyz\/?p=17007"},"modified":"2026-09-02T15:53:27","modified_gmt":"2026-09-02T15:53:27","slug":"revelan-contradicciones-en-versiones-sobre-busqueda-de-roldany-calderon","status":"publish","type":"post","link":"https:\/\/rr.unv-informacion.xyz\/?p=17007","title":{"rendered":"Revelan contradicciones en versiones sobre b\u00fasqueda de Roldany Calder\u00f3n"},"content":{"rendered":"\n<p class=\"wp-block-paragraph\">Un comunicador difundi\u00f3 un video en el que analiza las declaraciones de varias personas vinculadas a la b\u00fasqueda de Roldany Calder\u00f3n, el ni\u00f1o reportado como desaparecido hace m\u00e1s de un a\u00f1o, y se\u00f1ala diferencias entre algunos testimonios ofrecidos durante las investigaciones.<\/p>\n\n\n\n<p class=\"wp-block-paragraph\">En el material, el comunicador Hamilton Pacheco, conocido como \u201cEl Wiu Wiu\u201d, pidi\u00f3 a la ciudadan\u00eda compartir la informaci\u00f3n para mantener la atenci\u00f3n sobre el caso y afirm\u00f3 que su intenci\u00f3n es aportar datos que puedan ayudar a localizar al menor.<\/p>\n\n\n\n<p class=\"wp-block-paragraph\">Durante la grabaci\u00f3n, cuestion\u00f3 las versiones relacionadas con la b\u00fasqueda realizada en una zona cercana a un r\u00edo, donde varias personas habr\u00edan participado en los primeros esfuerzos para encontrar al ni\u00f1o.<\/p>\n\n\n\n<p class=\"wp-block-paragraph\">Se\u00f1ala diferencias entre testimonios<br>En el video se muestran declaraciones de Kelvin y Sergio, quienes fueron consultados sobre su participaci\u00f3n en la b\u00fasqueda.<\/p>\n\n\n\n<p class=\"wp-block-paragraph\">Seg\u00fan el comunicador, existen diferencias entre lo expresado por ambos sobre si estuvieron juntos en el \u00e1rea del r\u00edo y c\u00f3mo ocurrieron esos movimientos.<\/p>\n\n\n\n<p class=\"wp-block-paragraph\">Pacheco explic\u00f3 que uno de los testimonios indica que hubo una b\u00fasqueda en la zona del r\u00edo junto a otras personas, mientras que otra versi\u00f3n no coincide completamente con esa narraci\u00f3n.<\/p>\n\n\n\n<p class=\"wp-block-paragraph\">El comunicador aclar\u00f3 que no est\u00e1 se\u00f1alando responsabilidades directas contra ninguna persona y sostuvo que cualquier conclusi\u00f3n debe estar en manos de las autoridades correspondientes.<\/p>\n\n\n\n<p class=\"wp-block-paragraph\">Pide mantener la atenci\u00f3n sobre el caso<br>Durante su intervenci\u00f3n, afirm\u00f3 que las personas relacionadas con el caso deben ser evaluadas dentro del proceso investigativo y que cualquier informaci\u00f3n nueva podr\u00eda ser importante para encontrar respuestas sobre la desaparici\u00f3n del menor.<\/p>\n\n\n\n<p class=\"wp-block-paragraph\">Tambi\u00e9n solicit\u00f3 apoyo para que las publicaciones relacionadas con Roldany Calder\u00f3n lleguen a instituciones oficiales y autoridades, con el objetivo de mantener vigente la b\u00fasqueda.<\/p>\n\n\n\n<p class=\"wp-block-paragraph\">El comunicador indic\u00f3 que cuenta con informaci\u00f3n adicional que decidi\u00f3 no divulgar p\u00fablicamente para evitar afectar cualquier investigaci\u00f3n en curso.<\/p>\n\n\n\n<p class=\"wp-block-paragraph\">Investigaci\u00f3n contin\u00faa<br>El caso de Roldany Calder\u00f3n sigue generando preguntas entre familiares, ciudadanos y personas que han dado seguimiento a la situaci\u00f3n.<\/p>\n\n\n\n<p class=\"wp-block-paragraph\">Hasta el momento, las autoridades mantienen las investigaciones para determinar qu\u00e9 ocurri\u00f3 con el ni\u00f1o y avanzar en la b\u00fasqueda de respuestas.<\/p>\n\n\n\n<p class=\"wp-block-paragraph\">Pacheco reiter\u00f3 que continuar\u00e1 compartiendo informaciones que, seg\u00fan entiende, puedan contribuir al proceso, siempre apegado a la espera de resultados oficiales.<\/p>\n\n\n\n<figure class=\"wp-block-image size-large\"><img loading=\"lazy\" decoding=\"async\" width=\"1024\" height=\"680\" src=\"https:\/\/rr.unv-informacion.xyz\/wp-content\/uploads\/2026\/09\/6-1-1-1024x680.webp\" alt=\"\" class=\"wp-image-17008\" srcset=\"https:\/\/rr.unv-informacion.xyz\/wp-content\/uploads\/2026\/09\/6-1-1-1024x680.webp 1024w, https:\/\/rr.unv-informacion.xyz\/wp-content\/uploads\/2026\/09\/6-1-1-300x199-1.webp 300w, https:\/\/rr.unv-informacion.xyz\/wp-content\/uploads\/2026\/09\/6-1-1-767x509.webp 767w, https:\/\/rr.unv-informacion.xyz\/wp-content\/uploads\/2026\/09\/6-1-1-1536x1020.webp 1536w, https:\/\/rr.unv-informacion.xyz\/wp-content\/uploads\/2026\/09\/6-1-1-241x160.webp 241w, https:\/\/rr.unv-informacion.xyz\/wp-content\/uploads\/2026\/09\/6-1-1-292x194.webp 292w, https:\/\/rr.unv-informacion.xyz\/wp-content\/uploads\/2026\/09\/6-1-1-639x424.webp 639w, https:\/\/rr.unv-informacion.xyz\/wp-content\/uploads\/2026\/09\/6-1-1-527x350.webp 527w, https:\/\/rr.unv-informacion.xyz\/wp-content\/uploads\/2026\/09\/6-1-1-331x220.webp 331w, https:\/\/rr.unv-informacion.xyz\/wp-content\/uploads\/2026\/09\/6-1-1-680x451.webp 680w, https:\/\/rr.unv-informacion.xyz\/wp-content\/uploads\/2026\/09\/6-1-1-873x579.webp 873w, https:\/\/rr.unv-informacion.xyz\/wp-content\/uploads\/2026\/09\/6-1-1-340x226.webp 340w, https:\/\/rr.unv-informacion.xyz\/wp-content\/uploads\/2026\/09\/6-1-1-602x400.webp 602w, https:\/\/rr.unv-informacion.xyz\/wp-content\/uploads\/2026\/09\/6-1-1.webp 1600w\" sizes=\"auto, (max-width: 1024px) 100vw, 1024px\" \/><\/figure>\n\n\n<iframe loading=\"lazy\" src=\"https:\/\/www.facebook.com\/plugins\/video.php?href=https%3A%2F%2Fwww.facebook.com%2Freel%2F38462848016639567%2F&#038;show_text=0&#038;width=357\" width=\"357\" height=\"476\" style=\"border:none;overflow:hidden\" scrolling=\"no\" frameborder=\"0\" allowfullscreen=\"true\" allow=\"autoplay; clipboard-write; encrypted-media; picture-in-picture; web-share\" allowFullScreen=\"true\"><\/iframe>","protected":false},"excerpt":{"rendered":"<p>Un comunicador difundi\u00f3 un video en el que analiza las declaraciones de varias personas vinculadas a la b\u00fasqueda de Roldany Calder\u00f3n, el ni\u00f1o reportado como desaparecido hace m\u00e1s de un a\u00f1o, y se\u00f1ala diferencias entre algunos testimonios ofrecidos durante las investigaciones. En el material, el comunicador Hamilton Pacheco, conocido como \u201cEl Wiu Wiu\u201d, pidi\u00f3 a [&hellip;]<\/p>\n","protected":false},"author":1,"featured_media":17008,"comment_status":"open","ping_status":"open","sticky":false,"template":"","format":"standard","meta":{"footnotes":""},"categories":[1],"tags":[],"class_list":["post-17007","post","type-post","status-publish","format-standard","has-post-thumbnail","hentry","category-uncategorized"],"_links":{"self":[{"href":"https:\/\/rr.unv-informacion.xyz\/index.php?rest_route=\/wp\/v2\/posts\/17007","targetHints":{"allow":["GET"]}}],"collection":[{"href":"https:\/\/rr.unv-informacion.xyz\/index.php?rest_route=\/wp\/v2\/posts"}],"about":[{"href":"https:\/\/rr.unv-informacion.xyz\/index.php?rest_route=\/wp\/v2\/types\/post"}],"author":[{"embeddable":true,"href":"https:\/\/rr.unv-informacion.xyz\/index.php?rest_route=\/wp\/v2\/users\/1"}],"replies":[{"embeddable":true,"href":"https:\/\/rr.unv-informacion.xyz\/index.php?rest_route=%2Fwp%2Fv2%2Fcomments&post=17007"}],"version-history":[{"count":1,"href":"https:\/\/rr.unv-informacion.xyz\/index.php?rest_route=\/wp\/v2\/posts\/17007\/revisions"}],"predecessor-version":[{"id":17009,"href":"https:\/\/rr.unv-informacion.xyz\/index.php?rest_route=\/wp\/v2\/posts\/17007\/revisions\/17009"}],"wp:featuredmedia":[{"embeddable":true,"href":"https:\/\/rr.unv-informacion.xyz\/index.php?rest_route=\/wp\/v2\/media\/17008"}],"wp:attachment":[{"href":"https:\/\/rr.unv-informacion.xyz\/index.php?rest_route=%2Fwp%2Fv2%2Fmedia&parent=17007"}],"wp:term":[{"taxonomy":"category","embeddable":true,"href":"https:\/\/rr.unv-informacion.xyz\/index.php?rest_route=%2Fwp%2Fv2%2Fcategories&post=17007"},{"taxonomy":"post_tag","embeddable":true,"href":"https:\/\/rr.unv-informacion.xyz\/index.php?rest_route=%2Fwp%2Fv2%2Ftags&post=17007"}],"curies":[{"name":"wp","href":"https:\/\/api.w.org\/{rel}","templated":true}]}}