{"id":17015,"date":"2026-09-03T15:36:37","date_gmt":"2026-09-03T15:36:37","guid":{"rendered":"https:\/\/rr.unv-informacion.xyz\/?p=17015"},"modified":"2026-09-03T15:36:37","modified_gmt":"2026-09-03T15:36:37","slug":"boli-llama-canalla-a-edwin-encarnacion-por-el-video-sobre-karen-yapoort","status":"publish","type":"post","link":"https:\/\/rr.unv-informacion.xyz\/?p=17015","title":{"rendered":"Boli llama \u201ccanalla\u201d a Edwin Encarnaci\u00f3n por el video sobre Karen Yapoort"},"content":{"rendered":"\n<p class=\"wp-block-paragraph\">El comunicador Boli critic\u00f3 con dureza a Edwin Encarnaci\u00f3n por publicar un video sobre su situaci\u00f3n matrimonial con Karen Yapoort.<\/p>\n\n\n\n<p class=\"wp-block-paragraph\">Durante el programa El Ma\u00f1anero, Boli calific\u00f3 como una \u201ccanallada\u201d que el expelotero expusiera p\u00fablicamente asuntos delicados relacionados con la madre de sus hijos.<\/p>\n\n\n\n<p class=\"wp-block-paragraph\">\u201cEso es una canallada de Edwin por sus hijos\u201d, expres\u00f3 el comunicador, quien aclar\u00f3 que su cr\u00edtica no buscaba defender a Karen ni entrar en los problemas privados de la pareja.<\/p>\n\n\n\n<p class=\"wp-block-paragraph\">Sus comentarios surgieron despu\u00e9s de que Encarnaci\u00f3n publicara un video en el que habl\u00f3 de situaciones que, seg\u00fan dijo, habr\u00eda comprobado dentro de su matrimonio.<\/p>\n\n\n\n<p class=\"wp-block-paragraph\">El exjugador tambi\u00e9n asegur\u00f3 que instruy\u00f3 a sus abogados para iniciar un proceso de divorcio. Posteriormente, el video fue eliminado de sus redes sociales.<\/p>\n\n\n\n<p class=\"wp-block-paragraph\">Boli sostuvo que, independientemente de lo ocurrido entre ambos, Encarnaci\u00f3n debi\u00f3 pensar en las consecuencias que esas declaraciones podr\u00edan tener para sus hijos en el futuro.<\/p>\n\n\n\n<p class=\"wp-block-paragraph\">Seg\u00fan explic\u00f3, el contenido permanecer\u00eda circulando en internet y podr\u00eda aparecer cuando ellos sean mayores y busquen informaci\u00f3n relacionada con sus padres.<\/p>\n\n\n\n<p class=\"wp-block-paragraph\">Otros integrantes del espacio consideraron que Edwin parec\u00eda estar hablando bajo los efectos de un momento de fuerte molestia.<\/p>\n\n\n\n<p class=\"wp-block-paragraph\">Tambi\u00e9n plantearon que una situaci\u00f3n de esa naturaleza pudo manejarse mediante un comunicado preparado con asesor\u00eda profesional, especialmente por tratarse de una familia conocida p\u00fablicamente.<\/p>\n\n\n\n<p class=\"wp-block-paragraph\">La controversia comenz\u00f3 despu\u00e9s de circular versiones no confirmadas sobre un supuesto incidente entre Karen y Edwin.<\/p>\n\n\n\n<p class=\"wp-block-paragraph\">Yapoort public\u00f3 entonces un video para tranquilizar a familiares y seguidores, asegurando que ella y sus hijos estaban bien.<\/p>\n\n\n\n<p class=\"wp-block-paragraph\">La comunicadora rechaz\u00f3 las versiones que hablaban de disparos y situaciones graves, aunque no ofreci\u00f3 detalles sobre los problemas que pudieran existir dentro de su matrimonio.<\/p>\n\n\n\n<p class=\"wp-block-paragraph\">Durante El Ma\u00f1anero tambi\u00e9n surgieron diferentes versiones sobre d\u00f3nde habr\u00eda ocurrido el supuesto conflicto que aliment\u00f3 los rumores.<\/p>\n\n\n\n<p class=\"wp-block-paragraph\">Uno de los panelistas asegur\u00f3 haber recibido informaci\u00f3n sobre un problema ocurrido durante el fin de semana en una villa de Casa de Campo, en La Romana.<\/p>\n\n\n\n<p class=\"wp-block-paragraph\">\u201cA m\u00ed me lleg\u00f3 una informaci\u00f3n en el fin de semana de un pleito en villas, no en r\u00edo\u201d, manifest\u00f3 durante la conversaci\u00f3n.<\/p>\n\n\n\n<p class=\"wp-block-paragraph\">M\u00e1s adelante asegur\u00f3 conocer una versi\u00f3n seg\u00fan la cual Karen habr\u00eda estado buscando a Edwin \u201cvilla por villa\u201d. El propio programa dej\u00f3 claro que se trataba de informaci\u00f3n recibida y no de hechos comprobados.<\/p>\n\n\n\n<p class=\"wp-block-paragraph\">Los panelistas tambi\u00e9n recordaron que desde hace tiempo circulan versiones sobre dificultades en el matrimonio. Sin embargo, se\u00f1alaron que p\u00fablicamente no se conocen todos los hechos ocurridos entre la pareja.<\/p>\n\n\n\n<p class=\"wp-block-paragraph\">La \u00faltima etapa de su relaci\u00f3n ya hab\u00eda generado preguntas luego de que Karen evitara profundizar sobre su esposo durante apariciones p\u00fablicas recientes.<\/p>\n\n\n\n<p class=\"wp-block-paragraph\">Ahora, las declaraciones de Edwin y su decisi\u00f3n anunciada de solicitar el divorcio colocan nuevamente la relaci\u00f3n en el centro de la far\u00e1ndula dominicana.<\/p>\n\n\n\n<figure class=\"wp-block-image size-large\"><img loading=\"lazy\" decoding=\"async\" width=\"1024\" height=\"893\" src=\"https:\/\/rr.unv-informacion.xyz\/wp-content\/uploads\/2026\/09\/7-1-1-1024x893.webp\" alt=\"\" class=\"wp-image-17016\" srcset=\"https:\/\/rr.unv-informacion.xyz\/wp-content\/uploads\/2026\/09\/7-1-1-1024x893.webp 1024w, https:\/\/rr.unv-informacion.xyz\/wp-content\/uploads\/2026\/09\/7-1-1-300x262.webp 300w, https:\/\/rr.unv-informacion.xyz\/wp-content\/uploads\/2026\/09\/7-1-1-767x669.webp 767w, https:\/\/rr.unv-informacion.xyz\/wp-content\/uploads\/2026\/09\/7-1-1-68x59.webp 68w, https:\/\/rr.unv-informacion.xyz\/wp-content\/uploads\/2026\/09\/7-1-1-154x134.webp 154w, https:\/\/rr.unv-informacion.xyz\/wp-content\/uploads\/2026\/09\/7-1-1-86x75.webp 86w, https:\/\/rr.unv-informacion.xyz\/wp-content\/uploads\/2026\/09\/7-1-1-204x178.webp 204w, https:\/\/rr.unv-informacion.xyz\/wp-content\/uploads\/2026\/09\/7-1-1-183x160.webp 183w, https:\/\/rr.unv-informacion.xyz\/wp-content\/uploads\/2026\/09\/7-1-1-222x194.webp 222w, https:\/\/rr.unv-informacion.xyz\/wp-content\/uploads\/2026\/09\/7-1-1-299x261.webp 299w, https:\/\/rr.unv-informacion.xyz\/wp-content\/uploads\/2026\/09\/7-1-1-252x220.webp 252w, https:\/\/rr.unv-informacion.xyz\/wp-content\/uploads\/2026\/09\/7-1-1-640x558.webp 640w, https:\/\/rr.unv-informacion.xyz\/wp-content\/uploads\/2026\/09\/7-1-1-401x350.webp 401w, https:\/\/rr.unv-informacion.xyz\/wp-content\/uploads\/2026\/09\/7-1-1-412x359.webp 412w, https:\/\/rr.unv-informacion.xyz\/wp-content\/uploads\/2026\/09\/7-1-1-680x593.webp 680w, https:\/\/rr.unv-informacion.xyz\/wp-content\/uploads\/2026\/09\/7-1-1-665x580.webp 665w, https:\/\/rr.unv-informacion.xyz\/wp-content\/uploads\/2026\/09\/7-1-1-458x399-1.webp 458w, https:\/\/rr.unv-informacion.xyz\/wp-content\/uploads\/2026\/09\/7-1-1-341x297.webp 341w, https:\/\/rr.unv-informacion.xyz\/wp-content\/uploads\/2026\/09\/7-1-1.webp 1343w\" sizes=\"auto, (max-width: 1024px) 100vw, 1024px\" \/><\/figure>\n\n\n\n<figure class=\"wp-block-image size-large\"><img loading=\"lazy\" decoding=\"async\" width=\"928\" height=\"1024\" src=\"https:\/\/rr.unv-informacion.xyz\/wp-content\/uploads\/2026\/09\/2-4-928x1024.webp\" alt=\"\" class=\"wp-image-17017\" srcset=\"https:\/\/rr.unv-informacion.xyz\/wp-content\/uploads\/2026\/09\/2-4-928x1024.webp 928w, https:\/\/rr.unv-informacion.xyz\/wp-content\/uploads\/2026\/09\/2-4-272x300.webp 272w, https:\/\/rr.unv-informacion.xyz\/wp-content\/uploads\/2026\/09\/2-4-768x847.webp 768w, https:\/\/rr.unv-informacion.xyz\/wp-content\/uploads\/2026\/09\/2-4-639x705.webp 639w, https:\/\/rr.unv-informacion.xyz\/wp-content\/uploads\/2026\/09\/2-4-681x751.webp 681w, https:\/\/rr.unv-informacion.xyz\/wp-content\/uploads\/2026\/09\/2-4.webp 1194w\" sizes=\"auto, (max-width: 928px) 100vw, 928px\" \/><\/figure>\n\n\n\n<figure class=\"wp-block-embed is-type-video is-provider-youtube wp-block-embed-youtube wp-embed-aspect-16-9 wp-has-aspect-ratio\"><div class=\"wp-block-embed__wrapper\">\n<iframe loading=\"lazy\" title=\"Boli llama &quot;CANALLA&quot; a Edwin Encarnaci\u00f3n - &quot;FUE EN UNA VILLA&quot; Revelamos TODOS LOS DETALLES!\" width=\"640\" height=\"360\" src=\"https:\/\/www.youtube.com\/embed\/q-Dh0UToP4g?feature=oembed\" frameborder=\"0\" allow=\"accelerometer; autoplay; clipboard-write; encrypted-media; gyroscope; picture-in-picture; web-share\" referrerpolicy=\"strict-origin-when-cross-origin\" allowfullscreen><\/iframe>\n<\/div><\/figure>\n","protected":false},"excerpt":{"rendered":"<p>El comunicador Boli critic\u00f3 con dureza a Edwin Encarnaci\u00f3n por publicar un video sobre su situaci\u00f3n matrimonial con Karen Yapoort. Durante el programa El Ma\u00f1anero, Boli calific\u00f3 como una \u201ccanallada\u201d que el expelotero expusiera p\u00fablicamente asuntos delicados relacionados con la madre de sus hijos. \u201cEso es una canallada de Edwin por sus hijos\u201d, expres\u00f3 el [&hellip;]<\/p>\n","protected":false},"author":1,"featured_media":17017,"comment_status":"open","ping_status":"open","sticky":false,"template":"","format":"standard","meta":{"footnotes":""},"categories":[1],"tags":[],"class_list":["post-17015","post","type-post","status-publish","format-standard","has-post-thumbnail","hentry","category-uncategorized"],"_links":{"self":[{"href":"https:\/\/rr.unv-informacion.xyz\/index.php?rest_route=\/wp\/v2\/posts\/17015","targetHints":{"allow":["GET"]}}],"collection":[{"href":"https:\/\/rr.unv-informacion.xyz\/index.php?rest_route=\/wp\/v2\/posts"}],"about":[{"href":"https:\/\/rr.unv-informacion.xyz\/index.php?rest_route=\/wp\/v2\/types\/post"}],"author":[{"embeddable":true,"href":"https:\/\/rr.unv-informacion.xyz\/index.php?rest_route=\/wp\/v2\/users\/1"}],"replies":[{"embeddable":true,"href":"https:\/\/rr.unv-informacion.xyz\/index.php?rest_route=%2Fwp%2Fv2%2Fcomments&post=17015"}],"version-history":[{"count":1,"href":"https:\/\/rr.unv-informacion.xyz\/index.php?rest_route=\/wp\/v2\/posts\/17015\/revisions"}],"predecessor-version":[{"id":17018,"href":"https:\/\/rr.unv-informacion.xyz\/index.php?rest_route=\/wp\/v2\/posts\/17015\/revisions\/17018"}],"wp:featuredmedia":[{"embeddable":true,"href":"https:\/\/rr.unv-informacion.xyz\/index.php?rest_route=\/wp\/v2\/media\/17017"}],"wp:attachment":[{"href":"https:\/\/rr.unv-informacion.xyz\/index.php?rest_route=%2Fwp%2Fv2%2Fmedia&parent=17015"}],"wp:term":[{"taxonomy":"category","embeddable":true,"href":"https:\/\/rr.unv-informacion.xyz\/index.php?rest_route=%2Fwp%2Fv2%2Fcategories&post=17015"},{"taxonomy":"post_tag","embeddable":true,"href":"https:\/\/rr.unv-informacion.xyz\/index.php?rest_route=%2Fwp%2Fv2%2Ftags&post=17015"}],"curies":[{"name":"wp","href":"https:\/\/api.w.org\/{rel}","templated":true}]}}