{"id":17019,"date":"2026-09-03T15:38:59","date_gmt":"2026-09-03T15:38:59","guid":{"rendered":"https:\/\/rr.unv-informacion.xyz\/?p=17019"},"modified":"2026-09-03T15:38:59","modified_gmt":"2026-09-03T15:38:59","slug":"pariente-de-edwin-encarnacion-revela-donde-habria-hallado-a-karen-yapoort","status":"publish","type":"post","link":"https:\/\/rr.unv-informacion.xyz\/?p=17019","title":{"rendered":"Pariente de Edwin Encarnaci\u00f3n revela d\u00f3nde habr\u00eda hallado a Karen Yapoort"},"content":{"rendered":"\n<p class=\"wp-block-paragraph\">Una persona cercana a la familia de Edwin Encarnaci\u00f3n ofreci\u00f3 una nueva versi\u00f3n sobre el episodio que habr\u00eda provocado la crisis con Karen Yapoort.<\/p>\n\n\n\n<p class=\"wp-block-paragraph\">Seg\u00fan informaci\u00f3n divulgada en el programa Esto No Es Radio, el exjugador habr\u00eda encontrado a su esposa en una finca junto a otra persona, y no en un r\u00edo como hab\u00eda circulado inicialmente.<\/p>\n\n\n\n<p class=\"wp-block-paragraph\">Los panelistas dejaron claro que la informaci\u00f3n procede de una fuente familiar cercana a Encarnaci\u00f3n y que, hasta el momento, se trata de una versi\u00f3n que no ha sido confirmada p\u00fablicamente por los protagonistas.<\/p>\n\n\n\n<p class=\"wp-block-paragraph\">De acuerdo con ese relato, Yapoort habr\u00eda sido encontrada con el cabello mojado y los pies enlodados, detalles que llamaron especialmente la atenci\u00f3n dentro de la versi\u00f3n ofrecida al programa.<\/p>\n\n\n\n<p class=\"wp-block-paragraph\">La fuente tambi\u00e9n habr\u00eda indicado que Encarnaci\u00f3n ten\u00eda sospechas previas y supuestamente estaba dando seguimiento a la situaci\u00f3n antes de llegar a la finca.<\/p>\n\n\n\n<p class=\"wp-block-paragraph\">Durante el espacio se mencion\u00f3 que en el lugar habr\u00eda surgido una conversaci\u00f3n relacionada con la propiedad. Seg\u00fan la versi\u00f3n presentada, Yapoort habr\u00eda explicado que estaba tratando un asunto sobre la venta de la finca.<\/p>\n\n\n\n<p class=\"wp-block-paragraph\">El programa no identific\u00f3 a la persona que supuestamente estaba junto a la comunicadora. Los panelistas pidieron prudencia ante las especulaciones que han comenzado a involucrar a terceros.<\/p>\n\n\n\n<p class=\"wp-block-paragraph\">Tampoco presentaron pruebas que permitan afirmar que existi\u00f3 una infidelidad. Ese punto permanece dentro de las versiones y comentarios surgidos alrededor de la crisis matrimonial.<\/p>\n\n\n\n<p class=\"wp-block-paragraph\">Niegan que se produjera un tiroteo<br>Uno de los aspectos que los comunicadores intentaron aclarar fue el rumor sobre un supuesto episodio con armas de fuego.<\/p>\n\n\n\n<p class=\"wp-block-paragraph\">Seg\u00fan la informaci\u00f3n que dijeron haber recibido de su fuente, no se habr\u00eda producido un tiroteo durante el encuentro en la finca.<\/p>\n\n\n\n<p class=\"wp-block-paragraph\">Los integrantes del programa insistieron en diferenciar los problemas privados de la pareja de cualquier posible situaci\u00f3n de violencia, que requerir\u00eda otro tratamiento.<\/p>\n\n\n\n<p class=\"wp-block-paragraph\">La controversia aument\u00f3 despu\u00e9s de que Karen publicara un video para referirse a los rumores que circulaban sobre ella y su esposo.<\/p>\n\n\n\n<p class=\"wp-block-paragraph\">Posteriormente, Encarnaci\u00f3n difundi\u00f3 su propia declaraci\u00f3n desde una oficina. El video permaneci\u00f3 durante varias horas en su cuenta de Instagram antes de ser eliminado.<\/p>\n\n\n\n<p class=\"wp-block-paragraph\">En su an\u00e1lisis, los panelistas se\u00f1alaron que el mensaje del expelotero parec\u00eda preparado cuidadosamente y consideraron que pudo haber contado con asesor\u00eda legal.<\/p>\n\n\n\n<p class=\"wp-block-paragraph\">Aseguran que Encarnaci\u00f3n buscar\u00eda el divorcio<br>El dato m\u00e1s contundente ofrecido por la fuente familiar es que Encarnaci\u00f3n supuestamente estar\u00eda decidido a iniciar un proceso de divorcio.<\/p>\n\n\n\n<p class=\"wp-block-paragraph\">Seg\u00fan lo expresado en Esto No Es Radio, la decisi\u00f3n \u201cva y no hay marcha atr\u00e1s\u201d, aunque hasta ahora no se present\u00f3 documentaci\u00f3n judicial que confirme que el procedimiento haya sido formalmente depositado.<\/p>\n\n\n\n<p class=\"wp-block-paragraph\">El programa tambi\u00e9n asegur\u00f3 que las dificultades entre Yapoort y Encarnaci\u00f3n no habr\u00edan comenzado con este episodio, sino que la pareja llevaba meses atravesando problemas.<\/p>\n\n\n\n<p class=\"wp-block-paragraph\">Las se\u00f1ales sobre un posible distanciamiento hab\u00edan aumentado recientemente despu\u00e9s de que Yapoort evitara profundizar p\u00fablicamente sobre su matrimonio.<\/p>\n\n\n\n<p class=\"wp-block-paragraph\">La comunicadora tambi\u00e9n llam\u00f3 la atenci\u00f3n durante el lanzamiento de Mujeres de Grandes Ligas, cuando fue cuestionada por la ausencia de Encarnaci\u00f3n y explic\u00f3 que \u00e9l normalmente no asist\u00eda a sus actividades.<\/p>\n\n\n\n<p class=\"wp-block-paragraph\">Ahora, la aparici\u00f3n p\u00fablica de ambos mediante videos separados y las nuevas versiones divulgadas desde el entorno familiar han colocado nuevamente su matrimonio bajo atenci\u00f3n.<\/p>\n\n\n\n<p class=\"wp-block-paragraph\">Por el momento, Karen Yapoort y Edwin Encarnaci\u00f3n no han confirmado p\u00fablicamente los detalles atribuidos a la fuente familiar sobre lo ocurrido en la finca ni la versi\u00f3n de que el divorcio ya sea una decisi\u00f3n definitiva.<\/p>\n\n\n\n<figure class=\"wp-block-image size-large\"><img loading=\"lazy\" decoding=\"async\" width=\"1024\" height=\"655\" src=\"https:\/\/rr.unv-informacion.xyz\/wp-content\/uploads\/2026\/09\/Gemini_Generated_Image_hg5hf7hg5hf7hg5h-1024x655.webp\" alt=\"\" class=\"wp-image-17020\" srcset=\"https:\/\/rr.unv-informacion.xyz\/wp-content\/uploads\/2026\/09\/Gemini_Generated_Image_hg5hf7hg5hf7hg5h-1024x655.webp 1024w, https:\/\/rr.unv-informacion.xyz\/wp-content\/uploads\/2026\/09\/Gemini_Generated_Image_hg5hf7hg5hf7hg5h-300x192-1.webp 300w, https:\/\/rr.unv-informacion.xyz\/wp-content\/uploads\/2026\/09\/Gemini_Generated_Image_hg5hf7hg5hf7hg5h-767x491.webp 767w, https:\/\/rr.unv-informacion.xyz\/wp-content\/uploads\/2026\/09\/Gemini_Generated_Image_hg5hf7hg5hf7hg5h-250x160.webp 250w, https:\/\/rr.unv-informacion.xyz\/wp-content\/uploads\/2026\/09\/Gemini_Generated_Image_hg5hf7hg5hf7hg5h-639x409.webp 639w, https:\/\/rr.unv-informacion.xyz\/wp-content\/uploads\/2026\/09\/Gemini_Generated_Image_hg5hf7hg5hf7hg5h-546x349.webp 546w, https:\/\/rr.unv-informacion.xyz\/wp-content\/uploads\/2026\/09\/Gemini_Generated_Image_hg5hf7hg5hf7hg5h-680x435.webp 680w, https:\/\/rr.unv-informacion.xyz\/wp-content\/uploads\/2026\/09\/Gemini_Generated_Image_hg5hf7hg5hf7hg5h-906x580.webp 906w, https:\/\/rr.unv-informacion.xyz\/wp-content\/uploads\/2026\/09\/Gemini_Generated_Image_hg5hf7hg5hf7hg5h-341x218.webp 341w, https:\/\/rr.unv-informacion.xyz\/wp-content\/uploads\/2026\/09\/Gemini_Generated_Image_hg5hf7hg5hf7hg5h-625x400.webp 625w, https:\/\/rr.unv-informacion.xyz\/wp-content\/uploads\/2026\/09\/Gemini_Generated_Image_hg5hf7hg5hf7hg5h.webp 1275w\" sizes=\"auto, (max-width: 1024px) 100vw, 1024px\" \/><\/figure>\n\n\n\n<figure class=\"wp-block-embed is-type-video is-provider-youtube wp-block-embed-youtube wp-embed-aspect-16-9 wp-has-aspect-ratio\"><div class=\"wp-block-embed__wrapper\">\n<iframe loading=\"lazy\" title=\"\u00a1NO FUE EN UN R\u00cdO SINO UNA FINCA! AS\u00cd EDWIN ENCARNACI\u00d3N HABR\u00cdA ATRAPADO A KAREN YAPOORT\" width=\"640\" height=\"360\" src=\"https:\/\/www.youtube.com\/embed\/Iqy1kXYhNeQ?feature=oembed\" frameborder=\"0\" allow=\"accelerometer; autoplay; clipboard-write; encrypted-media; gyroscope; picture-in-picture; web-share\" referrerpolicy=\"strict-origin-when-cross-origin\" allowfullscreen><\/iframe>\n<\/div><\/figure>\n","protected":false},"excerpt":{"rendered":"<p>Una persona cercana a la familia de Edwin Encarnaci\u00f3n ofreci\u00f3 una nueva versi\u00f3n sobre el episodio que habr\u00eda provocado la crisis con Karen Yapoort. Seg\u00fan informaci\u00f3n divulgada en el programa Esto No Es Radio, el exjugador habr\u00eda encontrado a su esposa en una finca junto a otra persona, y no en un r\u00edo como hab\u00eda [&hellip;]<\/p>\n","protected":false},"author":1,"featured_media":17020,"comment_status":"open","ping_status":"open","sticky":false,"template":"","format":"standard","meta":{"footnotes":""},"categories":[1],"tags":[],"class_list":["post-17019","post","type-post","status-publish","format-standard","has-post-thumbnail","hentry","category-uncategorized"],"_links":{"self":[{"href":"https:\/\/rr.unv-informacion.xyz\/index.php?rest_route=\/wp\/v2\/posts\/17019","targetHints":{"allow":["GET"]}}],"collection":[{"href":"https:\/\/rr.unv-informacion.xyz\/index.php?rest_route=\/wp\/v2\/posts"}],"about":[{"href":"https:\/\/rr.unv-informacion.xyz\/index.php?rest_route=\/wp\/v2\/types\/post"}],"author":[{"embeddable":true,"href":"https:\/\/rr.unv-informacion.xyz\/index.php?rest_route=\/wp\/v2\/users\/1"}],"replies":[{"embeddable":true,"href":"https:\/\/rr.unv-informacion.xyz\/index.php?rest_route=%2Fwp%2Fv2%2Fcomments&post=17019"}],"version-history":[{"count":1,"href":"https:\/\/rr.unv-informacion.xyz\/index.php?rest_route=\/wp\/v2\/posts\/17019\/revisions"}],"predecessor-version":[{"id":17021,"href":"https:\/\/rr.unv-informacion.xyz\/index.php?rest_route=\/wp\/v2\/posts\/17019\/revisions\/17021"}],"wp:featuredmedia":[{"embeddable":true,"href":"https:\/\/rr.unv-informacion.xyz\/index.php?rest_route=\/wp\/v2\/media\/17020"}],"wp:attachment":[{"href":"https:\/\/rr.unv-informacion.xyz\/index.php?rest_route=%2Fwp%2Fv2%2Fmedia&parent=17019"}],"wp:term":[{"taxonomy":"category","embeddable":true,"href":"https:\/\/rr.unv-informacion.xyz\/index.php?rest_route=%2Fwp%2Fv2%2Fcategories&post=17019"},{"taxonomy":"post_tag","embeddable":true,"href":"https:\/\/rr.unv-informacion.xyz\/index.php?rest_route=%2Fwp%2Fv2%2Ftags&post=17019"}],"curies":[{"name":"wp","href":"https:\/\/api.w.org\/{rel}","templated":true}]}}