{"id":17025,"date":"2026-09-03T15:47:45","date_gmt":"2026-09-03T15:47:45","guid":{"rendered":"https:\/\/rr.unv-informacion.xyz\/?p=17025"},"modified":"2026-09-03T15:47:46","modified_gmt":"2026-09-03T15:47:46","slug":"publicar-el-video-podria-complicar-a-edwin-encarnacion","status":"publish","type":"post","link":"https:\/\/rr.unv-informacion.xyz\/?p=17025","title":{"rendered":"Publicar el video podr\u00eda complicar a Edwin Encarnaci\u00f3n"},"content":{"rendered":"\n<p class=\"wp-block-paragraph\">La publicaci\u00f3n y posterior eliminaci\u00f3n de un video de Edwin Encarnaci\u00f3n podr\u00eda tener implicaciones si finalmente se abre un proceso de divorcio con Karen Yapoort.<\/p>\n\n\n\n<p class=\"wp-block-paragraph\">El abogado Juan Arturo Recio analiz\u00f3 el caso en el programa El Ritmo de la Ma\u00f1ana, de Ritmo 96, y explic\u00f3 los posibles efectos legales y econ\u00f3micos de una separaci\u00f3n.<\/p>\n\n\n\n<p class=\"wp-block-paragraph\">El jurista aclar\u00f3 que su an\u00e1lisis parte \u00fanicamente de la informaci\u00f3n que se ha hecho p\u00fablica. Dijo desconocer los acuerdos privados existentes entre Encarnaci\u00f3n y Yapoort.<\/p>\n\n\n\n<p class=\"wp-block-paragraph\">Uno de los puntos principales fue el video publicado por el exjugador de Grandes Ligas y posteriormente eliminado de su cuenta.<\/p>\n\n\n\n<p class=\"wp-block-paragraph\">Seg\u00fan Recio, borrar una publicaci\u00f3n no necesariamente elimina sus posibles consecuencias, especialmente cuando existen capturas y otras evidencias de que el contenido fue difundido.<\/p>\n\n\n\n<p class=\"wp-block-paragraph\">El abogado sostuvo que declaraciones p\u00fablicas relacionadas con asuntos privados de una pareja pueden involucrar derechos como la intimidad, el honor y el buen nombre.<\/p>\n\n\n\n<p class=\"wp-block-paragraph\">A su juicio, ese elemento podr\u00eda perjudicar la posici\u00f3n de quien realiz\u00f3 la publicaci\u00f3n si la otra parte reclama que su privacidad fue vulnerada.<\/p>\n\n\n\n<p class=\"wp-block-paragraph\">Recio explic\u00f3 que eso no significa autom\u00e1ticamente que exista responsabilidad o una indemnizaci\u00f3n. Corresponder\u00eda a un juez valorar las circunstancias y las pruebas.<\/p>\n\n\n\n<p class=\"wp-block-paragraph\">Tambi\u00e9n se\u00f1al\u00f3 que el estado emocional de una persona al momento de realizar determinadas declaraciones puede ser considerado dentro del contexto, aunque no necesariamente elimina una eventual responsabilidad.<\/p>\n\n\n\n<p class=\"wp-block-paragraph\">\u00bfQu\u00e9 pasar\u00eda con los bienes de Edwin y Karen?<br>Otro punto que ha generado numerosas preguntas es qu\u00e9 ocurrir\u00eda con el patrimonio de la pareja ante un eventual divorcio.<\/p>\n\n\n\n<p class=\"wp-block-paragraph\">Recio explic\u00f3 que la respuesta depende principalmente del r\u00e9gimen matrimonial bajo el cual se casaron y de c\u00f3mo est\u00e9n registrados los bienes y negocios.<\/p>\n\n\n\n<p class=\"wp-block-paragraph\">Durante el programa se mencion\u00f3 una versi\u00f3n seg\u00fan la cual Yapoort habr\u00eda dicho anteriormente que contrajo matrimonio bajo separaci\u00f3n de bienes.<\/p>\n\n\n\n<p class=\"wp-block-paragraph\">Sin embargo, en la conversaci\u00f3n no se present\u00f3 documentaci\u00f3n que permita confirmar p\u00fablicamente cu\u00e1l r\u00e9gimen matrimonial escogieron.<\/p>\n\n\n\n<p class=\"wp-block-paragraph\">Por esa raz\u00f3n, no puede afirmarse que Karen recibir\u00eda la mitad de la fortuna de Edwin ni tampoco que quedar\u00eda autom\u00e1ticamente fuera de determinados bienes.<\/p>\n\n\n\n<p class=\"wp-block-paragraph\">El abogado explic\u00f3 que bajo el r\u00e9gimen de comunidad existen reglas para determinar cu\u00e1les bienes y obligaciones forman parte del patrimonio com\u00fan.<\/p>\n\n\n\n<p class=\"wp-block-paragraph\">En cambio, bajo un r\u00e9gimen de separaci\u00f3n de bienes, cada esposo puede conservar los activos adquiridos y registrados a su nombre, dependiendo de las circunstancias particulares.<\/p>\n\n\n\n<p class=\"wp-block-paragraph\">Esto tampoco impide que una pareja casada con separaci\u00f3n de bienes compre propiedades conjuntamente.<\/p>\n\n\n\n<p class=\"wp-block-paragraph\">Por ejemplo, si un inmueble pertenece legalmente a ambos, deber\u00e1n determinar qu\u00e9 ocurre con esa propiedad aunque exista separaci\u00f3n de bienes.<\/p>\n\n\n\n<p class=\"wp-block-paragraph\">Una posibilidad ser\u00eda venderla y distribuir el dinero conforme corresponda. Tambi\u00e9n uno de los propietarios podr\u00eda adquirir la participaci\u00f3n del otro mediante un acuerdo.<\/p>\n\n\n\n<p class=\"wp-block-paragraph\">El matrimonio no es el \u00fanico v\u00ednculo econ\u00f3mico<br>El caso de Edwin Encarnaci\u00f3n y Karen Yapoort tendr\u00eda otra particularidad se\u00f1alada durante el an\u00e1lisis: adem\u00e1s de esposos, pueden existir v\u00ednculos comerciales entre ambos.<\/p>\n\n\n\n<p class=\"wp-block-paragraph\">Recio explic\u00f3 que dos personas pueden estar casadas bajo separaci\u00f3n de bienes y, al mismo tiempo, ser accionistas o socios de una compa\u00f1\u00eda.<\/p>\n\n\n\n<p class=\"wp-block-paragraph\">En esa situaci\u00f3n, un divorcio no significa necesariamente que la empresa tenga que venderse o dividirse por la mitad.<\/p>\n\n\n\n<p class=\"wp-block-paragraph\">Cada persona podr\u00eda conservar la participaci\u00f3n accionaria que legalmente le corresponda.<\/p>\n\n\n\n<p class=\"wp-block-paragraph\">Tambi\u00e9n podr\u00edan negociar para que uno compre las acciones del otro si desean terminar igualmente la relaci\u00f3n empresarial.<\/p>\n\n\n\n<p class=\"wp-block-paragraph\">Precisamente por esas variables, el abogado insisti\u00f3 en que no es posible determinar p\u00fablicamente cu\u00e1nto recibir\u00eda cada uno sin conocer documentos, propiedades, sociedades y acuerdos existentes.<\/p>\n\n\n\n<p class=\"wp-block-paragraph\">Por ahora, las posibles consecuencias econ\u00f3micas de una separaci\u00f3n entre Encarnaci\u00f3n y Yapoort contin\u00faan siendo hipot\u00e9ticas.<\/p>\n\n\n\n<p class=\"wp-block-paragraph\">El punto m\u00e1s concreto del an\u00e1lisis jur\u00eddico es que cualquier eventual divisi\u00f3n depender\u00eda del r\u00e9gimen matrimonial, la titularidad de los bienes y las participaciones comerciales que realmente tenga cada uno.<\/p>\n\n\n\n<figure class=\"wp-block-image size-full\"><img loading=\"lazy\" decoding=\"async\" width=\"1024\" height=\"720\" src=\"https:\/\/rr.unv-informacion.xyz\/wp-content\/uploads\/2026\/09\/whatsapp-image-2024-02-15-at-123118-pm-1024x720-1.webp\" alt=\"\" class=\"wp-image-17026\" srcset=\"https:\/\/rr.unv-informacion.xyz\/wp-content\/uploads\/2026\/09\/whatsapp-image-2024-02-15-at-123118-pm-1024x720-1.webp 1024w, https:\/\/rr.unv-informacion.xyz\/wp-content\/uploads\/2026\/09\/whatsapp-image-2024-02-15-at-123118-pm-1024x720-1-300x211.webp 300w, https:\/\/rr.unv-informacion.xyz\/wp-content\/uploads\/2026\/09\/whatsapp-image-2024-02-15-at-123118-pm-1024x720-1-768x540.webp 768w, https:\/\/rr.unv-informacion.xyz\/wp-content\/uploads\/2026\/09\/whatsapp-image-2024-02-15-at-123118-pm-1024x720-1-227x160.webp 227w, https:\/\/rr.unv-informacion.xyz\/wp-content\/uploads\/2026\/09\/whatsapp-image-2024-02-15-at-123118-pm-1024x720-1-312x219.webp 312w, https:\/\/rr.unv-informacion.xyz\/wp-content\/uploads\/2026\/09\/whatsapp-image-2024-02-15-at-123118-pm-1024x720-1-512x360.webp 512w, https:\/\/rr.unv-informacion.xyz\/wp-content\/uploads\/2026\/09\/whatsapp-image-2024-02-15-at-123118-pm-1024x720-1-640x450.webp 640w, https:\/\/rr.unv-informacion.xyz\/wp-content\/uploads\/2026\/09\/whatsapp-image-2024-02-15-at-123118-pm-1024x720-1-497x349.webp 497w, https:\/\/rr.unv-informacion.xyz\/wp-content\/uploads\/2026\/09\/whatsapp-image-2024-02-15-at-123118-pm-1024x720-1-680x478.webp 680w, https:\/\/rr.unv-informacion.xyz\/wp-content\/uploads\/2026\/09\/whatsapp-image-2024-02-15-at-123118-pm-1024x720-1-275x193.webp 275w, https:\/\/rr.unv-informacion.xyz\/wp-content\/uploads\/2026\/09\/whatsapp-image-2024-02-15-at-123118-pm-1024x720-1-299x210.webp 299w, https:\/\/rr.unv-informacion.xyz\/wp-content\/uploads\/2026\/09\/whatsapp-image-2024-02-15-at-123118-pm-1024x720-1-824x579.webp 824w, https:\/\/rr.unv-informacion.xyz\/wp-content\/uploads\/2026\/09\/whatsapp-image-2024-02-15-at-123118-pm-1024x720-1-340x239.webp 340w, https:\/\/rr.unv-informacion.xyz\/wp-content\/uploads\/2026\/09\/whatsapp-image-2024-02-15-at-123118-pm-1024x720-1-568x399.webp 568w\" sizes=\"auto, (max-width: 1024px) 100vw, 1024px\" \/><\/figure>\n\n\n\n<figure class=\"wp-block-embed is-type-video is-provider-youtube wp-block-embed-youtube wp-embed-aspect-16-9 wp-has-aspect-ratio\"><div class=\"wp-block-embed__wrapper\">\n<iframe loading=\"lazy\" title=\"\u00bfQu\u00e9 Pasar\u00e1 con los Bienes de Edwin Encarnaci\u00f3n? El An\u00e1lisis Legal del Divorcio\" width=\"640\" height=\"360\" src=\"https:\/\/www.youtube.com\/embed\/odQtrVyBp-I?feature=oembed\" frameborder=\"0\" allow=\"accelerometer; autoplay; clipboard-write; encrypted-media; gyroscope; picture-in-picture; web-share\" referrerpolicy=\"strict-origin-when-cross-origin\" allowfullscreen><\/iframe>\n<\/div><\/figure>\n","protected":false},"excerpt":{"rendered":"<p>La publicaci\u00f3n y posterior eliminaci\u00f3n de un video de Edwin Encarnaci\u00f3n podr\u00eda tener implicaciones si finalmente se abre un proceso de divorcio con Karen Yapoort. El abogado Juan Arturo Recio analiz\u00f3 el caso en el programa El Ritmo de la Ma\u00f1ana, de Ritmo 96, y explic\u00f3 los posibles efectos legales y econ\u00f3micos de una separaci\u00f3n. [&hellip;]<\/p>\n","protected":false},"author":1,"featured_media":17026,"comment_status":"open","ping_status":"open","sticky":false,"template":"","format":"standard","meta":{"footnotes":""},"categories":[1],"tags":[],"class_list":["post-17025","post","type-post","status-publish","format-standard","has-post-thumbnail","hentry","category-uncategorized"],"_links":{"self":[{"href":"https:\/\/rr.unv-informacion.xyz\/index.php?rest_route=\/wp\/v2\/posts\/17025","targetHints":{"allow":["GET"]}}],"collection":[{"href":"https:\/\/rr.unv-informacion.xyz\/index.php?rest_route=\/wp\/v2\/posts"}],"about":[{"href":"https:\/\/rr.unv-informacion.xyz\/index.php?rest_route=\/wp\/v2\/types\/post"}],"author":[{"embeddable":true,"href":"https:\/\/rr.unv-informacion.xyz\/index.php?rest_route=\/wp\/v2\/users\/1"}],"replies":[{"embeddable":true,"href":"https:\/\/rr.unv-informacion.xyz\/index.php?rest_route=%2Fwp%2Fv2%2Fcomments&post=17025"}],"version-history":[{"count":1,"href":"https:\/\/rr.unv-informacion.xyz\/index.php?rest_route=\/wp\/v2\/posts\/17025\/revisions"}],"predecessor-version":[{"id":17027,"href":"https:\/\/rr.unv-informacion.xyz\/index.php?rest_route=\/wp\/v2\/posts\/17025\/revisions\/17027"}],"wp:featuredmedia":[{"embeddable":true,"href":"https:\/\/rr.unv-informacion.xyz\/index.php?rest_route=\/wp\/v2\/media\/17026"}],"wp:attachment":[{"href":"https:\/\/rr.unv-informacion.xyz\/index.php?rest_route=%2Fwp%2Fv2%2Fmedia&parent=17025"}],"wp:term":[{"taxonomy":"category","embeddable":true,"href":"https:\/\/rr.unv-informacion.xyz\/index.php?rest_route=%2Fwp%2Fv2%2Fcategories&post=17025"},{"taxonomy":"post_tag","embeddable":true,"href":"https:\/\/rr.unv-informacion.xyz\/index.php?rest_route=%2Fwp%2Fv2%2Ftags&post=17025"}],"curies":[{"name":"wp","href":"https:\/\/api.w.org\/{rel}","templated":true}]}}