{"id":17032,"date":"2026-09-05T15:16:32","date_gmt":"2026-09-05T15:16:32","guid":{"rendered":"https:\/\/rr.unv-informacion.xyz\/?p=17032"},"modified":"2026-09-05T15:16:34","modified_gmt":"2026-09-05T15:16:34","slug":"hermanos-cumpliran-coercion-en-carceles-de-moca-y-salcedo","status":"publish","type":"post","link":"https:\/\/rr.unv-informacion.xyz\/?p=17032","title":{"rendered":"Hermanos cumplir\u00e1n coerci\u00f3n en c\u00e1rceles de Moca y Salcedo"},"content":{"rendered":"\n<p class=\"wp-block-paragraph\">Los hermanos Iv\u00e1n Arias y Yosilda Altagracia B\u00e1ez Espinosa cumplir\u00e1n en centros distintos los 18 meses de prisi\u00f3n preventiva impuestos este viernes 4 de septiembre por un tribunal de la provincia Espaillat, dentro del proceso relacionado con Albert de Jes\u00fas Aracena N\u00fa\u00f1ez.<\/p>\n\n\n\n<p class=\"wp-block-paragraph\">Iv\u00e1n deber\u00e1 cumplir la medida en el Centro de Correcci\u00f3n y Rehabilitaci\u00f3n La Isleta, en Moca, mientras que Yosilda fue enviada al centro penitenciario Juana N\u00fa\u00f1ez, en Salcedo, seg\u00fan la informaci\u00f3n ofrecida tras la audiencia.<\/p>\n\n\n\n<p class=\"wp-block-paragraph\">La decisi\u00f3n corresponde a una medida de coerci\u00f3n mientras contin\u00faa el proceso judicial y no constituye una condena definitiva ni establece por s\u00ed sola la responsabilidad penal de los imputados.<\/p>\n\n\n\n<p class=\"wp-block-paragraph\">La audiencia hab\u00eda sido aplazada previamente para permitir que la defensa depositara documentos relacionados con los arraigos de los hermanos. Finalmente, el tribunal acogi\u00f3 una medida de 18 meses de prisi\u00f3n preventiva.<\/p>\n\n\n\n<p class=\"wp-block-paragraph\">Los imputados fueron trasladados al tribunal desde tempranas horas de la ma\u00f1ana, en medio de un amplio dispositivo de seguridad establecido en los alrededores de la sede judicial.<\/p>\n\n\n\n<p class=\"wp-block-paragraph\">Familia de Albert valora la decisi\u00f3n<br>Luego de conocerse el dictamen, una hermana de Albert habl\u00f3 con los medios y manifest\u00f3 estar conforme con la medida adoptada por el tribunal.<\/p>\n\n\n\n<p class=\"wp-block-paragraph\">La decisi\u00f3n representa un nuevo avance en un expediente que comenz\u00f3 despu\u00e9s de que Albert, de 32 a\u00f1os y residente en Cayetano Germos\u00e9n, fuera reportado como desaparecido el martes 4 de agosto.<\/p>\n\n\n\n<p class=\"wp-block-paragraph\">El joven hab\u00eda acudido al establecimiento conocido como La Piscina New York, ubicado en el paraje Hincha, en Moca. Desde ese momento, sus familiares dejaron de tener contacto con \u00e9l.<\/p>\n\n\n\n<p class=\"wp-block-paragraph\">Durante 21 d\u00edas, familiares, comunitarios y autoridades realizaron diferentes labores para determinar su ubicaci\u00f3n.<\/p>\n\n\n\n<p class=\"wp-block-paragraph\">El 25 de agosto, sus restos fueron encontrados enterrados en una zona boscosa del sector La Chancleta, en Moca.<\/p>\n\n\n\n<p class=\"wp-block-paragraph\">Como parte de las diligencias tambi\u00e9n fueron recuperadas piezas de la motocicleta utilizada por Albert. El chasis fue localizado en un solar detr\u00e1s del establecimiento, mientras otras partes aparecieron en Juan L\u00f3pez y La Soledad.<\/p>\n\n\n\n<p class=\"wp-block-paragraph\">Investigaci\u00f3n mantiene varias l\u00edneas abiertas<br>Iv\u00e1n Arias, vinculado a la operaci\u00f3n del establecimiento, hab\u00eda ofrecido una versi\u00f3n sobre lo sucedido en la que sostuvo que Albert perdi\u00f3 la vida durante un incidente y que posteriormente decidieron ocultar sus restos por temor a las consecuencias para el negocio.<\/p>\n\n\n\n<p class=\"wp-block-paragraph\">Esa explicaci\u00f3n forma parte de los elementos conocidos durante la investigaci\u00f3n, pero el Ministerio P\u00fablico ha mantenido abiertas sus diligencias para establecer con precisi\u00f3n las circunstancias del caso.<\/p>\n\n\n\n<p class=\"wp-block-paragraph\">Las responsabilidades individuales de Iv\u00e1n y Yosilda deber\u00e1n determinarse durante las siguientes etapas judiciales, mediante la presentaci\u00f3n y valoraci\u00f3n de las pruebas correspondientes.<\/p>\n\n\n\n<p class=\"wp-block-paragraph\">En cuanto a Yosilda, uno de los elementos incorporados por los investigadores est\u00e1 relacionado con la presunta compra de cinco fundas de cal el 5 de agosto, un d\u00eda despu\u00e9s de la desaparici\u00f3n de Albert.<\/p>\n\n\n\n<p class=\"wp-block-paragraph\">Seg\u00fan la tesis presentada por la acusaci\u00f3n, ese material estar\u00eda relacionado con el lugar donde posteriormente fueron encontrados los restos. Se trata de una alegaci\u00f3n que deber\u00e1 ser sustentada y evaluada dentro del proceso judicial.<\/p>\n\n\n\n<p class=\"wp-block-paragraph\">Un reportero de La Vega Mundial afirm\u00f3 durante la cobertura que existir\u00edan im\u00e1genes de seguridad de la ferreter\u00eda relacionadas con esa compra y pidi\u00f3 p\u00fablicamente que fueran divulgadas. La existencia y contenido de esas grabaciones no quedaron confirmados oficialmente en la informaci\u00f3n disponible.<\/p>\n\n\n\n<p class=\"wp-block-paragraph\">Versiones sobre un posible viaje<br>Durante la transmisi\u00f3n tambi\u00e9n surgieron se\u00f1alamientos sobre documentos de viaje atribuidos a Yosilda y la posibilidad de que pretendiera salir del pa\u00eds.<\/p>\n\n\n\n<p class=\"wp-block-paragraph\">Sin embargo, esas afirmaciones fueron planteadas por el comunicador durante su cobertura y no deben considerarse un intento de fuga establecido judicialmente mientras no exista una confirmaci\u00f3n de las autoridades o documentaci\u00f3n incorporada formalmente al expediente.<\/p>\n\n\n\n<p class=\"wp-block-paragraph\">El reportero tambi\u00e9n sostuvo que la imputada habr\u00eda ofrecido versiones que, a su juicio, no coincid\u00edan con elementos conocidos posteriormente durante la investigaci\u00f3n.<\/p>\n\n\n\n<p class=\"wp-block-paragraph\">Estas declaraciones se suman a los diferentes se\u00f1alamientos p\u00fablicos surgidos alrededor del caso, aunque corresponder\u00e1 al Ministerio P\u00fablico determinar cu\u00e1les pueden ser sustentados mediante evidencias.<\/p>\n\n\n\n<p class=\"wp-block-paragraph\">Informe definitivo del INACIF sigue pendiente<br>Otro punto relevante contin\u00faa siendo el informe definitivo del Instituto Nacional de Ciencias Forenses (INACIF).<\/p>\n\n\n\n<p class=\"wp-block-paragraph\">El abogado de la familia, Rafi Lora, hab\u00eda explicado que la documentaci\u00f3n forense conocida inicialmente era preliminar y que deb\u00eda esperarse el reporte completo antes de establecer conclusiones sobre las circunstancias en las que Albert perdi\u00f3 la vida.<\/p>\n\n\n\n<p class=\"wp-block-paragraph\">La familia espera que ese documento aporte elementos que permitan precisar lo ocurrido antes de que sus restos fueran ocultados.<\/p>\n\n\n\n<p class=\"wp-block-paragraph\">Autoridades mantienen la b\u00fasqueda de otro se\u00f1alado<br>La investigaci\u00f3n tambi\u00e9n mantiene pendiente la localizaci\u00f3n de un ciudadano haitiano identificado como Elvi, quien ha sido se\u00f1alado dentro del expediente y cuyo paradero no hab\u00eda sido establecido.<\/p>\n\n\n\n<p class=\"wp-block-paragraph\">Versiones conocidas durante el proceso vinculan a esta persona con el traslado y posterior ocultamiento de los restos de Albert en La Chancleta. Su participaci\u00f3n concreta deber\u00e1 ser determinada por las autoridades conforme avance la investigaci\u00f3n.<\/p>\n\n\n\n<p class=\"wp-block-paragraph\">Mientras Iv\u00e1n Arias y Yosilda Altagracia B\u00e1ez Espinosa comienzan a cumplir los 18 meses de prisi\u00f3n preventiva en Moca y Salcedo, respectivamente, el Ministerio P\u00fablico contin\u00faa trabajando en el expediente.<\/p>\n\n\n\n<p class=\"wp-block-paragraph\">Entre los asuntos pendientes permanecen la localizaci\u00f3n de Elvi, la incorporaci\u00f3n de nuevas evidencias y el informe definitivo del INACIF, elementos que podr\u00edan resultar relevantes para las pr\u00f3ximas etapas del proceso judicial.<\/p>\n\n\n\n<figure class=\"wp-block-image size-large\"><img loading=\"lazy\" decoding=\"async\" width=\"1024\" height=\"1024\" src=\"https:\/\/rr.unv-informacion.xyz\/wp-content\/uploads\/2026\/09\/captura_20260904_123546_791124b38f-1024x1024.webp\" alt=\"\" class=\"wp-image-17033\" srcset=\"https:\/\/rr.unv-informacion.xyz\/wp-content\/uploads\/2026\/09\/captura_20260904_123546_791124b38f-1024x1024.webp 1024w, https:\/\/rr.unv-informacion.xyz\/wp-content\/uploads\/2026\/09\/captura_20260904_123546_791124b38f-150x150.webp 150w, https:\/\/rr.unv-informacion.xyz\/wp-content\/uploads\/2026\/09\/captura_20260904_123546_791124b38f-300x300-1.webp 300w, https:\/\/rr.unv-informacion.xyz\/wp-content\/uploads\/2026\/09\/captura_20260904_123546_791124b38f-768x768.webp 768w, https:\/\/rr.unv-informacion.xyz\/wp-content\/uploads\/2026\/09\/captura_20260904_123546_791124b38f-60x60.webp 60w, https:\/\/rr.unv-informacion.xyz\/wp-content\/uploads\/2026\/09\/captura_20260904_123546_791124b38f-135x135.webp 135w, https:\/\/rr.unv-informacion.xyz\/wp-content\/uploads\/2026\/09\/captura_20260904_123546_791124b38f-75x75.webp 75w, https:\/\/rr.unv-informacion.xyz\/wp-content\/uploads\/2026\/09\/captura_20260904_123546_791124b38f-178x178.webp 178w, https:\/\/rr.unv-informacion.xyz\/wp-content\/uploads\/2026\/09\/captura_20260904_123546_791124b38f-220x220.webp 220w, https:\/\/rr.unv-informacion.xyz\/wp-content\/uploads\/2026\/09\/captura_20260904_123546_791124b38f-360x360.webp 360w, https:\/\/rr.unv-informacion.xyz\/wp-content\/uploads\/2026\/09\/captura_20260904_123546_791124b38f-640x640.webp 640w, https:\/\/rr.unv-informacion.xyz\/wp-content\/uploads\/2026\/09\/captura_20260904_123546_791124b38f-350x350.webp 350w, https:\/\/rr.unv-informacion.xyz\/wp-content\/uploads\/2026\/09\/captura_20260904_123546_791124b38f-681x681.webp 681w, https:\/\/rr.unv-informacion.xyz\/wp-content\/uploads\/2026\/09\/captura_20260904_123546_791124b38f-580x580.webp 580w, https:\/\/rr.unv-informacion.xyz\/wp-content\/uploads\/2026\/09\/captura_20260904_123546_791124b38f-400x400-1.webp 400w, https:\/\/rr.unv-informacion.xyz\/wp-content\/uploads\/2026\/09\/captura_20260904_123546_791124b38f-160x160.webp 160w, https:\/\/rr.unv-informacion.xyz\/wp-content\/uploads\/2026\/09\/captura_20260904_123546_791124b38f-194x194.webp 194w, https:\/\/rr.unv-informacion.xyz\/wp-content\/uploads\/2026\/09\/captura_20260904_123546_791124b38f-341x341.webp 341w, https:\/\/rr.unv-informacion.xyz\/wp-content\/uploads\/2026\/09\/captura_20260904_123546_791124b38f.webp 1254w\" sizes=\"auto, (max-width: 1024px) 100vw, 1024px\" \/><\/figure>\n\n\n<iframe loading=\"lazy\" src=\"https:\/\/www.facebook.com\/plugins\/video.php?href=https%3A%2F%2Fwww.facebook.com%2Flavegamundial%2Fvideos%2F3322809341236883%2F&#038;show_text=0&#038;width=267\" width=\"267\" height=\"476\" style=\"border:none;overflow:hidden\" scrolling=\"no\" frameborder=\"0\" allowfullscreen=\"true\" allow=\"autoplay; clipboard-write; encrypted-media; picture-in-picture; web-share\" allowFullScreen=\"true\"><\/iframe>","protected":false},"excerpt":{"rendered":"<p>Los hermanos Iv\u00e1n Arias y Yosilda Altagracia B\u00e1ez Espinosa cumplir\u00e1n en centros distintos los 18 meses de prisi\u00f3n preventiva impuestos este viernes 4 de septiembre por un tribunal de la provincia Espaillat, dentro del proceso relacionado con Albert de Jes\u00fas Aracena N\u00fa\u00f1ez. Iv\u00e1n deber\u00e1 cumplir la medida en el Centro de Correcci\u00f3n y Rehabilitaci\u00f3n La [&hellip;]<\/p>\n","protected":false},"author":1,"featured_media":17033,"comment_status":"open","ping_status":"open","sticky":false,"template":"","format":"standard","meta":{"footnotes":""},"categories":[1],"tags":[],"class_list":["post-17032","post","type-post","status-publish","format-standard","has-post-thumbnail","hentry","category-uncategorized"],"_links":{"self":[{"href":"https:\/\/rr.unv-informacion.xyz\/index.php?rest_route=\/wp\/v2\/posts\/17032","targetHints":{"allow":["GET"]}}],"collection":[{"href":"https:\/\/rr.unv-informacion.xyz\/index.php?rest_route=\/wp\/v2\/posts"}],"about":[{"href":"https:\/\/rr.unv-informacion.xyz\/index.php?rest_route=\/wp\/v2\/types\/post"}],"author":[{"embeddable":true,"href":"https:\/\/rr.unv-informacion.xyz\/index.php?rest_route=\/wp\/v2\/users\/1"}],"replies":[{"embeddable":true,"href":"https:\/\/rr.unv-informacion.xyz\/index.php?rest_route=%2Fwp%2Fv2%2Fcomments&post=17032"}],"version-history":[{"count":1,"href":"https:\/\/rr.unv-informacion.xyz\/index.php?rest_route=\/wp\/v2\/posts\/17032\/revisions"}],"predecessor-version":[{"id":17034,"href":"https:\/\/rr.unv-informacion.xyz\/index.php?rest_route=\/wp\/v2\/posts\/17032\/revisions\/17034"}],"wp:featuredmedia":[{"embeddable":true,"href":"https:\/\/rr.unv-informacion.xyz\/index.php?rest_route=\/wp\/v2\/media\/17033"}],"wp:attachment":[{"href":"https:\/\/rr.unv-informacion.xyz\/index.php?rest_route=%2Fwp%2Fv2%2Fmedia&parent=17032"}],"wp:term":[{"taxonomy":"category","embeddable":true,"href":"https:\/\/rr.unv-informacion.xyz\/index.php?rest_route=%2Fwp%2Fv2%2Fcategories&post=17032"},{"taxonomy":"post_tag","embeddable":true,"href":"https:\/\/rr.unv-informacion.xyz\/index.php?rest_route=%2Fwp%2Fv2%2Ftags&post=17032"}],"curies":[{"name":"wp","href":"https:\/\/api.w.org\/{rel}","templated":true}]}}