{"id":17040,"date":"2026-09-05T15:24:55","date_gmt":"2026-09-05T15:24:55","guid":{"rendered":"https:\/\/rr.unv-informacion.xyz\/?p=17040"},"modified":"2026-09-05T15:24:55","modified_gmt":"2026-09-05T15:24:55","slug":"tribunal-impone-18-meses-de-prision-preventiva-a-hermanos-vinculados-al-caso-de-albert-aracena-en-moca","status":"publish","type":"post","link":"https:\/\/rr.unv-informacion.xyz\/?p=17040","title":{"rendered":"Tribunal impone 18 meses de prisi\u00f3n preventiva a hermanos vinculados al caso de Albert Aracena en Moca"},"content":{"rendered":"\n<p class=\"wp-block-paragraph\">Un tribunal de Moca impuso este viernes una medida de coerci\u00f3n de 18 meses de prisi\u00f3n preventiva contra los hermanos Iv\u00e1n Ysmael Arias Espinosa y Yosilda Altagracia B\u00e1ez Espinosa, quienes est\u00e1n vinculados a la investigaci\u00f3n relacionada con la muerte del joven Albert de Jes\u00fas Aracena N\u00fa\u00f1ez.<\/p>\n\n\n\n<p class=\"wp-block-paragraph\">La decisi\u00f3n judicial fue adoptada luego de que la audiencia fuera aplazada previamente, con el objetivo de permitir que la defensa presentara documentaci\u00f3n relacionada con los arraigos de los imputados.<\/p>\n\n\n\n<p class=\"wp-block-paragraph\">Tras conocerse la decisi\u00f3n, familiares de Albert reaccionaron ante los medios de comunicaci\u00f3n. Su hermana expres\u00f3 sentirse, hasta el momento, conforme con la medida impuesta por el tribunal.<\/p>\n\n\n\n<p class=\"wp-block-paragraph\">El proceso judicial avanza tras la desaparici\u00f3n y hallazgo del joven<\/p>\n\n\n\n<p class=\"wp-block-paragraph\">La imposici\u00f3n de la prisi\u00f3n preventiva marca una nueva etapa dentro de las investigaciones que desarrollan el Ministerio P\u00fablico y los organismos correspondientes para esclarecer las circunstancias en las que ocurri\u00f3 el hecho.<\/p>\n\n\n\n<p class=\"wp-block-paragraph\">Albert de Jes\u00fas Aracena N\u00fa\u00f1ez, de 32 a\u00f1os y residente en el municipio de Cayetano Germos\u00e9n, hab\u00eda sido reportado como desaparecido despu\u00e9s de haber acudido al centro recreativo La Piscina New York, ubicado en el paraje Hincha, en Moca.<\/p>\n\n\n\n<p class=\"wp-block-paragraph\">Durante aproximadamente 21 d\u00edas, familiares, miembros de la comunidad y autoridades participaron en labores de b\u00fasqueda para intentar determinar el paradero del joven.<\/p>\n\n\n\n<p class=\"wp-block-paragraph\">Posteriormente, sus restos fueron localizados enterrados en una zona boscosa del sector La Chancleta, hecho que profundiz\u00f3 la investigaci\u00f3n y dio paso a nuevas diligencias por parte de las autoridades.<\/p>\n\n\n\n<p class=\"wp-block-paragraph\">Recuperan partes de la motocicleta utilizada por Albert<br>Como parte de las pesquisas, los investigadores tambi\u00e9n localizaron diferentes piezas de la motocicleta que utilizaba Albert.<\/p>\n\n\n\n<p class=\"wp-block-paragraph\">Seg\u00fan las informaciones incorporadas al caso, el chasis fue encontrado en un solar situado detr\u00e1s del establecimiento donde el joven habr\u00eda estado antes de desaparecer, mientras que otras piezas fueron recuperadas en las comunidades de Juan L\u00f3pez y La Soledad.<\/p>\n\n\n\n<p class=\"wp-block-paragraph\">Estos hallazgos forman parte de los elementos que el Ministerio P\u00fablico mantiene bajo investigaci\u00f3n para reconstruir la secuencia de los acontecimientos.<\/p>\n\n\n\n<p class=\"wp-block-paragraph\">Ministerio P\u00fablico cuestiona versi\u00f3n ofrecida sobre lo ocurrido<br>Iv\u00e1n Arias, propietario del establecimiento, hab\u00eda ofrecido una versi\u00f3n seg\u00fan la cual Albert habr\u00eda perdido la vida luego de un incidente ocurrido dentro de la piscina y que, posteriormente, el cuerpo fue ocultado por temor a las consecuencias que la situaci\u00f3n pudiera generar para el negocio.<\/p>\n\n\n\n<p class=\"wp-block-paragraph\">Sin embargo, el Ministerio P\u00fablico ha cuestionado esa explicaci\u00f3n y mantiene abiertas otras l\u00edneas de investigaci\u00f3n para determinar con precisi\u00f3n las circunstancias en las que se produjo la muerte del joven.<\/p>\n\n\n\n<p class=\"wp-block-paragraph\">Las autoridades atribuyen participaci\u00f3n en el caso a ambos hermanos sometidos a la justicia, aunque las responsabilidades individuales deber\u00e1n ser establecidas conforme avance el proceso judicial y las pruebas sean conocidas y valoradas por los tribunales.<\/p>\n\n\n\n<p class=\"wp-block-paragraph\">Investigaci\u00f3n incluye compra de fundas de cal<br>En el expediente relacionado con Yosilda Altagracia B\u00e1ez Espinosa, los investigadores incluyeron informaci\u00f3n sobre la compra de cinco fundas de cal realizada el 5 de agosto, un d\u00eda despu\u00e9s de la desaparici\u00f3n de Albert.<\/p>\n\n\n\n<p class=\"wp-block-paragraph\">De acuerdo con las alegaciones presentadas por el Ministerio P\u00fablico, ese material habr\u00eda sido utilizado posteriormente en el lugar donde permanecieron ocultos los restos del joven.<\/p>\n\n\n\n<p class=\"wp-block-paragraph\">No obstante, estas afirmaciones forman parte de la teor\u00eda de la acusaci\u00f3n y deber\u00e1n ser examinadas dentro del proceso judicial, respetando el derecho de defensa y el principio de presunci\u00f3n de inocencia de los imputados.<\/p>\n\n\n\n<p class=\"wp-block-paragraph\">Se espera el informe definitivo del INACIF<br>Uno de los elementos que contin\u00faa pendiente dentro del caso es el informe definitivo del Instituto Nacional de Ciencias Forenses (INACIF), documento que podr\u00eda aportar informaci\u00f3n adicional para determinar c\u00f3mo ocurri\u00f3 la muerte de Albert Aracena.<\/p>\n\n\n\n<p class=\"wp-block-paragraph\">El abogado de la familia, Rafi Lora, hab\u00eda se\u00f1alado anteriormente que la documentaci\u00f3n forense conocida inicialmente ten\u00eda car\u00e1cter preliminar, por lo que consider\u00f3 necesario esperar los resultados completos antes de establecer conclusiones definitivas.<\/p>\n\n\n\n<p class=\"wp-block-paragraph\">Los familiares mantienen la expectativa de que el informe pueda contribuir a esclarecer las circunstancias previas a la muerte del joven y aportar elementos relevantes para el desarrollo del expediente.<\/p>\n\n\n\n<p class=\"wp-block-paragraph\">Familia expresa conformidad con la medida<br>Luego de conocerse la decisi\u00f3n judicial, la hermana de Albert manifest\u00f3 su conformidad con los 18 meses de prisi\u00f3n preventiva impuestos a los dos hermanos.<\/p>\n\n\n\n<p class=\"wp-block-paragraph\">La reacci\u00f3n se produce despu\u00e9s de semanas de incertidumbre para la familia, que desde la desaparici\u00f3n del joven hab\u00eda solicitado respuestas y el esclarecimiento de lo ocurrido.<\/p>\n\n\n\n<p class=\"wp-block-paragraph\">An\u00e1lisis del caso<br>La medida de prisi\u00f3n preventiva representa un paso importante dentro del proceso, pero no constituye una sentencia definitiva ni determina por s\u00ed sola la culpabilidad de los imputados. El caso todav\u00eda deber\u00e1 avanzar a trav\u00e9s de las diferentes etapas judiciales, donde el Ministerio P\u00fablico tendr\u00e1 que sustentar sus acusaciones con pruebas y la defensa tendr\u00e1 la oportunidad de responder a cada uno de los se\u00f1alamientos.<\/p>\n\n\n\n<p class=\"wp-block-paragraph\">El informe definitivo del INACIF podr\u00eda convertirse en una pieza relevante para establecer con mayor precisi\u00f3n las circunstancias de la muerte de Albert. Mientras tanto, la complejidad de los hallazgos investigados \u2014incluyendo la desaparici\u00f3n, el ocultamiento de los restos y la localizaci\u00f3n de piezas de la motocicleta\u2014 hace necesario que las autoridades desarrollen una investigaci\u00f3n rigurosa y que el proceso judicial permita determinar responsabilidades sobre la base de evidencias verificables.<\/p>\n\n\n\n<figure class=\"wp-block-image size-full\"><img loading=\"lazy\" decoding=\"async\" width=\"1024\" height=\"849\" src=\"https:\/\/rr.unv-informacion.xyz\/wp-content\/uploads\/2026\/09\/IMG_9562-1024x849-1.jpg\" alt=\"\" class=\"wp-image-17041\" srcset=\"https:\/\/rr.unv-informacion.xyz\/wp-content\/uploads\/2026\/09\/IMG_9562-1024x849-1.jpg 1024w, https:\/\/rr.unv-informacion.xyz\/wp-content\/uploads\/2026\/09\/IMG_9562-1024x849-1-300x249.jpg 300w, https:\/\/rr.unv-informacion.xyz\/wp-content\/uploads\/2026\/09\/IMG_9562-1024x849-1-767x636.jpg 767w, https:\/\/rr.unv-informacion.xyz\/wp-content\/uploads\/2026\/09\/IMG_9562-1024x849-1-72x60.jpg 72w, https:\/\/rr.unv-informacion.xyz\/wp-content\/uploads\/2026\/09\/IMG_9562-1024x849-1-90x75.jpg 90w, https:\/\/rr.unv-informacion.xyz\/wp-content\/uploads\/2026\/09\/IMG_9562-1024x849-1-162x134.jpg 162w, https:\/\/rr.unv-informacion.xyz\/wp-content\/uploads\/2026\/09\/IMG_9562-1024x849-1-214x177.jpg 214w, https:\/\/rr.unv-informacion.xyz\/wp-content\/uploads\/2026\/09\/IMG_9562-1024x849-1-233x193.jpg 233w, https:\/\/rr.unv-informacion.xyz\/wp-content\/uploads\/2026\/09\/IMG_9562-1024x849-1-299x248.jpg 299w, https:\/\/rr.unv-informacion.xyz\/wp-content\/uploads\/2026\/09\/IMG_9562-1024x849-1-265x220.jpg 265w, https:\/\/rr.unv-informacion.xyz\/wp-content\/uploads\/2026\/09\/IMG_9562-1024x849-1-434x360.jpg 434w, https:\/\/rr.unv-informacion.xyz\/wp-content\/uploads\/2026\/09\/IMG_9562-1024x849-1-639x530.jpg 639w, https:\/\/rr.unv-informacion.xyz\/wp-content\/uploads\/2026\/09\/IMG_9562-1024x849-1-422x350.jpg 422w, https:\/\/rr.unv-informacion.xyz\/wp-content\/uploads\/2026\/09\/IMG_9562-1024x849-1-192x159.jpg 192w, https:\/\/rr.unv-informacion.xyz\/wp-content\/uploads\/2026\/09\/IMG_9562-1024x849-1-680x564.jpg 680w, https:\/\/rr.unv-informacion.xyz\/wp-content\/uploads\/2026\/09\/IMG_9562-1024x849-1-699x580.jpg 699w, https:\/\/rr.unv-informacion.xyz\/wp-content\/uploads\/2026\/09\/IMG_9562-1024x849-1-482x400-1.jpg 482w, https:\/\/rr.unv-informacion.xyz\/wp-content\/uploads\/2026\/09\/IMG_9562-1024x849-1-340x282.jpg 340w\" sizes=\"auto, (max-width: 1024px) 100vw, 1024px\" \/><\/figure>\n\n\n<iframe loading=\"lazy\" src=\"https:\/\/www.facebook.com\/plugins\/video.php?href=https%3A%2F%2Fwww.facebook.com%2Freel%2F1580527823562823%2F&#038;show_text=0&#038;width=268\" width=\"268\" height=\"476\" style=\"border:none;overflow:hidden\" scrolling=\"no\" frameborder=\"0\" allowfullscreen=\"true\" allow=\"autoplay; clipboard-write; encrypted-media; picture-in-picture; web-share\" allowFullScreen=\"true\"><\/iframe>","protected":false},"excerpt":{"rendered":"<p>Un tribunal de Moca impuso este viernes una medida de coerci\u00f3n de 18 meses de prisi\u00f3n preventiva contra los hermanos Iv\u00e1n Ysmael Arias Espinosa y Yosilda Altagracia B\u00e1ez Espinosa, quienes est\u00e1n vinculados a la investigaci\u00f3n relacionada con la muerte del joven Albert de Jes\u00fas Aracena N\u00fa\u00f1ez. La decisi\u00f3n judicial fue adoptada luego de que la [&hellip;]<\/p>\n","protected":false},"author":1,"featured_media":17041,"comment_status":"open","ping_status":"open","sticky":false,"template":"","format":"standard","meta":{"footnotes":""},"categories":[1],"tags":[],"class_list":["post-17040","post","type-post","status-publish","format-standard","has-post-thumbnail","hentry","category-uncategorized"],"_links":{"self":[{"href":"https:\/\/rr.unv-informacion.xyz\/index.php?rest_route=\/wp\/v2\/posts\/17040","targetHints":{"allow":["GET"]}}],"collection":[{"href":"https:\/\/rr.unv-informacion.xyz\/index.php?rest_route=\/wp\/v2\/posts"}],"about":[{"href":"https:\/\/rr.unv-informacion.xyz\/index.php?rest_route=\/wp\/v2\/types\/post"}],"author":[{"embeddable":true,"href":"https:\/\/rr.unv-informacion.xyz\/index.php?rest_route=\/wp\/v2\/users\/1"}],"replies":[{"embeddable":true,"href":"https:\/\/rr.unv-informacion.xyz\/index.php?rest_route=%2Fwp%2Fv2%2Fcomments&post=17040"}],"version-history":[{"count":1,"href":"https:\/\/rr.unv-informacion.xyz\/index.php?rest_route=\/wp\/v2\/posts\/17040\/revisions"}],"predecessor-version":[{"id":17042,"href":"https:\/\/rr.unv-informacion.xyz\/index.php?rest_route=\/wp\/v2\/posts\/17040\/revisions\/17042"}],"wp:featuredmedia":[{"embeddable":true,"href":"https:\/\/rr.unv-informacion.xyz\/index.php?rest_route=\/wp\/v2\/media\/17041"}],"wp:attachment":[{"href":"https:\/\/rr.unv-informacion.xyz\/index.php?rest_route=%2Fwp%2Fv2%2Fmedia&parent=17040"}],"wp:term":[{"taxonomy":"category","embeddable":true,"href":"https:\/\/rr.unv-informacion.xyz\/index.php?rest_route=%2Fwp%2Fv2%2Fcategories&post=17040"},{"taxonomy":"post_tag","embeddable":true,"href":"https:\/\/rr.unv-informacion.xyz\/index.php?rest_route=%2Fwp%2Fv2%2Ftags&post=17040"}],"curies":[{"name":"wp","href":"https:\/\/api.w.org\/{rel}","templated":true}]}}