{"id":17043,"date":"2026-09-05T15:35:15","date_gmt":"2026-09-05T15:35:15","guid":{"rendered":"https:\/\/rr.unv-informacion.xyz\/?p=17043"},"modified":"2026-09-05T15:35:16","modified_gmt":"2026-09-05T15:35:16","slug":"querellas-cruzadas-llevan-ante-la-fiscalia-de-la-romana-incidente-que-involucra-a-edwin-encarnacion","status":"publish","type":"post","link":"https:\/\/rr.unv-informacion.xyz\/?p=17043","title":{"rendered":"Querellas cruzadas llevan ante la Fiscal\u00eda de La Romana incidente que involucra a Edwin Encarnaci\u00f3n"},"content":{"rendered":"\n<p class=\"wp-block-paragraph\">Dos querellas con versiones contrapuestas colocaron ante la Fiscal\u00eda de La Romana un incidente en el que figura el exbeisbolista dominicano Edwin Encarnaci\u00f3n, junto a Gabriel Enrique Mart\u00ednez, Kelvin Mart\u00ednez y otras personas vinculadas al caso.<\/p>\n\n\n\n<p class=\"wp-block-paragraph\">Los detalles de los documentos fueron expuestos durante el programa Jessica en Punto, donde el panelista Michael Nova afirm\u00f3 haber tenido acceso a ambas querellas y explic\u00f3 que cada una presenta una interpretaci\u00f3n diferente sobre el origen de la confrontaci\u00f3n.<\/p>\n\n\n\n<p class=\"wp-block-paragraph\">De acuerdo con la informaci\u00f3n divulgada, el incidente habr\u00eda ocurrido alrededor de las 7:30 de la noche en una zona p\u00fablica de La Romana, aunque las partes no coinciden en la forma en que se desarrollaron los acontecimientos ni en qui\u00e9n habr\u00eda iniciado la situaci\u00f3n.<\/p>\n\n\n\n<p class=\"wp-block-paragraph\">La versi\u00f3n presentada en la querella atribuida a Edwin Encarnaci\u00f3n<br>Una de las acciones legales habr\u00eda sido presentada por Edwin Encarnaci\u00f3n contra Gabriel Enrique Mart\u00ednez y Kelvin Mart\u00ednez, a ra\u00edz del incidente registrado en las inmediaciones de T\u00edpico Bonao, pr\u00f3ximo a la zona de Casa de Campo.<\/p>\n\n\n\n<p class=\"wp-block-paragraph\">Seg\u00fan la versi\u00f3n atribuida al exjugador en la querella, este se encontraba en el lugar cuando observ\u00f3 otro veh\u00edculo y posteriormente se acerc\u00f3 al grupo que se encontraba en la zona.<\/p>\n\n\n\n<p class=\"wp-block-paragraph\">Siempre conforme a ese relato, desde el otro veh\u00edculo se habr\u00eda producido una situaci\u00f3n que Encarnaci\u00f3n interpret\u00f3 como amenazante, por lo que, seg\u00fan su versi\u00f3n, reaccion\u00f3 utilizando un medio de protecci\u00f3n personal.<\/p>\n\n\n\n<p class=\"wp-block-paragraph\">Este elemento adquiere relevancia dentro del expediente debido a que la propia versi\u00f3n presentada por el querellante reconoce una reacci\u00f3n durante el episodio, aunque sostiene que esta se produjo despu\u00e9s de que percibiera una acci\u00f3n inicial proveniente del otro veh\u00edculo.<\/p>\n\n\n\n<p class=\"wp-block-paragraph\">La segunda querella presenta una versi\u00f3n diferente<\/p>\n\n\n\n<p class=\"wp-block-paragraph\">La otra acci\u00f3n legal fue presentada contra Encarnaci\u00f3n por Kelvin Mart\u00ednez y Wannel Denny Mej\u00eda, identificado durante el programa como otra de las personas vinculadas al veh\u00edculo involucrado en el incidente.<\/p>\n\n\n\n<p class=\"wp-block-paragraph\">Seg\u00fan la informaci\u00f3n divulgada, Gabriel Enrique Mart\u00ednez no figura como querellante en este segundo documento.<\/p>\n\n\n\n<p class=\"wp-block-paragraph\">Los denunciantes sostienen que se desplazaban en una yipeta Yaris, modelo 2025, cuando llegaron a una estaci\u00f3n ubicada en la zona donde posteriormente se habr\u00eda producido la situaci\u00f3n.<\/p>\n\n\n\n<p class=\"wp-block-paragraph\">De acuerdo con su relato, al notar la presencia del exjugador habr\u00edan decidido abandonar el lugar con la intenci\u00f3n de evitar una posible confrontaci\u00f3n.<\/p>\n\n\n\n<p class=\"wp-block-paragraph\">Sin embargo, alegan que posteriormente se habr\u00eda producido un seguimiento mientras transitaban por la avenida del Coral.<\/p>\n\n\n\n<p class=\"wp-block-paragraph\">Alegan seguimiento durante el recorrido<\/p>\n\n\n\n<p class=\"wp-block-paragraph\">Siempre seg\u00fan la versi\u00f3n presentada por Kelvin Mart\u00ednez y Wannel Denny Mej\u00eda, el veh\u00edculo en el que se desplazaba Encarnaci\u00f3n habr\u00eda seguido su trayecto durante varios momentos.<\/p>\n\n\n\n<p class=\"wp-block-paragraph\">Los querellantes sostienen que posteriormente fueron rebasados y que el otro veh\u00edculo habr\u00eda quedado colocado delante de la yipeta en una intersecci\u00f3n.<\/p>\n\n\n\n<p class=\"wp-block-paragraph\">Tras ese momento, seg\u00fan la narraci\u00f3n incluida en la querella, se produjo un incidente que dej\u00f3 varias marcas en el veh\u00edculo en el que se desplazaban.<\/p>\n\n\n\n<p class=\"wp-block-paragraph\">Los ocupantes aseguraron que pudieron continuar su recorrido y que no resultaron con lesiones f\u00edsicas como consecuencia de lo ocurrido.<\/p>\n\n\n\n<p class=\"wp-block-paragraph\">Dos relatos diferentes sobre un mismo episodio<br>Las querellas coinciden en un punto fundamental: ambas reconocen que se produjo un episodio de confrontaci\u00f3n entre personas vinculadas a los veh\u00edculos involucrados.<\/p>\n\n\n\n<p class=\"wp-block-paragraph\">Sin embargo, los relatos son diferentes respecto a c\u00f3mo comenz\u00f3 la situaci\u00f3n, qu\u00e9 ocurri\u00f3 durante el trayecto y cu\u00e1les fueron las circunstancias que llevaron al incidente.<\/p>\n\n\n\n<p class=\"wp-block-paragraph\">Por esa raz\u00f3n, ninguno de los documentos, por s\u00ed solo, establece responsabilidad penal o confirma definitivamente la versi\u00f3n presentada por alguna de las partes.<\/p>\n\n\n\n<p class=\"wp-block-paragraph\">El panelista Michael Nova se\u00f1al\u00f3 durante el programa que corresponder\u00e1 a las autoridades realizar las verificaciones correspondientes y analizar los elementos disponibles dentro de la investigaci\u00f3n.<\/p>\n\n\n\n<p class=\"wp-block-paragraph\">Entre las evidencias que podr\u00edan resultar relevantes se encuentran posibles grabaciones de c\u00e1maras de seguridad, el estado de los veh\u00edculos involucrados, el recorrido se\u00f1alado por las partes y cualquier otro elemento que permita reconstruir cronol\u00f3gicamente lo sucedido.<\/p>\n\n\n\n<p class=\"wp-block-paragraph\">An\u00e1lisis: la evidencia ser\u00e1 clave para esclarecer las versiones enfrentadas<br>Este caso refleja la importancia de que las investigaciones judiciales se desarrollen a partir de evidencias objetivas y no \u00fanicamente de las declaraciones de las personas involucradas. Cuando existen querellas cruzadas y relatos completamente diferentes sobre un mismo incidente, corresponde al Ministerio P\u00fablico determinar qu\u00e9 elementos pueden ser comprobados mediante pruebas independientes.<\/p>\n\n\n\n<p class=\"wp-block-paragraph\">Videos de seguridad, an\u00e1lisis de los veh\u00edculos, testimonios y la reconstrucci\u00f3n del recorrido podr\u00edan convertirse en piezas fundamentales para establecer c\u00f3mo ocurrieron realmente los hechos. Hasta que las autoridades concluyan sus investigaciones, resulta prudente evitar adelantar conclusiones o atribuir responsabilidades definitivas a cualquiera de las partes.<\/p>\n\n\n\n<p class=\"wp-block-paragraph\">El caso permanece bajo la atenci\u00f3n de las autoridades competentes, mientras las querellas presentadas deber\u00e1n seguir el proceso correspondiente para determinar las circunstancias reales del incidente ocurrido en La Romana.<\/p>\n\n\n\n<figure class=\"wp-block-image size-full\"><img loading=\"lazy\" decoding=\"async\" width=\"650\" height=\"865\" src=\"https:\/\/rr.unv-informacion.xyz\/wp-content\/uploads\/2026\/09\/IMG_9591.jpg\" alt=\"\" class=\"wp-image-17044\" srcset=\"https:\/\/rr.unv-informacion.xyz\/wp-content\/uploads\/2026\/09\/IMG_9591.jpg 650w, https:\/\/rr.unv-informacion.xyz\/wp-content\/uploads\/2026\/09\/IMG_9591-225x300.jpg 225w, https:\/\/rr.unv-informacion.xyz\/wp-content\/uploads\/2026\/09\/IMG_9591-263x350.jpg 263w, https:\/\/rr.unv-informacion.xyz\/wp-content\/uploads\/2026\/09\/IMG_9591-639x850.jpg 639w, https:\/\/rr.unv-informacion.xyz\/wp-content\/uploads\/2026\/09\/IMG_9591-300x399.jpg 300w\" sizes=\"auto, (max-width: 650px) 100vw, 650px\" \/><\/figure>\n\n\n\n<figure class=\"wp-block-image size-full\"><img loading=\"lazy\" decoding=\"async\" width=\"768\" height=\"1023\" src=\"https:\/\/rr.unv-informacion.xyz\/wp-content\/uploads\/2026\/09\/IMG_9588-768x1023-1.jpg\" alt=\"\" class=\"wp-image-17045\" srcset=\"https:\/\/rr.unv-informacion.xyz\/wp-content\/uploads\/2026\/09\/IMG_9588-768x1023-1.jpg 768w, https:\/\/rr.unv-informacion.xyz\/wp-content\/uploads\/2026\/09\/IMG_9588-768x1023-1-225x300.jpg 225w, https:\/\/rr.unv-informacion.xyz\/wp-content\/uploads\/2026\/09\/IMG_9588-768x1023-1-262x349.jpg 262w, https:\/\/rr.unv-informacion.xyz\/wp-content\/uploads\/2026\/09\/IMG_9588-768x1023-1-640x852.jpg 640w, https:\/\/rr.unv-informacion.xyz\/wp-content\/uploads\/2026\/09\/IMG_9588-768x1023-1-300x400.jpg 300w, https:\/\/rr.unv-informacion.xyz\/wp-content\/uploads\/2026\/09\/IMG_9588-768x1023-1-681x907.jpg 681w\" sizes=\"auto, (max-width: 768px) 100vw, 768px\" \/><\/figure>\n\n\n\n<figure class=\"wp-block-image size-full\"><img loading=\"lazy\" decoding=\"async\" width=\"771\" height=\"1024\" src=\"https:\/\/rr.unv-informacion.xyz\/wp-content\/uploads\/2026\/09\/IMG_9589-771x1024-1.jpg\" alt=\"\" class=\"wp-image-17046\" srcset=\"https:\/\/rr.unv-informacion.xyz\/wp-content\/uploads\/2026\/09\/IMG_9589-771x1024-1.jpg 771w, https:\/\/rr.unv-informacion.xyz\/wp-content\/uploads\/2026\/09\/IMG_9589-771x1024-1-226x300.jpg 226w, https:\/\/rr.unv-informacion.xyz\/wp-content\/uploads\/2026\/09\/IMG_9589-771x1024-1-768x1020.jpg 768w, https:\/\/rr.unv-informacion.xyz\/wp-content\/uploads\/2026\/09\/IMG_9589-771x1024-1-263x349.jpg 263w, https:\/\/rr.unv-informacion.xyz\/wp-content\/uploads\/2026\/09\/IMG_9589-771x1024-1-640x850.jpg 640w, https:\/\/rr.unv-informacion.xyz\/wp-content\/uploads\/2026\/09\/IMG_9589-771x1024-1-681x904.jpg 681w, https:\/\/rr.unv-informacion.xyz\/wp-content\/uploads\/2026\/09\/IMG_9589-771x1024-1-301x400.jpg 301w\" sizes=\"auto, (max-width: 771px) 100vw, 771px\" \/><\/figure>\n\n\n\n<figure class=\"wp-block-embed is-type-video is-provider-youtube wp-block-embed-youtube wp-embed-aspect-16-9 wp-has-aspect-ratio\"><div class=\"wp-block-embed__wrapper\">\n<iframe loading=\"lazy\" title=\"EDWIN ENCARNACI\u00d3N SE QUERELLA CONTRA GABRIEL &amp; KELVIN MART\u00cdNEZ POR ATENTAR CONTRA SU VIDA EN P\u00daBLICO\" width=\"640\" height=\"360\" src=\"https:\/\/www.youtube.com\/embed\/5xH_jf1uWTY?feature=oembed\" frameborder=\"0\" allow=\"accelerometer; autoplay; clipboard-write; encrypted-media; gyroscope; picture-in-picture; web-share\" referrerpolicy=\"strict-origin-when-cross-origin\" allowfullscreen><\/iframe>\n<\/div><\/figure>\n","protected":false},"excerpt":{"rendered":"<p>Dos querellas con versiones contrapuestas colocaron ante la Fiscal\u00eda de La Romana un incidente en el que figura el exbeisbolista dominicano Edwin Encarnaci\u00f3n, junto a Gabriel Enrique Mart\u00ednez, Kelvin Mart\u00ednez y otras personas vinculadas al caso. Los detalles de los documentos fueron expuestos durante el programa Jessica en Punto, donde el panelista Michael Nova afirm\u00f3 [&hellip;]<\/p>\n","protected":false},"author":1,"featured_media":17044,"comment_status":"open","ping_status":"open","sticky":false,"template":"","format":"standard","meta":{"footnotes":""},"categories":[1],"tags":[],"class_list":["post-17043","post","type-post","status-publish","format-standard","has-post-thumbnail","hentry","category-uncategorized"],"_links":{"self":[{"href":"https:\/\/rr.unv-informacion.xyz\/index.php?rest_route=\/wp\/v2\/posts\/17043","targetHints":{"allow":["GET"]}}],"collection":[{"href":"https:\/\/rr.unv-informacion.xyz\/index.php?rest_route=\/wp\/v2\/posts"}],"about":[{"href":"https:\/\/rr.unv-informacion.xyz\/index.php?rest_route=\/wp\/v2\/types\/post"}],"author":[{"embeddable":true,"href":"https:\/\/rr.unv-informacion.xyz\/index.php?rest_route=\/wp\/v2\/users\/1"}],"replies":[{"embeddable":true,"href":"https:\/\/rr.unv-informacion.xyz\/index.php?rest_route=%2Fwp%2Fv2%2Fcomments&post=17043"}],"version-history":[{"count":1,"href":"https:\/\/rr.unv-informacion.xyz\/index.php?rest_route=\/wp\/v2\/posts\/17043\/revisions"}],"predecessor-version":[{"id":17047,"href":"https:\/\/rr.unv-informacion.xyz\/index.php?rest_route=\/wp\/v2\/posts\/17043\/revisions\/17047"}],"wp:featuredmedia":[{"embeddable":true,"href":"https:\/\/rr.unv-informacion.xyz\/index.php?rest_route=\/wp\/v2\/media\/17044"}],"wp:attachment":[{"href":"https:\/\/rr.unv-informacion.xyz\/index.php?rest_route=%2Fwp%2Fv2%2Fmedia&parent=17043"}],"wp:term":[{"taxonomy":"category","embeddable":true,"href":"https:\/\/rr.unv-informacion.xyz\/index.php?rest_route=%2Fwp%2Fv2%2Fcategories&post=17043"},{"taxonomy":"post_tag","embeddable":true,"href":"https:\/\/rr.unv-informacion.xyz\/index.php?rest_route=%2Fwp%2Fv2%2Ftags&post=17043"}],"curies":[{"name":"wp","href":"https:\/\/api.w.org\/{rel}","templated":true}]}}