{"id":17048,"date":"2026-09-05T15:38:41","date_gmt":"2026-09-05T15:38:41","guid":{"rendered":"https:\/\/rr.unv-informacion.xyz\/?p=17048"},"modified":"2026-09-05T15:38:41","modified_gmt":"2026-09-05T15:38:41","slug":"querella-senala-a-edwin-encarnacion-por-incidente-en-la-romana","status":"publish","type":"post","link":"https:\/\/rr.unv-informacion.xyz\/?p=17048","title":{"rendered":"Querella se\u00f1ala a Edwin Encarnaci\u00f3n por incidente en La Romana"},"content":{"rendered":"\n<p class=\"wp-block-paragraph\">Edwin Elpidio Encarnaci\u00f3n Rivera fue se\u00f1alado en una querella por un incidente ocurrido la noche del 1 de septiembre de 2026 en las proximidades de la entrada del residencial Casa de Campo. El documento sostiene que dos hombres fueron perseguidos mientras se desplazaban en un veh\u00edculo y que posteriormente se produjeron acciones con un instrumento de fuego.<\/p>\n\n\n\n<p class=\"wp-block-paragraph\">De acuerdo con la acusaci\u00f3n, Kelvin Alexander Mart\u00ednez Trinidad y Wanel Denny Mej\u00eda Francis circulaban cerca de la carretera del Aeropuerto, entre las 7:30 y las 8:00 de la noche, cuando se habr\u00eda iniciado la situaci\u00f3n.<\/p>\n\n\n\n<p class=\"wp-block-paragraph\">La querella indica que Encarnaci\u00f3n presuntamente se acerc\u00f3 al autom\u00f3vil, perjudico la carrocer\u00eda y dirigi\u00f3 intimidaciones e insultos contra sus ocupantes.<\/p>\n\n\n\n<p class=\"wp-block-paragraph\">Documento describe una presunta persecuci\u00f3n<br>Seg\u00fan la versi\u00f3n presentada ante las autoridades, Mart\u00ednez Trinidad y Mej\u00eda Francis decidieron continuar la marcha para alejarse del lugar.<\/p>\n\n\n\n<p class=\"wp-block-paragraph\">La acusaci\u00f3n sostiene que Encarnaci\u00f3n habr\u00eda seguido el veh\u00edculo a alta velocidad en direcci\u00f3n a la Autov\u00eda del Coral.<\/p>\n\n\n\n<p class=\"wp-block-paragraph\">M\u00e1s adelante, siempre de acuerdo con el documento, el se\u00f1alado presuntamente realiz\u00f3 una maniobra con la intenci\u00f3n de bloquear el paso del autom\u00f3vil.<\/p>\n\n\n\n<p class=\"wp-block-paragraph\">La querella afirma que posteriormente habr\u00eda utilizado un instrumento de fuego contra el veh\u00edculo. Varios proyectiles habr\u00edan alcanzado su estructura, seg\u00fan lo expuesto por los denunciantes.<\/p>\n\n\n\n<p class=\"wp-block-paragraph\">El documento se\u00f1ala que las acciones atribuidas al acusado habr\u00edan colocado en riesgo a los ocupantes del autom\u00f3vil y a otras personas que transitaban por la v\u00eda.<\/p>\n\n\n\n<p class=\"wp-block-paragraph\">Autoridades deber\u00e1n establecer responsabilidades<br>La parte querellante atribuye a Edwin Encarnaci\u00f3n una presunta infracci\u00f3n penal relacionada con acciones dirigidas contra la integridad de los dos ocupantes del veh\u00edculo.<\/p>\n\n\n\n<p class=\"wp-block-paragraph\">Hasta el momento, los se\u00f1alamientos corresponden a una acusaci\u00f3n presentada ante las autoridades y no constituyen una declaraci\u00f3n definitiva de responsabilidad.<\/p>\n\n\n\n<p class=\"wp-block-paragraph\">El caso deber\u00e1 continuar bajo investigaci\u00f3n y ser\u00e1 competencia de las autoridades y de los tribunales determinar las circunstancias de lo ocurrido y cualquier responsabilidad legal derivada del expediente.<\/p>\n\n\n\n<figure class=\"wp-block-image size-large\"><img loading=\"lazy\" decoding=\"async\" width=\"1024\" height=\"576\" src=\"https:\/\/rr.unv-informacion.xyz\/wp-content\/uploads\/2026\/09\/captura_20260904_182945_01306c0703-1024x576.webp\" alt=\"\" class=\"wp-image-17049\" srcset=\"https:\/\/rr.unv-informacion.xyz\/wp-content\/uploads\/2026\/09\/captura_20260904_182945_01306c0703-1024x576.webp 1024w, https:\/\/rr.unv-informacion.xyz\/wp-content\/uploads\/2026\/09\/captura_20260904_182945_01306c0703-300x169.webp 300w, https:\/\/rr.unv-informacion.xyz\/wp-content\/uploads\/2026\/09\/captura_20260904_182945_01306c0703-768x432.webp 768w, https:\/\/rr.unv-informacion.xyz\/wp-content\/uploads\/2026\/09\/captura_20260904_182945_01306c0703-284x160.webp 284w, https:\/\/rr.unv-informacion.xyz\/wp-content\/uploads\/2026\/09\/captura_20260904_182945_01306c0703-299x168.webp 299w, https:\/\/rr.unv-informacion.xyz\/wp-content\/uploads\/2026\/09\/captura_20260904_182945_01306c0703-640x360.webp 640w, https:\/\/rr.unv-informacion.xyz\/wp-content\/uploads\/2026\/09\/captura_20260904_182945_01306c0703-622x350.webp 622w, https:\/\/rr.unv-informacion.xyz\/wp-content\/uploads\/2026\/09\/captura_20260904_182945_01306c0703-681x383.webp 681w, https:\/\/rr.unv-informacion.xyz\/wp-content\/uploads\/2026\/09\/captura_20260904_182945_01306c0703-340x191.webp 340w, https:\/\/rr.unv-informacion.xyz\/wp-content\/uploads\/2026\/09\/captura_20260904_182945_01306c0703.webp 1200w\" sizes=\"auto, (max-width: 1024px) 100vw, 1024px\" \/><\/figure>\n\n\n<iframe loading=\"lazy\" src=\"https:\/\/www.facebook.com\/plugins\/video.php?href=https%3A%2F%2Fwww.facebook.com%2Freel%2F2139099803698666%2F&#038;show_text=0&#038;width=267\" width=\"267\" height=\"476\" style=\"border:none;overflow:hidden\" scrolling=\"no\" frameborder=\"0\" allowfullscreen=\"true\" allow=\"autoplay; clipboard-write; encrypted-media; picture-in-picture; web-share\" allowFullScreen=\"true\"><\/iframe>","protected":false},"excerpt":{"rendered":"<p>Edwin Elpidio Encarnaci\u00f3n Rivera fue se\u00f1alado en una querella por un incidente ocurrido la noche del 1 de septiembre de 2026 en las proximidades de la entrada del residencial Casa de Campo. El documento sostiene que dos hombres fueron perseguidos mientras se desplazaban en un veh\u00edculo y que posteriormente se produjeron acciones con un instrumento [&hellip;]<\/p>\n","protected":false},"author":1,"featured_media":17049,"comment_status":"open","ping_status":"open","sticky":false,"template":"","format":"standard","meta":{"footnotes":""},"categories":[1],"tags":[],"class_list":["post-17048","post","type-post","status-publish","format-standard","has-post-thumbnail","hentry","category-uncategorized"],"_links":{"self":[{"href":"https:\/\/rr.unv-informacion.xyz\/index.php?rest_route=\/wp\/v2\/posts\/17048","targetHints":{"allow":["GET"]}}],"collection":[{"href":"https:\/\/rr.unv-informacion.xyz\/index.php?rest_route=\/wp\/v2\/posts"}],"about":[{"href":"https:\/\/rr.unv-informacion.xyz\/index.php?rest_route=\/wp\/v2\/types\/post"}],"author":[{"embeddable":true,"href":"https:\/\/rr.unv-informacion.xyz\/index.php?rest_route=\/wp\/v2\/users\/1"}],"replies":[{"embeddable":true,"href":"https:\/\/rr.unv-informacion.xyz\/index.php?rest_route=%2Fwp%2Fv2%2Fcomments&post=17048"}],"version-history":[{"count":1,"href":"https:\/\/rr.unv-informacion.xyz\/index.php?rest_route=\/wp\/v2\/posts\/17048\/revisions"}],"predecessor-version":[{"id":17050,"href":"https:\/\/rr.unv-informacion.xyz\/index.php?rest_route=\/wp\/v2\/posts\/17048\/revisions\/17050"}],"wp:featuredmedia":[{"embeddable":true,"href":"https:\/\/rr.unv-informacion.xyz\/index.php?rest_route=\/wp\/v2\/media\/17049"}],"wp:attachment":[{"href":"https:\/\/rr.unv-informacion.xyz\/index.php?rest_route=%2Fwp%2Fv2%2Fmedia&parent=17048"}],"wp:term":[{"taxonomy":"category","embeddable":true,"href":"https:\/\/rr.unv-informacion.xyz\/index.php?rest_route=%2Fwp%2Fv2%2Fcategories&post=17048"},{"taxonomy":"post_tag","embeddable":true,"href":"https:\/\/rr.unv-informacion.xyz\/index.php?rest_route=%2Fwp%2Fv2%2Ftags&post=17048"}],"curies":[{"name":"wp","href":"https:\/\/api.w.org\/{rel}","templated":true}]}}