{"id":6748,"date":"2024-12-15T17:58:48","date_gmt":"2024-12-15T17:58:48","guid":{"rendered":"https:\/\/rr.unv-informacion.xyz\/?p=6748"},"modified":"2024-12-15T17:58:50","modified_gmt":"2024-12-15T17:58:50","slug":"incendio-en-los-toros-cobra-la-vida-de-tres-hermanitos","status":"publish","type":"post","link":"https:\/\/rr.unv-informacion.xyz\/?p=6748","title":{"rendered":"Incendio en Los Toros cobra la vida de tres hermanitos"},"content":{"rendered":"\n<p class=\"wp-block-paragraph\">Tres hermanitos fallecieron calcinados la noche de este viernes en un incendio que consumi\u00f3 su vivienda, ubicada en la comunidad Los Toros del municipio Cambita Garabito, en la provincia San Crist\u00f3bal.<\/p>\n\n\n\n<p class=\"wp-block-paragraph\">De acuerdo con el relato de los familiares, la abuela de los ni\u00f1os, Nelly Hern\u00e1ndez Rosario, se encontraba cuid\u00e1ndolos en casa.<\/p>\n\n\n\n<p class=\"wp-block-paragraph\">En un momento sali\u00f3 a comprarles la cena, y al regresar encontr\u00f3 el hogar envuelto en llamas. Vecinos y la propia abuela intentaron apagar el fuego usando arena y agua, pero el incendio ya hab\u00eda reducido la vivienda a cenizas.<\/p>\n\n\n\n<p class=\"wp-block-paragraph\">Los ni\u00f1os fallecidos fueron identificados como Jeidel Hern\u00e1ndez, de 4 a\u00f1os; Kairo Hern\u00e1ndez, de 2 a\u00f1os, y la peque\u00f1a Daniela Hern\u00e1ndez, de apenas 9 meses.<\/p>\n\n\n\n<p class=\"wp-block-paragraph\">El cuerpo de los menores fue trasladado al Instituto Nacional de Ciencias Forenses (Inacif) para realizarles las autopsias correspondientes.<\/p>\n\n\n\n<p class=\"wp-block-paragraph\">Seg\u00fan las autoridades, el incendio podr\u00eda haber sido causado por un cortocircuito debido a conexiones el\u00e9ctricas irregulares en la vivienda, aunque esto no ha sido confirmado oficialmente.<\/p>\n\n\n\n<p class=\"wp-block-paragraph\">La comunidad de Los Toros se encuentra consternada ante este tr\u00e1gico incidente que ha dejado una profunda tristeza entre los residentes.<\/p>\n\n\n\n<figure class=\"wp-block-image size-large\"><img loading=\"lazy\" decoding=\"async\" width=\"1024\" height=\"576\" src=\"https:\/\/rr.unv-informacion.xyz\/wp-content\/uploads\/2024\/12\/Sin-titulo-2-2024-12-14T211204.632-1140x641-1-1024x576.jpg\" alt=\"\" class=\"wp-image-6749\" srcset=\"https:\/\/rr.unv-informacion.xyz\/wp-content\/uploads\/2024\/12\/Sin-titulo-2-2024-12-14T211204.632-1140x641-1-1024x576.jpg 1024w, https:\/\/rr.unv-informacion.xyz\/wp-content\/uploads\/2024\/12\/Sin-titulo-2-2024-12-14T211204.632-1140x641-1-300x169.jpg 300w, https:\/\/rr.unv-informacion.xyz\/wp-content\/uploads\/2024\/12\/Sin-titulo-2-2024-12-14T211204.632-1140x641-1-768x432.jpg 768w, https:\/\/rr.unv-informacion.xyz\/wp-content\/uploads\/2024\/12\/Sin-titulo-2-2024-12-14T211204.632-1140x641-1-747x420.jpg 747w, https:\/\/rr.unv-informacion.xyz\/wp-content\/uploads\/2024\/12\/Sin-titulo-2-2024-12-14T211204.632-1140x641-1-640x360.jpg 640w, https:\/\/rr.unv-informacion.xyz\/wp-content\/uploads\/2024\/12\/Sin-titulo-2-2024-12-14T211204.632-1140x641-1-681x383.jpg 681w, https:\/\/rr.unv-informacion.xyz\/wp-content\/uploads\/2024\/12\/Sin-titulo-2-2024-12-14T211204.632-1140x641-1.jpg 1140w\" sizes=\"auto, (max-width: 1024px) 100vw, 1024px\" \/><\/figure>\n\n\n\n<figure class=\"wp-block-image size-full\"><img loading=\"lazy\" decoding=\"async\" width=\"1024\" height=\"768\" src=\"https:\/\/rr.unv-informacion.xyz\/wp-content\/uploads\/2024\/12\/WhatsApp-Image-2022-01-14-at-6.34.52-PM.webp\" alt=\"\" class=\"wp-image-6750\" srcset=\"https:\/\/rr.unv-informacion.xyz\/wp-content\/uploads\/2024\/12\/WhatsApp-Image-2022-01-14-at-6.34.52-PM.webp 1024w, https:\/\/rr.unv-informacion.xyz\/wp-content\/uploads\/2024\/12\/WhatsApp-Image-2022-01-14-at-6.34.52-PM-300x225.webp 300w, https:\/\/rr.unv-informacion.xyz\/wp-content\/uploads\/2024\/12\/WhatsApp-Image-2022-01-14-at-6.34.52-PM-768x576.webp 768w, https:\/\/rr.unv-informacion.xyz\/wp-content\/uploads\/2024\/12\/WhatsApp-Image-2022-01-14-at-6.34.52-PM-560x420.webp 560w, https:\/\/rr.unv-informacion.xyz\/wp-content\/uploads\/2024\/12\/WhatsApp-Image-2022-01-14-at-6.34.52-PM-80x60.webp 80w, https:\/\/rr.unv-informacion.xyz\/wp-content\/uploads\/2024\/12\/WhatsApp-Image-2022-01-14-at-6.34.52-PM-100x75.webp 100w, https:\/\/rr.unv-informacion.xyz\/wp-content\/uploads\/2024\/12\/WhatsApp-Image-2022-01-14-at-6.34.52-PM-180x135.webp 180w, https:\/\/rr.unv-informacion.xyz\/wp-content\/uploads\/2024\/12\/WhatsApp-Image-2022-01-14-at-6.34.52-PM-238x178.webp 238w, https:\/\/rr.unv-informacion.xyz\/wp-content\/uploads\/2024\/12\/WhatsApp-Image-2022-01-14-at-6.34.52-PM-640x480.webp 640w, https:\/\/rr.unv-informacion.xyz\/wp-content\/uploads\/2024\/12\/WhatsApp-Image-2022-01-14-at-6.34.52-PM-681x511.webp 681w\" sizes=\"auto, (max-width: 1024px) 100vw, 1024px\" \/><\/figure>\n\n\n\n<figure class=\"wp-block-image size-full\"><img loading=\"lazy\" decoding=\"async\" width=\"896\" height=\"504\" src=\"https:\/\/rr.unv-informacion.xyz\/wp-content\/uploads\/2024\/12\/madre-de-ninos-que-murieron-durante-incendio-esta-detenida-focus-0-0-896-504.jpg\" alt=\"\" class=\"wp-image-6751\" srcset=\"https:\/\/rr.unv-informacion.xyz\/wp-content\/uploads\/2024\/12\/madre-de-ninos-que-murieron-durante-incendio-esta-detenida-focus-0-0-896-504.jpg 896w, https:\/\/rr.unv-informacion.xyz\/wp-content\/uploads\/2024\/12\/madre-de-ninos-que-murieron-durante-incendio-esta-detenida-focus-0-0-896-504-300x169.jpg 300w, https:\/\/rr.unv-informacion.xyz\/wp-content\/uploads\/2024\/12\/madre-de-ninos-que-murieron-durante-incendio-esta-detenida-focus-0-0-896-504-768x432.jpg 768w, https:\/\/rr.unv-informacion.xyz\/wp-content\/uploads\/2024\/12\/madre-de-ninos-que-murieron-durante-incendio-esta-detenida-focus-0-0-896-504-747x420.jpg 747w, https:\/\/rr.unv-informacion.xyz\/wp-content\/uploads\/2024\/12\/madre-de-ninos-que-murieron-durante-incendio-esta-detenida-focus-0-0-896-504-640x360.jpg 640w, https:\/\/rr.unv-informacion.xyz\/wp-content\/uploads\/2024\/12\/madre-de-ninos-que-murieron-durante-incendio-esta-detenida-focus-0-0-896-504-681x383.jpg 681w\" sizes=\"auto, (max-width: 896px) 100vw, 896px\" \/><\/figure>\n","protected":false},"excerpt":{"rendered":"<p>Tres hermanitos fallecieron calcinados la noche de este viernes en un incendio que consumi\u00f3 su vivienda, ubicada en la comunidad Los Toros del municipio Cambita Garabito, en la provincia San Crist\u00f3bal. De acuerdo con el relato de los familiares, la abuela de los ni\u00f1os, Nelly Hern\u00e1ndez Rosario, se encontraba cuid\u00e1ndolos en casa. En un momento [&hellip;]<\/p>\n","protected":false},"author":1,"featured_media":6750,"comment_status":"open","ping_status":"open","sticky":false,"template":"","format":"standard","meta":{"footnotes":""},"categories":[1],"tags":[],"class_list":["post-6748","post","type-post","status-publish","format-standard","has-post-thumbnail","hentry","category-uncategorized"],"_links":{"self":[{"href":"https:\/\/rr.unv-informacion.xyz\/index.php?rest_route=\/wp\/v2\/posts\/6748","targetHints":{"allow":["GET"]}}],"collection":[{"href":"https:\/\/rr.unv-informacion.xyz\/index.php?rest_route=\/wp\/v2\/posts"}],"about":[{"href":"https:\/\/rr.unv-informacion.xyz\/index.php?rest_route=\/wp\/v2\/types\/post"}],"author":[{"embeddable":true,"href":"https:\/\/rr.unv-informacion.xyz\/index.php?rest_route=\/wp\/v2\/users\/1"}],"replies":[{"embeddable":true,"href":"https:\/\/rr.unv-informacion.xyz\/index.php?rest_route=%2Fwp%2Fv2%2Fcomments&post=6748"}],"version-history":[{"count":1,"href":"https:\/\/rr.unv-informacion.xyz\/index.php?rest_route=\/wp\/v2\/posts\/6748\/revisions"}],"predecessor-version":[{"id":6752,"href":"https:\/\/rr.unv-informacion.xyz\/index.php?rest_route=\/wp\/v2\/posts\/6748\/revisions\/6752"}],"wp:featuredmedia":[{"embeddable":true,"href":"https:\/\/rr.unv-informacion.xyz\/index.php?rest_route=\/wp\/v2\/media\/6750"}],"wp:attachment":[{"href":"https:\/\/rr.unv-informacion.xyz\/index.php?rest_route=%2Fwp%2Fv2%2Fmedia&parent=6748"}],"wp:term":[{"taxonomy":"category","embeddable":true,"href":"https:\/\/rr.unv-informacion.xyz\/index.php?rest_route=%2Fwp%2Fv2%2Fcategories&post=6748"},{"taxonomy":"post_tag","embeddable":true,"href":"https:\/\/rr.unv-informacion.xyz\/index.php?rest_route=%2Fwp%2Fv2%2Ftags&post=6748"}],"curies":[{"name":"wp","href":"https:\/\/api.w.org\/{rel}","templated":true}]}}