{"id":6768,"date":"2024-12-16T17:07:20","date_gmt":"2024-12-16T17:07:20","guid":{"rendered":"https:\/\/rr.unv-informacion.xyz\/?p=6768"},"modified":"2024-12-16T17:07:21","modified_gmt":"2024-12-16T17:07:21","slug":"apresan-a-madre-y-padrastro-por-caso-de-ninas-fallecidas-en-guayubin","status":"publish","type":"post","link":"https:\/\/rr.unv-informacion.xyz\/?p=6768","title":{"rendered":"Apresan a madre y padrastro por caso de ni\u00f1as fallecidas en Guayub\u00edn"},"content":{"rendered":"\n<p class=\"wp-block-paragraph\">Este domingo fueron arrestados la madre, Lucianny Rodr\u00edguez y el padrastro, Henri Sosa, de las dos hermanitas que fallecieron el pasado martes en la comunidad de El Pocito, municipio de Guayub\u00edn, Montecristi.<\/p>\n\n\n\n<p class=\"wp-block-paragraph\">El caso ha causado conmoci\u00f3n debido a los presuntos signos de violencia encontrados en los cuerpos de las menores.<\/p>\n\n\n\n<p class=\"wp-block-paragraph\">Seg\u00fan el informe preliminar del Instituto Nacional de Patolog\u00eda Forense (INACIF), la ni\u00f1a de dos a\u00f1os, identificada como Mayeli Sof\u00eda Espinal, presentaba un trauma tor\u00e1cico abdominal severo, lo que ha generado indignaci\u00f3n y tristeza entre los familiares y residentes de la comunidad.<\/p>\n\n\n\n<p class=\"wp-block-paragraph\">Por otro lado, el padre biol\u00f3gico de las ni\u00f1as solicit\u00f3 una autopsia adicional para esclarecer las causas de la muerte de la beb\u00e9 de seis meses, identificada como Nicole Espinal, ya que a\u00fan persisten dudas en torno a las circunstancias del fallecimiento.<\/p>\n\n\n\n<p class=\"wp-block-paragraph\">La fiscal titular de Montecristi, Grimaldi Oviedo, inform\u00f3 que en las pr\u00f3ximas horas se presentar\u00e1 medida de coerci\u00f3n contra Rodr\u00edguez y Sosa, quienes enfrentan acusaciones por homicidio.<\/p>\n\n\n\n<p class=\"wp-block-paragraph\">El caso ha despertado el repudio de los residentes de la zona, quienes exigen justicia para las menores.<\/p>\n\n\n\n<p class=\"wp-block-paragraph\">En redes sociales han circulado im\u00e1genes que muestran aparentes moretones en los cuerpos de las ni\u00f1as, lo que refuerza las sospechas de presunto maltrato previo.<\/p>\n\n\n\n<p class=\"wp-block-paragraph\">Este tr\u00e1gico suceso ha provocado consternaci\u00f3n en la comunidad y ha puesto en foco la urgencia de medidas para proteger a la ni\u00f1ez en situaciones de vulnerabilidad.<\/p>\n\n\n<iframe loading=\"lazy\" src=\"https:\/\/www.facebook.com\/plugins\/video.php?href=https%3A%2F%2Fwww.facebook.com%2FPapaNoticias%2Fvideos%2F913269700887899%2F%3Fref%3Dembed_video&#038;show_text=0&#038;width=560\" width=\"560\" height=\"313\" style=\"border:none;overflow:hidden\" scrolling=\"no\" frameborder=\"0\" allowfullscreen=\"true\" allow=\"autoplay; clipboard-write; encrypted-media; picture-in-picture; web-share\" allowFullScreen=\"true\"><\/iframe>","protected":false},"excerpt":{"rendered":"<p>Este domingo fueron arrestados la madre, Lucianny Rodr\u00edguez y el padrastro, Henri Sosa, de las dos hermanitas que fallecieron el pasado martes en la comunidad de El Pocito, municipio de Guayub\u00edn, Montecristi. El caso ha causado conmoci\u00f3n debido a los presuntos signos de violencia encontrados en los cuerpos de las menores. Seg\u00fan el informe preliminar [&hellip;]<\/p>\n","protected":false},"author":1,"featured_media":6769,"comment_status":"open","ping_status":"open","sticky":false,"template":"","format":"standard","meta":{"footnotes":""},"categories":[1],"tags":[],"class_list":["post-6768","post","type-post","status-publish","format-standard","has-post-thumbnail","hentry","category-uncategorized"],"_links":{"self":[{"href":"https:\/\/rr.unv-informacion.xyz\/index.php?rest_route=\/wp\/v2\/posts\/6768","targetHints":{"allow":["GET"]}}],"collection":[{"href":"https:\/\/rr.unv-informacion.xyz\/index.php?rest_route=\/wp\/v2\/posts"}],"about":[{"href":"https:\/\/rr.unv-informacion.xyz\/index.php?rest_route=\/wp\/v2\/types\/post"}],"author":[{"embeddable":true,"href":"https:\/\/rr.unv-informacion.xyz\/index.php?rest_route=\/wp\/v2\/users\/1"}],"replies":[{"embeddable":true,"href":"https:\/\/rr.unv-informacion.xyz\/index.php?rest_route=%2Fwp%2Fv2%2Fcomments&post=6768"}],"version-history":[{"count":1,"href":"https:\/\/rr.unv-informacion.xyz\/index.php?rest_route=\/wp\/v2\/posts\/6768\/revisions"}],"predecessor-version":[{"id":6770,"href":"https:\/\/rr.unv-informacion.xyz\/index.php?rest_route=\/wp\/v2\/posts\/6768\/revisions\/6770"}],"wp:featuredmedia":[{"embeddable":true,"href":"https:\/\/rr.unv-informacion.xyz\/index.php?rest_route=\/wp\/v2\/media\/6769"}],"wp:attachment":[{"href":"https:\/\/rr.unv-informacion.xyz\/index.php?rest_route=%2Fwp%2Fv2%2Fmedia&parent=6768"}],"wp:term":[{"taxonomy":"category","embeddable":true,"href":"https:\/\/rr.unv-informacion.xyz\/index.php?rest_route=%2Fwp%2Fv2%2Fcategories&post=6768"},{"taxonomy":"post_tag","embeddable":true,"href":"https:\/\/rr.unv-informacion.xyz\/index.php?rest_route=%2Fwp%2Fv2%2Ftags&post=6768"}],"curies":[{"name":"wp","href":"https:\/\/api.w.org\/{rel}","templated":true}]}}