{"id":6780,"date":"2024-12-17T15:21:20","date_gmt":"2024-12-17T15:21:20","guid":{"rendered":"https:\/\/rr.unv-informacion.xyz\/?p=6780"},"modified":"2024-12-17T15:21:21","modified_gmt":"2024-12-17T15:21:21","slug":"anciana-resulta-herida-tras-pedir-silencio-durante-un-teteo","status":"publish","type":"post","link":"https:\/\/rr.unv-informacion.xyz\/?p=6780","title":{"rendered":"Anciana resulta herida tras pedir silencio durante un teteo"},"content":{"rendered":"\n<p class=\"wp-block-paragraph\">En la madrugada de este lunes, una mujer de 65 a\u00f1os, identificada como Juana, fue agredida f\u00edsicamente en El Puerto, San Jos\u00e9 del Puerto, Villa Altagracia.<\/p>\n\n\n\n<p class=\"wp-block-paragraph\">El incidente ocurri\u00f3 pasadas las 2:30 a.m. cuando Juana sali\u00f3 de su residencia para pedir que bajaran el volumen de la m\u00fasica en un teteo frente a su casa.<\/p>\n\n\n\n<p class=\"wp-block-paragraph\">Seg\u00fan testigos, sin mediar palabra, un asistente lanz\u00f3 una botella, impactando directamente en el ojo de la v\u00edctima.<\/p>\n\n\n\n<p class=\"wp-block-paragraph\">La agresi\u00f3n caus\u00f3 una severa contusi\u00f3n y un hematoma, lo que agrav\u00f3 el estado de salud de la se\u00f1ora, quien ya padece problemas m\u00e9dicos y vive en condiciones precarias.<\/p>\n\n\n\n<p class=\"wp-block-paragraph\">La comunidad local ha quedado consternada por el hecho y ha dado parte a las autoridades correspondientes.<\/p>\n\n\n\n<p class=\"wp-block-paragraph\">Los residentes esperan una investigaci\u00f3n exhaustiva para identificar y someter al responsable de este acto de violencia.<\/p>\n\n\n\n<figure class=\"wp-block-image size-full\"><img loading=\"lazy\" decoding=\"async\" width=\"960\" height=\"694\" src=\"https:\/\/rr.unv-informacion.xyz\/wp-content\/uploads\/2024\/12\/Envejeciente-960x694-1.jpg\" alt=\"\" class=\"wp-image-6781\" srcset=\"https:\/\/rr.unv-informacion.xyz\/wp-content\/uploads\/2024\/12\/Envejeciente-960x694-1.jpg 960w, https:\/\/rr.unv-informacion.xyz\/wp-content\/uploads\/2024\/12\/Envejeciente-960x694-1-300x217.jpg 300w, https:\/\/rr.unv-informacion.xyz\/wp-content\/uploads\/2024\/12\/Envejeciente-960x694-1-768x555.jpg 768w, https:\/\/rr.unv-informacion.xyz\/wp-content\/uploads\/2024\/12\/Envejeciente-960x694-1-581x420.jpg 581w, https:\/\/rr.unv-informacion.xyz\/wp-content\/uploads\/2024\/12\/Envejeciente-960x694-1-640x463.jpg 640w, https:\/\/rr.unv-informacion.xyz\/wp-content\/uploads\/2024\/12\/Envejeciente-960x694-1-681x492.jpg 681w\" sizes=\"auto, (max-width: 960px) 100vw, 960px\" \/><\/figure>\n","protected":false},"excerpt":{"rendered":"<p>En la madrugada de este lunes, una mujer de 65 a\u00f1os, identificada como Juana, fue agredida f\u00edsicamente en El Puerto, San Jos\u00e9 del Puerto, Villa Altagracia. El incidente ocurri\u00f3 pasadas las 2:30 a.m. cuando Juana sali\u00f3 de su residencia para pedir que bajaran el volumen de la m\u00fasica en un teteo frente a su casa. [&hellip;]<\/p>\n","protected":false},"author":1,"featured_media":6781,"comment_status":"open","ping_status":"open","sticky":false,"template":"","format":"standard","meta":{"footnotes":""},"categories":[1],"tags":[],"class_list":["post-6780","post","type-post","status-publish","format-standard","has-post-thumbnail","hentry","category-uncategorized"],"_links":{"self":[{"href":"https:\/\/rr.unv-informacion.xyz\/index.php?rest_route=\/wp\/v2\/posts\/6780","targetHints":{"allow":["GET"]}}],"collection":[{"href":"https:\/\/rr.unv-informacion.xyz\/index.php?rest_route=\/wp\/v2\/posts"}],"about":[{"href":"https:\/\/rr.unv-informacion.xyz\/index.php?rest_route=\/wp\/v2\/types\/post"}],"author":[{"embeddable":true,"href":"https:\/\/rr.unv-informacion.xyz\/index.php?rest_route=\/wp\/v2\/users\/1"}],"replies":[{"embeddable":true,"href":"https:\/\/rr.unv-informacion.xyz\/index.php?rest_route=%2Fwp%2Fv2%2Fcomments&post=6780"}],"version-history":[{"count":1,"href":"https:\/\/rr.unv-informacion.xyz\/index.php?rest_route=\/wp\/v2\/posts\/6780\/revisions"}],"predecessor-version":[{"id":6782,"href":"https:\/\/rr.unv-informacion.xyz\/index.php?rest_route=\/wp\/v2\/posts\/6780\/revisions\/6782"}],"wp:featuredmedia":[{"embeddable":true,"href":"https:\/\/rr.unv-informacion.xyz\/index.php?rest_route=\/wp\/v2\/media\/6781"}],"wp:attachment":[{"href":"https:\/\/rr.unv-informacion.xyz\/index.php?rest_route=%2Fwp%2Fv2%2Fmedia&parent=6780"}],"wp:term":[{"taxonomy":"category","embeddable":true,"href":"https:\/\/rr.unv-informacion.xyz\/index.php?rest_route=%2Fwp%2Fv2%2Fcategories&post=6780"},{"taxonomy":"post_tag","embeddable":true,"href":"https:\/\/rr.unv-informacion.xyz\/index.php?rest_route=%2Fwp%2Fv2%2Ftags&post=6780"}],"curies":[{"name":"wp","href":"https:\/\/api.w.org\/{rel}","templated":true}]}}