{"id":6784,"date":"2024-12-18T18:59:36","date_gmt":"2024-12-18T18:59:36","guid":{"rendered":"https:\/\/rr.unv-informacion.xyz\/?p=6784"},"modified":"2024-12-18T18:59:37","modified_gmt":"2024-12-18T18:59:37","slug":"el-rubio-del-acordeon-se-pronuncio","status":"publish","type":"post","link":"https:\/\/rr.unv-informacion.xyz\/?p=6784","title":{"rendered":"\u00a0El Rubio del Acorde\u00f3n\u00a0se pronunci\u00f3"},"content":{"rendered":"\n<p class=\"wp-block-paragraph\">El reconocido m\u00fasico El Rubio del Acorde\u00f3n se pronunci\u00f3 sobre la demanda en su contra por interpretar canciones del artista fallecido Tatico Henr\u00edquez.<\/p>\n\n\n\n<p class=\"wp-block-paragraph\">El int\u00e9rprete neg\u00f3 estar benefici\u00e1ndose econ\u00f3micamente de los \u00e9xitos de Henr\u00edquez y defendi\u00f3 su derecho a tocar m\u00fasica t\u00edpica, una pr\u00e1ctica com\u00fan en el g\u00e9nero.<\/p>\n\n\n\n<p class=\"wp-block-paragraph\">Durante una entrevista con la prensa, El Rubio del Acorde\u00f3n expres\u00f3:<br>\u201cEl hecho de que otro suba un merengue a YouTube, yo no tengo que pagar por eso\u201d, aclarando que no tiene ninguna participaci\u00f3n en la publicaci\u00f3n de estos temas en plataformas digitales.<\/p>\n\n\n\n<p class=\"wp-block-paragraph\">Por su parte, Julio Garc\u00eda, hijo del fallecido Tatico Henr\u00edquez, declar\u00f3 que contin\u00faan buscando una conciliaci\u00f3n entre las partes.<\/p>\n\n\n\n<p class=\"wp-block-paragraph\">Garc\u00eda inform\u00f3 que los abogados de su familia, en conjunto con la magistrada a cargo del caso, est\u00e1n trabajando en la revisi\u00f3n de la querella presentada.<\/p>\n\n\n\n<p class=\"wp-block-paragraph\">Adem\u00e1s, indic\u00f3 que los asuntos conciliatorios fueron aplazados para el pr\u00f3ximo 30 de enero, fecha en la que se presentar\u00e1 una propuesta formal.<br>El caso ha generado expectativa debido a la importancia hist\u00f3rica y cultural de las composiciones de Tatico Henr\u00edquez, figura clave del merengue t\u00edpico.<\/p>\n\n\n\n<p class=\"wp-block-paragraph\">El Rubio del Acorde\u00f3n, quien ha sido un referente del g\u00e9nero, ha reiterado que su objetivo es \u00fanicamente rendir tributo a la m\u00fasica tradicional, una pr\u00e1ctica extendida entre los m\u00fasicos t\u00edpicos del pa\u00eds.<\/p>\n\n\n\n<p class=\"wp-block-paragraph\">Garc\u00eda enfatiz\u00f3 que el proceso de conciliaci\u00f3n es el camino que prefieren seguir antes de cualquier acci\u00f3n judicial definitiva. Seg\u00fan sus declaraciones, est\u00e1n abiertos al di\u00e1logo para resolver la situaci\u00f3n sin conflictos mayores.<\/p>\n\n\n\n<p class=\"wp-block-paragraph\">Las partes involucradas han manifestado su intenci\u00f3n de buscar una soluci\u00f3n pac\u00edfica, mientras el proceso legal contin\u00faa bajo revisi\u00f3n por las autoridades competentes.<\/p>\n\n\n\n<figure class=\"wp-block-embed is-type-video is-provider-youtube wp-block-embed-youtube wp-embed-aspect-16-9 wp-has-aspect-ratio\"><div class=\"wp-block-embed__wrapper\">\n<iframe loading=\"lazy\" title=\"Habla El Rubio del Acorde\u00f3n sobre demanda en su contra por interpretar los temas de Tatico Henr\u00edquez\" width=\"640\" height=\"360\" src=\"https:\/\/www.youtube.com\/embed\/dyPtYDGhs7Q?feature=oembed\" frameborder=\"0\" allow=\"accelerometer; autoplay; clipboard-write; encrypted-media; gyroscope; picture-in-picture; web-share\" referrerpolicy=\"strict-origin-when-cross-origin\" allowfullscreen><\/iframe>\n<\/div><\/figure>\n","protected":false},"excerpt":{"rendered":"<p>El reconocido m\u00fasico El Rubio del Acorde\u00f3n se pronunci\u00f3 sobre la demanda en su contra por interpretar canciones del artista fallecido Tatico Henr\u00edquez. El int\u00e9rprete neg\u00f3 estar benefici\u00e1ndose econ\u00f3micamente de los \u00e9xitos de Henr\u00edquez y defendi\u00f3 su derecho a tocar m\u00fasica t\u00edpica, una pr\u00e1ctica com\u00fan en el g\u00e9nero. Durante una entrevista con la prensa, El [&hellip;]<\/p>\n","protected":false},"author":1,"featured_media":6785,"comment_status":"open","ping_status":"open","sticky":false,"template":"","format":"standard","meta":{"footnotes":""},"categories":[1],"tags":[],"class_list":["post-6784","post","type-post","status-publish","format-standard","has-post-thumbnail","hentry","category-uncategorized"],"_links":{"self":[{"href":"https:\/\/rr.unv-informacion.xyz\/index.php?rest_route=\/wp\/v2\/posts\/6784","targetHints":{"allow":["GET"]}}],"collection":[{"href":"https:\/\/rr.unv-informacion.xyz\/index.php?rest_route=\/wp\/v2\/posts"}],"about":[{"href":"https:\/\/rr.unv-informacion.xyz\/index.php?rest_route=\/wp\/v2\/types\/post"}],"author":[{"embeddable":true,"href":"https:\/\/rr.unv-informacion.xyz\/index.php?rest_route=\/wp\/v2\/users\/1"}],"replies":[{"embeddable":true,"href":"https:\/\/rr.unv-informacion.xyz\/index.php?rest_route=%2Fwp%2Fv2%2Fcomments&post=6784"}],"version-history":[{"count":1,"href":"https:\/\/rr.unv-informacion.xyz\/index.php?rest_route=\/wp\/v2\/posts\/6784\/revisions"}],"predecessor-version":[{"id":6786,"href":"https:\/\/rr.unv-informacion.xyz\/index.php?rest_route=\/wp\/v2\/posts\/6784\/revisions\/6786"}],"wp:featuredmedia":[{"embeddable":true,"href":"https:\/\/rr.unv-informacion.xyz\/index.php?rest_route=\/wp\/v2\/media\/6785"}],"wp:attachment":[{"href":"https:\/\/rr.unv-informacion.xyz\/index.php?rest_route=%2Fwp%2Fv2%2Fmedia&parent=6784"}],"wp:term":[{"taxonomy":"category","embeddable":true,"href":"https:\/\/rr.unv-informacion.xyz\/index.php?rest_route=%2Fwp%2Fv2%2Fcategories&post=6784"},{"taxonomy":"post_tag","embeddable":true,"href":"https:\/\/rr.unv-informacion.xyz\/index.php?rest_route=%2Fwp%2Fv2%2Ftags&post=6784"}],"curies":[{"name":"wp","href":"https:\/\/api.w.org\/{rel}","templated":true}]}}