{"id":6787,"date":"2024-12-18T19:04:21","date_gmt":"2024-12-18T19:04:21","guid":{"rendered":"https:\/\/rr.unv-informacion.xyz\/?p=6787"},"modified":"2024-12-18T19:04:21","modified_gmt":"2024-12-18T19:04:21","slug":"bienvenido-reyes-chalas","status":"publish","type":"post","link":"https:\/\/rr.unv-informacion.xyz\/?p=6787","title":{"rendered":"Bienvenido Reyes Chalas"},"content":{"rendered":"\n<p class=\"wp-block-paragraph\">En medio de un clamor de justicia, son velados los restos del segundo teniente de la Fuerza A\u00e9rea de Rep\u00fablica Dominicana (FARD).<\/p>\n\n\n\n<p class=\"wp-block-paragraph\">Bienvenido Reyes Chalas, quien fue ultimado de un disparo la madrugada del lunes en el sector Hainamosa, Santo Domingo Este.<\/p>\n\n\n\n<p class=\"wp-block-paragraph\">Familiares y vecinos acudieron a la funeraria, expresando su dolor y recordando las cualidades del oficial.<\/p>\n\n\n\n<p class=\"wp-block-paragraph\">Reyes Chalas, quien ten\u00eda 38 a\u00f1os, se encontraba jugando domin\u00f3 con amigos en una zona cercana a su residencia cuando fue atacado por tres individuos que se desplazaban en una motocicleta.<\/p>\n\n\n\n<p class=\"wp-block-paragraph\">La esposa del oficial, quien lleg\u00f3 desde los Estados Unidos, se mostr\u00f3 desconsolada mientras sosten\u00eda a su beb\u00e9 reci\u00e9n nacido.<\/p>\n\n\n\n<p class=\"wp-block-paragraph\">Seg\u00fan informaron parientes, Reyes Chalas hab\u00eda regresado al pa\u00eds hace seis d\u00edas para conocer a su hijo.<\/p>\n\n\n\n<p class=\"wp-block-paragraph\">El sepelio se lleva a cabo sin acceso a la prensa. Los restos ser\u00e1n sepultados este mi\u00e9rcoles en el cementerio Cristo Salvador.<\/p>\n\n\n\n<p class=\"wp-block-paragraph\">La Polic\u00eda Nacional inform\u00f3 que las investigaciones est\u00e1n en curso para dar con los responsables del crimen y llevarlos ante la justicia.<\/p>\n\n\n\n<figure class=\"wp-block-image size-large\"><img loading=\"lazy\" decoding=\"async\" width=\"1024\" height=\"576\" src=\"https:\/\/rr.unv-informacion.xyz\/wp-content\/uploads\/2024\/12\/WhatsApp-Image-2023-01-14-at-1.32.19-PM-1024x576.jpg\" alt=\"\" class=\"wp-image-6788\" srcset=\"https:\/\/rr.unv-informacion.xyz\/wp-content\/uploads\/2024\/12\/WhatsApp-Image-2023-01-14-at-1.32.19-PM-1024x576.jpg 1024w, https:\/\/rr.unv-informacion.xyz\/wp-content\/uploads\/2024\/12\/WhatsApp-Image-2023-01-14-at-1.32.19-PM-300x169.jpg 300w, https:\/\/rr.unv-informacion.xyz\/wp-content\/uploads\/2024\/12\/WhatsApp-Image-2023-01-14-at-1.32.19-PM-768x432.jpg 768w, https:\/\/rr.unv-informacion.xyz\/wp-content\/uploads\/2024\/12\/WhatsApp-Image-2023-01-14-at-1.32.19-PM-747x420.jpg 747w, https:\/\/rr.unv-informacion.xyz\/wp-content\/uploads\/2024\/12\/WhatsApp-Image-2023-01-14-at-1.32.19-PM-640x360.jpg 640w, https:\/\/rr.unv-informacion.xyz\/wp-content\/uploads\/2024\/12\/WhatsApp-Image-2023-01-14-at-1.32.19-PM-681x383.jpg 681w, https:\/\/rr.unv-informacion.xyz\/wp-content\/uploads\/2024\/12\/WhatsApp-Image-2023-01-14-at-1.32.19-PM.jpg 1030w\" sizes=\"auto, (max-width: 1024px) 100vw, 1024px\" \/><\/figure>\n\n\n\n<figure class=\"wp-block-embed is-type-video is-provider-youtube wp-block-embed-youtube wp-embed-aspect-16-9 wp-has-aspect-ratio\"><div class=\"wp-block-embed__wrapper\">\n<iframe loading=\"lazy\" title=\"Velan restos de militar que fue tiroteado mortalmente por asaltantes en Hainamosa\" width=\"640\" height=\"360\" src=\"https:\/\/www.youtube.com\/embed\/E3kmDkqOwWo?feature=oembed\" frameborder=\"0\" allow=\"accelerometer; autoplay; clipboard-write; encrypted-media; gyroscope; picture-in-picture; web-share\" referrerpolicy=\"strict-origin-when-cross-origin\" allowfullscreen><\/iframe>\n<\/div><\/figure>\n","protected":false},"excerpt":{"rendered":"<p>En medio de un clamor de justicia, son velados los restos del segundo teniente de la Fuerza A\u00e9rea de Rep\u00fablica Dominicana (FARD). Bienvenido Reyes Chalas, quien fue ultimado de un disparo la madrugada del lunes en el sector Hainamosa, Santo Domingo Este. Familiares y vecinos acudieron a la funeraria, expresando su dolor y recordando las [&hellip;]<\/p>\n","protected":false},"author":1,"featured_media":6788,"comment_status":"open","ping_status":"open","sticky":false,"template":"","format":"standard","meta":{"footnotes":""},"categories":[1],"tags":[],"class_list":["post-6787","post","type-post","status-publish","format-standard","has-post-thumbnail","hentry","category-uncategorized"],"_links":{"self":[{"href":"https:\/\/rr.unv-informacion.xyz\/index.php?rest_route=\/wp\/v2\/posts\/6787","targetHints":{"allow":["GET"]}}],"collection":[{"href":"https:\/\/rr.unv-informacion.xyz\/index.php?rest_route=\/wp\/v2\/posts"}],"about":[{"href":"https:\/\/rr.unv-informacion.xyz\/index.php?rest_route=\/wp\/v2\/types\/post"}],"author":[{"embeddable":true,"href":"https:\/\/rr.unv-informacion.xyz\/index.php?rest_route=\/wp\/v2\/users\/1"}],"replies":[{"embeddable":true,"href":"https:\/\/rr.unv-informacion.xyz\/index.php?rest_route=%2Fwp%2Fv2%2Fcomments&post=6787"}],"version-history":[{"count":1,"href":"https:\/\/rr.unv-informacion.xyz\/index.php?rest_route=\/wp\/v2\/posts\/6787\/revisions"}],"predecessor-version":[{"id":6789,"href":"https:\/\/rr.unv-informacion.xyz\/index.php?rest_route=\/wp\/v2\/posts\/6787\/revisions\/6789"}],"wp:featuredmedia":[{"embeddable":true,"href":"https:\/\/rr.unv-informacion.xyz\/index.php?rest_route=\/wp\/v2\/media\/6788"}],"wp:attachment":[{"href":"https:\/\/rr.unv-informacion.xyz\/index.php?rest_route=%2Fwp%2Fv2%2Fmedia&parent=6787"}],"wp:term":[{"taxonomy":"category","embeddable":true,"href":"https:\/\/rr.unv-informacion.xyz\/index.php?rest_route=%2Fwp%2Fv2%2Fcategories&post=6787"},{"taxonomy":"post_tag","embeddable":true,"href":"https:\/\/rr.unv-informacion.xyz\/index.php?rest_route=%2Fwp%2Fv2%2Ftags&post=6787"}],"curies":[{"name":"wp","href":"https:\/\/api.w.org\/{rel}","templated":true}]}}