{"id":6795,"date":"2024-12-19T16:00:24","date_gmt":"2024-12-19T16:00:24","guid":{"rendered":"https:\/\/rr.unv-informacion.xyz\/?p=6795"},"modified":"2024-12-19T16:00:25","modified_gmt":"2024-12-19T16:00:25","slug":"adolescente-de-15-pierde-la-vida-tras-encuentro-con-un-joven","status":"publish","type":"post","link":"https:\/\/rr.unv-informacion.xyz\/?p=6795","title":{"rendered":"Adolescente de 15 pierde la vida tras encuentro con un joven"},"content":{"rendered":"\n<p class=\"wp-block-paragraph\">Santana de Parna\u00edba, S\u00e3o Paulo.- Una adolescente de 15 a\u00f1os, identificada como Evelyn, perdi\u00f3 la vida despu\u00e9s de un encuentro con un joven que conoci\u00f3 a trav\u00e9s de redes sociales. La Polic\u00eda Civil investiga la causa de la muerte y las circunstancias que rodearon el caso, entre las que se incluye la sospecha de un abuso sexual colectivo.<\/p>\n\n\n\n<p class=\"wp-block-paragraph\">De acuerdo con las primeras investigaciones, Evelyn habr\u00eda planeado encontrarse con un joven de 16 a\u00f1os en su domicilio, tras mantener conversaciones previas por mensajes. Sin embargo, lo que parec\u00eda ser un encuentro consensuado entre ambos termin\u00f3 en tragedia cuando, adem\u00e1s del adolescente, otros tres j\u00f3venes de entre 14 y 16 a\u00f1os aparecieron en el lugar.<\/p>\n\n\n\n<p class=\"wp-block-paragraph\">Los informes preliminares de la polic\u00eda y del Instituto M\u00e9dico Legal (IML) se\u00f1alan que Evelyn habr\u00eda mantenido relaciones sexuales con m\u00e1s de una persona y sufri\u00f3 un desmayo durante el encuentro. Testimonios indican que la menor comenz\u00f3 a sangrar profusamente, lo que podr\u00eda haberle provocado una hemorragia interna y una r\u00e1pida parada cardiorrespiratoria.<\/p>\n\n\n\n<p class=\"wp-block-paragraph\">Lo m\u00e1s alarmante del caso es la presunta omisi\u00f3n de auxilio por parte de los j\u00f3venes presentes. En lugar de contactar inmediatamente a los servicios de emergencia, realizaron b\u00fasquedas en Internet con frases como: \u201c\u00bfEs posible morir despu\u00e9s de tener relaciones sexuales?\u201d y \u201c\u00bfQu\u00e9 hacer si alguien se desmaya y sangra?\u201d. Seg\u00fan las autoridades, la demora en pedir ayuda fue un factor determinante en la muerte de la joven.<\/p>\n\n\n\n<p class=\"wp-block-paragraph\">Adem\u00e1s, la escena del suceso habr\u00eda sido alterada antes de la llegada de los equipos de rescate. La polic\u00eda report\u00f3 que los j\u00f3venes lavaron la ropa y limpiaron \u00e1reas donde hab\u00eda manchas de sangre. El cuerpo de Evelyn fue arrastrado hasta el ba\u00f1o, donde supuestamente intentaron lavarlo, un hecho que el informe forense respalda debido a los raspones encontrados en sus piernas.<\/p>\n\n\n\n<p class=\"wp-block-paragraph\">La autopsia realizada por el IML determin\u00f3 como causa preliminar de la muerte una asfixia mec\u00e1nica, posiblemente provocada por sofocaci\u00f3n o estrangulamiento. Aunque a\u00fan se esperan resultados de ex\u00e1menes complementarios, esta conclusi\u00f3n refuerza la hip\u00f3tesis de que la adolescente pudo haber sido v\u00edctima de un crimen violento.<\/p>\n\n\n\n<p class=\"wp-block-paragraph\">El caso ha conmocionado a la comunidad de Santana de Parna\u00edba. La familia de Evelyn exige que se haga justicia y sostiene que la menor fue enga\u00f1ada y llevada a una emboscada, pues en los mensajes que intercambi\u00f3 con el joven antes del encuentro no se mencionaba la presencia de otros individuos.<\/p>\n\n\n\n<p class=\"wp-block-paragraph\">\u201cLa intenci\u00f3n de mi prima era solo encontrarse con \u00e9l, no ten\u00eda idea de lo que pasar\u00eda. Esto fue premeditado\u201d, expres\u00f3 Stephanie, prima de la v\u00edctima.<\/p>\n\n\n\n<p class=\"wp-block-paragraph\">Por otro lado, la defensa del joven due\u00f1o de la casa asegura que Evelyn consinti\u00f3 las relaciones, aunque los abogados de la familia de la adolescente rechazan categ\u00f3ricamente esta versi\u00f3n. El caso sigue bajo investigaci\u00f3n y se espera que la polic\u00eda determine las responsabilidades de los implicados.<\/p>\n\n\n\n<p class=\"wp-block-paragraph\">En tanto, la escuela donde estudiaba Evelyn rindi\u00f3 un emotivo homenaje durante la ceremonia de graduaci\u00f3n, record\u00e1ndola como una joven alegre, deportista y con grandes sue\u00f1os.<\/p>\n\n\n\n<p class=\"wp-block-paragraph\">La tragedia ha puesto nuevamente en debate la seguridad de los encuentros concertados a trav\u00e9s de internet y el peligro al que se exponen los menores de edad.<\/p>\n\n\n\n<p class=\"wp-block-paragraph\">que se exponen los menores de edad.<\/p>\n\n\n\n<figure class=\"wp-block-image size-full\"><img loading=\"lazy\" decoding=\"async\" width=\"774\" height=\"748\" src=\"https:\/\/rr.unv-informacion.xyz\/wp-content\/uploads\/2024\/12\/469256028_1111980853922781_839074506001823755_n.jpg\" alt=\"\" class=\"wp-image-6796\" srcset=\"https:\/\/rr.unv-informacion.xyz\/wp-content\/uploads\/2024\/12\/469256028_1111980853922781_839074506001823755_n.jpg 774w, https:\/\/rr.unv-informacion.xyz\/wp-content\/uploads\/2024\/12\/469256028_1111980853922781_839074506001823755_n-300x290.jpg 300w, https:\/\/rr.unv-informacion.xyz\/wp-content\/uploads\/2024\/12\/469256028_1111980853922781_839074506001823755_n-768x742.jpg 768w, https:\/\/rr.unv-informacion.xyz\/wp-content\/uploads\/2024\/12\/469256028_1111980853922781_839074506001823755_n-435x420.jpg 435w, https:\/\/rr.unv-informacion.xyz\/wp-content\/uploads\/2024\/12\/469256028_1111980853922781_839074506001823755_n-640x619.jpg 640w, https:\/\/rr.unv-informacion.xyz\/wp-content\/uploads\/2024\/12\/469256028_1111980853922781_839074506001823755_n-681x658.jpg 681w\" sizes=\"auto, (max-width: 774px) 100vw, 774px\" \/><\/figure>\n\n\n\n<figure class=\"wp-block-embed is-type-video is-provider-youtube wp-block-embed-youtube wp-embed-aspect-16-9 wp-has-aspect-ratio\"><div class=\"wp-block-embed__wrapper\">\n<iframe loading=\"lazy\" title=\"Adolescente morre em encontro com jovem que conheceu na internet; suspeita \u00e9 de estupro coletivo\" width=\"640\" height=\"360\" src=\"https:\/\/www.youtube.com\/embed\/QZoY_YLRGQ0?feature=oembed\" frameborder=\"0\" allow=\"accelerometer; autoplay; clipboard-write; encrypted-media; gyroscope; picture-in-picture; web-share\" referrerpolicy=\"strict-origin-when-cross-origin\" allowfullscreen><\/iframe>\n<\/div><\/figure>\n","protected":false},"excerpt":{"rendered":"<p>Santana de Parna\u00edba, S\u00e3o Paulo.- Una adolescente de 15 a\u00f1os, identificada como Evelyn, perdi\u00f3 la vida despu\u00e9s de un encuentro con un joven que conoci\u00f3 a trav\u00e9s de redes sociales. La Polic\u00eda Civil investiga la causa de la muerte y las circunstancias que rodearon el caso, entre las que se incluye la sospecha de un [&hellip;]<\/p>\n","protected":false},"author":1,"featured_media":6796,"comment_status":"open","ping_status":"open","sticky":false,"template":"","format":"standard","meta":{"footnotes":""},"categories":[1],"tags":[],"class_list":["post-6795","post","type-post","status-publish","format-standard","has-post-thumbnail","hentry","category-uncategorized"],"_links":{"self":[{"href":"https:\/\/rr.unv-informacion.xyz\/index.php?rest_route=\/wp\/v2\/posts\/6795","targetHints":{"allow":["GET"]}}],"collection":[{"href":"https:\/\/rr.unv-informacion.xyz\/index.php?rest_route=\/wp\/v2\/posts"}],"about":[{"href":"https:\/\/rr.unv-informacion.xyz\/index.php?rest_route=\/wp\/v2\/types\/post"}],"author":[{"embeddable":true,"href":"https:\/\/rr.unv-informacion.xyz\/index.php?rest_route=\/wp\/v2\/users\/1"}],"replies":[{"embeddable":true,"href":"https:\/\/rr.unv-informacion.xyz\/index.php?rest_route=%2Fwp%2Fv2%2Fcomments&post=6795"}],"version-history":[{"count":1,"href":"https:\/\/rr.unv-informacion.xyz\/index.php?rest_route=\/wp\/v2\/posts\/6795\/revisions"}],"predecessor-version":[{"id":6797,"href":"https:\/\/rr.unv-informacion.xyz\/index.php?rest_route=\/wp\/v2\/posts\/6795\/revisions\/6797"}],"wp:featuredmedia":[{"embeddable":true,"href":"https:\/\/rr.unv-informacion.xyz\/index.php?rest_route=\/wp\/v2\/media\/6796"}],"wp:attachment":[{"href":"https:\/\/rr.unv-informacion.xyz\/index.php?rest_route=%2Fwp%2Fv2%2Fmedia&parent=6795"}],"wp:term":[{"taxonomy":"category","embeddable":true,"href":"https:\/\/rr.unv-informacion.xyz\/index.php?rest_route=%2Fwp%2Fv2%2Fcategories&post=6795"},{"taxonomy":"post_tag","embeddable":true,"href":"https:\/\/rr.unv-informacion.xyz\/index.php?rest_route=%2Fwp%2Fv2%2Ftags&post=6795"}],"curies":[{"name":"wp","href":"https:\/\/api.w.org\/{rel}","templated":true}]}}