{"id":6813,"date":"2024-12-20T17:54:04","date_gmt":"2024-12-20T17:54:04","guid":{"rendered":"https:\/\/rr.unv-informacion.xyz\/?p=6813"},"modified":"2024-12-20T17:54:06","modified_gmt":"2024-12-20T17:54:06","slug":"paloma-caridad-perez-hernandez","status":"publish","type":"post","link":"https:\/\/rr.unv-informacion.xyz\/?p=6813","title":{"rendered":"Paloma Caridad P\u00e9rez Hern\u00e1ndez"},"content":{"rendered":"\n<p class=\"wp-block-paragraph\">Sepultaron en San Francisco los restos de la mujer que luego de her\u00a1r de gravedad a su hija y se su\u00a1cid\u00f3, en un hecho que ha consternado a gran parte de la ciudadan\u00eda en esa demarcaci\u00f3n.<\/p>\n\n\n\n<p class=\"wp-block-paragraph\">La occisa respond\u00eda al nombre de Paloma Caridad P\u00e9rez Hern\u00e1ndez, de 33 a\u00f1os, quien cort\u00f3 en el cuello con un casco de botella a su hija, identificada como Melani P\u00e9rez, de 20 a\u00f1os y tras el hecho, se suicid\u00f3 con una herida en la yugular.<\/p>\n\n\n\n<p class=\"wp-block-paragraph\">Denia Hern\u00e1ndez, t\u00eda de las v\u00edctimas, narr\u00f3 que desde el pasado fin de semana ambas andaban deambulando en las calles y negocios de bebidas alcoh\u00f3licas en el centro de San Francisco de Macor\u00eds, donde presumen le dieron alg\u00fan tipo de drogas que les provoc\u00f3 delirio de persecuci\u00f3n, ya que no quer\u00edan llegar a su casa en la comunidad de Ribera del Jaya, por temor a que les quitaran la vida.<\/p>\n\n\n\n<p class=\"wp-block-paragraph\">Adem\u00e1s, indic\u00f3 que ante el estado en el que se encontraban con delirio de persecuci\u00f3n y agresividad, las llev\u00f3 al hospital San Vicente de Paul para que recibiera atenciones m\u00e9dicas, sin embargo, lograron salir y al llegar al residencial ubicado en la urbanizaci\u00f3n Caperuza II ocurri\u00f3 la tragedia, por lo que esperan de las autoridades investiguen donde quien se dirig\u00edan.<\/p>\n\n\n\n<p class=\"wp-block-paragraph\">La jovencita Melanie P\u00e9rez result\u00f3 intervenida quir\u00fargicamente en el hospital San Vicente de Pa\u00fal de esta localidad y se encuentra estable, mientras el departamento de Investigaciones Criminales de la Polic\u00eda hace el levantamiento de evidencias incluyendo videos de las c\u00e1maras de seguridad para determinar si alguien le dio a tomar alg\u00fan tipo de alucin\u00f3geno.<\/p>\n\n\n\n<figure class=\"wp-block-image size-full\"><img loading=\"lazy\" decoding=\"async\" width=\"469\" height=\"264\" src=\"https:\/\/rr.unv-informacion.xyz\/wp-content\/uploads\/2024\/12\/image-1.png\" alt=\"\" class=\"wp-image-6814\" srcset=\"https:\/\/rr.unv-informacion.xyz\/wp-content\/uploads\/2024\/12\/image-1.png 469w, https:\/\/rr.unv-informacion.xyz\/wp-content\/uploads\/2024\/12\/image-1-300x169.png 300w\" sizes=\"auto, (max-width: 469px) 100vw, 469px\" \/><\/figure>\n\n\n\n<figure class=\"wp-block-image size-full\"><img loading=\"lazy\" decoding=\"async\" width=\"470\" height=\"277\" src=\"https:\/\/rr.unv-informacion.xyz\/wp-content\/uploads\/2024\/12\/image.png\" alt=\"\" class=\"wp-image-6815\" srcset=\"https:\/\/rr.unv-informacion.xyz\/wp-content\/uploads\/2024\/12\/image.png 470w, https:\/\/rr.unv-informacion.xyz\/wp-content\/uploads\/2024\/12\/image-300x177.png 300w\" sizes=\"auto, (max-width: 470px) 100vw, 470px\" \/><\/figure>\n\n\n\n<figure class=\"wp-block-image size-full\"><img loading=\"lazy\" decoding=\"async\" width=\"950\" height=\"523\" src=\"https:\/\/rr.unv-informacion.xyz\/wp-content\/uploads\/2024\/12\/Paloma-Caridad-Perez-Hernandez.jpg\" alt=\"\" class=\"wp-image-6816\" srcset=\"https:\/\/rr.unv-informacion.xyz\/wp-content\/uploads\/2024\/12\/Paloma-Caridad-Perez-Hernandez.jpg 950w, https:\/\/rr.unv-informacion.xyz\/wp-content\/uploads\/2024\/12\/Paloma-Caridad-Perez-Hernandez-300x165.jpg 300w, https:\/\/rr.unv-informacion.xyz\/wp-content\/uploads\/2024\/12\/Paloma-Caridad-Perez-Hernandez-768x423.jpg 768w, https:\/\/rr.unv-informacion.xyz\/wp-content\/uploads\/2024\/12\/Paloma-Caridad-Perez-Hernandez-763x420.jpg 763w, https:\/\/rr.unv-informacion.xyz\/wp-content\/uploads\/2024\/12\/Paloma-Caridad-Perez-Hernandez-640x352.jpg 640w, https:\/\/rr.unv-informacion.xyz\/wp-content\/uploads\/2024\/12\/Paloma-Caridad-Perez-Hernandez-681x375.jpg 681w\" sizes=\"auto, (max-width: 950px) 100vw, 950px\" \/><\/figure>\n\n\n<iframe loading=\"lazy\" src=\"https:\/\/www.facebook.com\/plugins\/video.php?href=https%3A%2F%2Fwww.facebook.com%2FPeriodicosfm.net%2Fvideos%2F585478960890106%2F%3Fref%3Dembed_video&#038;show_text=0&#038;width=267\" width=\"267\" height=\"476\" style=\"border:none;overflow:hidden\" scrolling=\"no\" frameborder=\"0\" allowfullscreen=\"true\" allow=\"autoplay; clipboard-write; encrypted-media; picture-in-picture; web-share\" allowFullScreen=\"true\"><\/iframe>\n\n<blockquote class=\"twitter-tweet\" data-media-max-width=\"560\"><p lang=\"es\" dir=\"ltr\">Fueron sepultados en San Francisco de Macor\u00eds los restos de la mujer que, luego de herir de gravedad a su hija, se suicid\u00f3 en un hecho que ha consternado a gran parte de la ciudadan\u00eda en esa demarcaci\u00f3n, ya que llevaban varios d\u00edas deambulando. <br><br>Ampl\u00eda esta y otras informaciones\u2026 <a href=\"https:\/\/t.co\/cmwnoBpxcG\">pic.twitter.com\/cmwnoBpxcG<\/a><\/p>&mdash; CDN 37 (@cdn37) <a href=\"https:\/\/twitter.com\/cdn37\/status\/1869931584725393442?ref_src=twsrc%5Etfw\">December 20, 2024<\/a><\/blockquote> <script async src=\"https:\/\/platform.twitter.com\/widgets.js\" charset=\"utf-8\"><\/script>","protected":false},"excerpt":{"rendered":"<p>Sepultaron en San Francisco los restos de la mujer que luego de her\u00a1r de gravedad a su hija y se su\u00a1cid\u00f3, en un hecho que ha consternado a gran parte de la ciudadan\u00eda en esa demarcaci\u00f3n. La occisa respond\u00eda al nombre de Paloma Caridad P\u00e9rez Hern\u00e1ndez, de 33 a\u00f1os, quien cort\u00f3 en el cuello con [&hellip;]<\/p>\n","protected":false},"author":1,"featured_media":6814,"comment_status":"open","ping_status":"open","sticky":false,"template":"","format":"standard","meta":{"footnotes":""},"categories":[1],"tags":[],"class_list":["post-6813","post","type-post","status-publish","format-standard","has-post-thumbnail","hentry","category-uncategorized"],"_links":{"self":[{"href":"https:\/\/rr.unv-informacion.xyz\/index.php?rest_route=\/wp\/v2\/posts\/6813","targetHints":{"allow":["GET"]}}],"collection":[{"href":"https:\/\/rr.unv-informacion.xyz\/index.php?rest_route=\/wp\/v2\/posts"}],"about":[{"href":"https:\/\/rr.unv-informacion.xyz\/index.php?rest_route=\/wp\/v2\/types\/post"}],"author":[{"embeddable":true,"href":"https:\/\/rr.unv-informacion.xyz\/index.php?rest_route=\/wp\/v2\/users\/1"}],"replies":[{"embeddable":true,"href":"https:\/\/rr.unv-informacion.xyz\/index.php?rest_route=%2Fwp%2Fv2%2Fcomments&post=6813"}],"version-history":[{"count":1,"href":"https:\/\/rr.unv-informacion.xyz\/index.php?rest_route=\/wp\/v2\/posts\/6813\/revisions"}],"predecessor-version":[{"id":6817,"href":"https:\/\/rr.unv-informacion.xyz\/index.php?rest_route=\/wp\/v2\/posts\/6813\/revisions\/6817"}],"wp:featuredmedia":[{"embeddable":true,"href":"https:\/\/rr.unv-informacion.xyz\/index.php?rest_route=\/wp\/v2\/media\/6814"}],"wp:attachment":[{"href":"https:\/\/rr.unv-informacion.xyz\/index.php?rest_route=%2Fwp%2Fv2%2Fmedia&parent=6813"}],"wp:term":[{"taxonomy":"category","embeddable":true,"href":"https:\/\/rr.unv-informacion.xyz\/index.php?rest_route=%2Fwp%2Fv2%2Fcategories&post=6813"},{"taxonomy":"post_tag","embeddable":true,"href":"https:\/\/rr.unv-informacion.xyz\/index.php?rest_route=%2Fwp%2Fv2%2Ftags&post=6813"}],"curies":[{"name":"wp","href":"https:\/\/api.w.org\/{rel}","templated":true}]}}