{"id":6843,"date":"2024-12-23T20:38:23","date_gmt":"2024-12-23T20:38:23","guid":{"rendered":"https:\/\/rr.unv-informacion.xyz\/?p=6843"},"modified":"2024-12-23T20:38:24","modified_gmt":"2024-12-23T20:38:24","slug":"tres-miembros-de-una-familia-fueron-encontrados-sin-vida","status":"publish","type":"post","link":"https:\/\/rr.unv-informacion.xyz\/?p=6843","title":{"rendered":"Tres miembros de una familia fueron encontrados sin vida"},"content":{"rendered":"\n<p class=\"wp-block-paragraph\">Un brutal crimen ha conmocionado a los habitantes de Santa Clara, Villa Clara en Cuba, donde tres miembros de una familia fueron encontrados sin vida y con signos de extrema violencia en la localidad conocida como \u2018La Picadora de Hatillo\u2019.<\/p>\n\n\n\n<p class=\"wp-block-paragraph\">El hallazgo ocurri\u00f3 el pasado viernes, cuando un vecino alert\u00f3 a las autoridades tras observar que su perro llevaba en la boca lo que parec\u00eda ser un brazo humano. Las v\u00edctimas fueron identificadas como Yunier Jim\u00e9nez, su esposa Meivis D\u00edaz B\u00e1ez, de 24 a\u00f1os, y la hija de ambos, Yenlys Jim\u00e9nez P\u00e9rez, de apenas 11 a\u00f1os.<\/p>\n\n\n\n<p class=\"wp-block-paragraph\">La familia era originaria de Sagua la Grande, a unos 30 minutos del lugar donde se encontraron sus cuerpos, dentro de maletines abandonados en una presa de la zona. De acuerdo con reportes de redes sociales y versiones recogidas por medios independientes, el principal sospechoso del crimen es un hombre conocido como \u201cYasmany\u201d, quien presuntamente fue detenido por las autoridades.<\/p>\n\n\n\n<p class=\"wp-block-paragraph\">Seg\u00fan estas versiones, el individuo habr\u00eda recibido dinero enviado por su madre desde Estados Unidos para cometer el crimen, aunque esta hip\u00f3tesis no ha sido confirmada oficialmente. Adem\u00e1s, se ha informado que Yasmany contaba con antecedentes penales. Apenas habr\u00eda cumplido dos a\u00f1os de prisi\u00f3n tras ser condenado por abusar a su hijastra menor de edad.<\/p>\n\n\n\n<p class=\"wp-block-paragraph\">Testimonios en redes sociales indican que, d\u00edas antes de ser detenido, amenaz\u00f3 con un arma blanca a varias personas en la localidad de Laredo y lleg\u00f3 incluso a atacar f\u00edsicamente a una de ellas.<\/p>\n\n\n\n<p class=\"wp-block-paragraph\">Las especulaciones en torno al motivo del asesinato sugieren un posible ajuste de cuentas, posiblemente relacionado con un intento fallido de salida ilegal del pa\u00eds. Esta teor\u00eda ha circulado con fuerza en redes sociales, donde los ciudadanos han expresado su indignaci\u00f3n y llamado a las autoridades a esclarecer el caso con celeridad.<\/p>\n\n\n\n<p class=\"wp-block-paragraph\">El crimen ha desatado un profundo malestar entre los residentes de la regi\u00f3n y usuarios en redes sociales, quienes demandan medidas contundentes para enfrentar la creciente ola de violencia en el pa\u00eds.<\/p>\n\n\n\n<p class=\"wp-block-paragraph\">Muchos han exigido la reactivaci\u00f3n de la pena de muerte como castigo ejemplar para cr\u00edmenes de esta naturaleza. El abogado Manuel Viera, en un mensaje en redes sociales, reflexion\u00f3 sobre la escalada de violencia que enfrenta Cuba. \u201cNos estamos acostumbrando a convivir con cr\u00edmenes atroces. Nadie tiene derecho a arrebatar la vida de toda una familia. Es hora de que los responsables reciban todo el peso de la ley\u201d, expres\u00f3.<\/p>\n\n\n\n<p class=\"wp-block-paragraph\">El caso de Villa Clara no es un hecho aislado. En mayo de 2023, un triple crimen similar ocurri\u00f3 en Bellotex, Matanzas, donde un hombre asesin\u00f3 a una familia, incluido un ni\u00f1o de seis a\u00f1os.<\/p>\n\n\n\n<p class=\"wp-block-paragraph\">Estos sucesos reflejan el aumento de la violencia extrema, exacerbada por la crisis econ\u00f3mica y social que enfrenta el pa\u00eds.<\/p>\n\n\n\n<p class=\"wp-block-paragraph\">La poblaci\u00f3n cubana contin\u00faa exigiendo justicia y mayor protecci\u00f3n por parte de las autoridades para garantizar la seguridad y evitar que cr\u00edmenes de esta magnitud sigan ocurriendo. La investigaci\u00f3n sobre este atroz asesinato permanece en desarrollo.<\/p>\n\n\n\n<figure class=\"wp-block-image size-large\"><img loading=\"lazy\" decoding=\"async\" width=\"485\" height=\"1024\" src=\"https:\/\/rr.unv-informacion.xyz\/wp-content\/uploads\/2024\/12\/470668411_3906251316319918_4414293082547040023_n-485x1024.jpg\" alt=\"\" class=\"wp-image-6844\" srcset=\"https:\/\/rr.unv-informacion.xyz\/wp-content\/uploads\/2024\/12\/470668411_3906251316319918_4414293082547040023_n-485x1024.jpg 485w, https:\/\/rr.unv-informacion.xyz\/wp-content\/uploads\/2024\/12\/470668411_3906251316319918_4414293082547040023_n-142x300.jpg 142w, https:\/\/rr.unv-informacion.xyz\/wp-content\/uploads\/2024\/12\/470668411_3906251316319918_4414293082547040023_n.jpg 970w\" sizes=\"auto, (max-width: 485px) 100vw, 485px\" \/><\/figure>\n\n\n<iframe loading=\"lazy\" src=\"https:\/\/www.facebook.com\/plugins\/video.php?href=https%3A%2F%2Fwww.facebook.com%2Freel%2F1696495167594344%2F%3Fref%3Dembed_video&#038;show_text=0&#038;width=267\" width=\"267\" height=\"476\" style=\"border:none;overflow:hidden\" scrolling=\"no\" frameborder=\"0\" allowfullscreen=\"true\" allow=\"autoplay; clipboard-write; encrypted-media; picture-in-picture; web-share\" allowFullScreen=\"true\"><\/iframe>\n\n<iframe loading=\"lazy\" src=\"https:\/\/www.facebook.com\/plugins\/video.php?href=https%3A%2F%2Fwww.facebook.com%2FFisherTiger04%2Fvideos%2F1659744291625374%2F%3Fref%3Dembed_video&#038;show_text=0&#038;width=267\" width=\"267\" height=\"476\" style=\"border:none;overflow:hidden\" scrolling=\"no\" frameborder=\"0\" allowfullscreen=\"true\" allow=\"autoplay; clipboard-write; encrypted-media; picture-in-picture; web-share\" allowFullScreen=\"true\"><\/iframe>","protected":false},"excerpt":{"rendered":"<p>Un brutal crimen ha conmocionado a los habitantes de Santa Clara, Villa Clara en Cuba, donde tres miembros de una familia fueron encontrados sin vida y con signos de extrema violencia en la localidad conocida como \u2018La Picadora de Hatillo\u2019. El hallazgo ocurri\u00f3 el pasado viernes, cuando un vecino alert\u00f3 a las autoridades tras observar [&hellip;]<\/p>\n","protected":false},"author":1,"featured_media":6844,"comment_status":"open","ping_status":"open","sticky":false,"template":"","format":"standard","meta":{"footnotes":""},"categories":[1],"tags":[],"class_list":["post-6843","post","type-post","status-publish","format-standard","has-post-thumbnail","hentry","category-uncategorized"],"_links":{"self":[{"href":"https:\/\/rr.unv-informacion.xyz\/index.php?rest_route=\/wp\/v2\/posts\/6843","targetHints":{"allow":["GET"]}}],"collection":[{"href":"https:\/\/rr.unv-informacion.xyz\/index.php?rest_route=\/wp\/v2\/posts"}],"about":[{"href":"https:\/\/rr.unv-informacion.xyz\/index.php?rest_route=\/wp\/v2\/types\/post"}],"author":[{"embeddable":true,"href":"https:\/\/rr.unv-informacion.xyz\/index.php?rest_route=\/wp\/v2\/users\/1"}],"replies":[{"embeddable":true,"href":"https:\/\/rr.unv-informacion.xyz\/index.php?rest_route=%2Fwp%2Fv2%2Fcomments&post=6843"}],"version-history":[{"count":1,"href":"https:\/\/rr.unv-informacion.xyz\/index.php?rest_route=\/wp\/v2\/posts\/6843\/revisions"}],"predecessor-version":[{"id":6845,"href":"https:\/\/rr.unv-informacion.xyz\/index.php?rest_route=\/wp\/v2\/posts\/6843\/revisions\/6845"}],"wp:featuredmedia":[{"embeddable":true,"href":"https:\/\/rr.unv-informacion.xyz\/index.php?rest_route=\/wp\/v2\/media\/6844"}],"wp:attachment":[{"href":"https:\/\/rr.unv-informacion.xyz\/index.php?rest_route=%2Fwp%2Fv2%2Fmedia&parent=6843"}],"wp:term":[{"taxonomy":"category","embeddable":true,"href":"https:\/\/rr.unv-informacion.xyz\/index.php?rest_route=%2Fwp%2Fv2%2Fcategories&post=6843"},{"taxonomy":"post_tag","embeddable":true,"href":"https:\/\/rr.unv-informacion.xyz\/index.php?rest_route=%2Fwp%2Fv2%2Ftags&post=6843"}],"curies":[{"name":"wp","href":"https:\/\/api.w.org\/{rel}","templated":true}]}}