{"id":6846,"date":"2024-12-23T20:47:39","date_gmt":"2024-12-23T20:47:39","guid":{"rendered":"https:\/\/rr.unv-informacion.xyz\/?p=6846"},"modified":"2024-12-23T20:47:40","modified_gmt":"2024-12-23T20:47:40","slug":"accidente-en-la-kennedy-deja-dos-hermanos-muertos","status":"publish","type":"post","link":"https:\/\/rr.unv-informacion.xyz\/?p=6846","title":{"rendered":"Accidente en la Kennedy deja dos hermanos muertos"},"content":{"rendered":"\n<p class=\"wp-block-paragraph\">Un fatal accidente de tr\u00e1nsito en la intersecci\u00f3n de las avenidas John F. Kennedy y Ortega y Gasset, en el Distrito Nacional, cobr\u00f3 la vida de dos j\u00f3venes hermanos.<\/p>\n\n\n\n<p class=\"wp-block-paragraph\">Las autoridades locales han iniciado una investigaci\u00f3n para esclarecer los motivos que provocaron el tr\u00e1gico suceso, aunque se maneja la hip\u00f3tesis de que la alta velocidad pudo haber jugado un papel crucial en el desenlace.<\/p>\n\n\n\n<p class=\"wp-block-paragraph\">Las v\u00edctimas fueron identificadas como Darlin y Darwin D\u00edaz, quienes se encontraban viajando, posiblemente en el mismo veh\u00edculo al momento del impacto.<\/p>\n\n\n\n<p class=\"wp-block-paragraph\">Seg\u00fan fuentes cercanas, Darlin era hijo de un gomero que tiene su negocio en la intersecci\u00f3n de las calles San Mart\u00edn con Tiradentes, y resid\u00eda en el Ensanche La Fe.<\/p>\n\n\n\n<p class=\"wp-block-paragraph\">Se desconoce si ambos hermanos compart\u00edan el veh\u00edculo al momento del accidente o si viajaban en distintos autos.<\/p>\n\n\n\n<p class=\"wp-block-paragraph\">Hasta el momento, las autoridades no han proporcionado detalles sobre las circunstancias exactas del accidente.<\/p>\n\n\n\n<p class=\"wp-block-paragraph\">Sin embargo, se encuentran recopilando evidencias para determinar si factores como el exceso de velocidad, condiciones del tr\u00e1nsito o alg\u00fan otro factor pudieron haber influido en el siniestro.<\/p>\n\n\n\n<p class=\"wp-block-paragraph\">Se espera que en las pr\u00f3ximas horas se ofrezca un informe m\u00e1s detallado sobre el caso.<\/p>\n\n\n\n<p class=\"wp-block-paragraph\">Este lamentable suceso ha causado consternaci\u00f3n en la comunidad, especialmente entre los vecinos del Ensanche La Fe, quienes recuerdan a los hermanos por su vida cotidiana.<\/p>\n\n\n\n<p class=\"wp-block-paragraph\">Mientras tanto, las autoridades siguen trabajando para esclarecer los hechos y brindar respuestas a las familias afectadas.<\/p>\n\n\n\n<figure class=\"wp-block-image size-large\"><img loading=\"lazy\" decoding=\"async\" width=\"1024\" height=\"1015\" src=\"https:\/\/rr.unv-informacion.xyz\/wp-content\/uploads\/2024\/12\/185554833_102056418737250_4669951690387894098_n-1024x1015.jpg\" alt=\"\" class=\"wp-image-6847\" srcset=\"https:\/\/rr.unv-informacion.xyz\/wp-content\/uploads\/2024\/12\/185554833_102056418737250_4669951690387894098_n-1024x1015.jpg 1024w, https:\/\/rr.unv-informacion.xyz\/wp-content\/uploads\/2024\/12\/185554833_102056418737250_4669951690387894098_n-300x297.jpg 300w, https:\/\/rr.unv-informacion.xyz\/wp-content\/uploads\/2024\/12\/185554833_102056418737250_4669951690387894098_n.jpg 1936w\" sizes=\"auto, (max-width: 1024px) 100vw, 1024px\" \/><\/figure>\n\n\n\n<figure class=\"wp-block-image size-large\"><img loading=\"lazy\" decoding=\"async\" width=\"461\" height=\"1024\" src=\"https:\/\/rr.unv-informacion.xyz\/wp-content\/uploads\/2024\/12\/471397387_1134027331777182_2558310596968882254_n-461x1024.jpg\" alt=\"\" class=\"wp-image-6848\" srcset=\"https:\/\/rr.unv-informacion.xyz\/wp-content\/uploads\/2024\/12\/471397387_1134027331777182_2558310596968882254_n-461x1024.jpg 461w, https:\/\/rr.unv-informacion.xyz\/wp-content\/uploads\/2024\/12\/471397387_1134027331777182_2558310596968882254_n-135x300.jpg 135w, https:\/\/rr.unv-informacion.xyz\/wp-content\/uploads\/2024\/12\/471397387_1134027331777182_2558310596968882254_n-691x1536.jpg 691w, https:\/\/rr.unv-informacion.xyz\/wp-content\/uploads\/2024\/12\/471397387_1134027331777182_2558310596968882254_n.jpg 720w\" sizes=\"auto, (max-width: 461px) 100vw, 461px\" \/><\/figure>\n","protected":false},"excerpt":{"rendered":"<p>Un fatal accidente de tr\u00e1nsito en la intersecci\u00f3n de las avenidas John F. Kennedy y Ortega y Gasset, en el Distrito Nacional, cobr\u00f3 la vida de dos j\u00f3venes hermanos. Las autoridades locales han iniciado una investigaci\u00f3n para esclarecer los motivos que provocaron el tr\u00e1gico suceso, aunque se maneja la hip\u00f3tesis de que la alta velocidad [&hellip;]<\/p>\n","protected":false},"author":1,"featured_media":0,"comment_status":"open","ping_status":"open","sticky":false,"template":"","format":"standard","meta":{"footnotes":""},"categories":[1],"tags":[],"class_list":["post-6846","post","type-post","status-publish","format-standard","hentry","category-uncategorized"],"_links":{"self":[{"href":"https:\/\/rr.unv-informacion.xyz\/index.php?rest_route=\/wp\/v2\/posts\/6846","targetHints":{"allow":["GET"]}}],"collection":[{"href":"https:\/\/rr.unv-informacion.xyz\/index.php?rest_route=\/wp\/v2\/posts"}],"about":[{"href":"https:\/\/rr.unv-informacion.xyz\/index.php?rest_route=\/wp\/v2\/types\/post"}],"author":[{"embeddable":true,"href":"https:\/\/rr.unv-informacion.xyz\/index.php?rest_route=\/wp\/v2\/users\/1"}],"replies":[{"embeddable":true,"href":"https:\/\/rr.unv-informacion.xyz\/index.php?rest_route=%2Fwp%2Fv2%2Fcomments&post=6846"}],"version-history":[{"count":1,"href":"https:\/\/rr.unv-informacion.xyz\/index.php?rest_route=\/wp\/v2\/posts\/6846\/revisions"}],"predecessor-version":[{"id":6849,"href":"https:\/\/rr.unv-informacion.xyz\/index.php?rest_route=\/wp\/v2\/posts\/6846\/revisions\/6849"}],"wp:attachment":[{"href":"https:\/\/rr.unv-informacion.xyz\/index.php?rest_route=%2Fwp%2Fv2%2Fmedia&parent=6846"}],"wp:term":[{"taxonomy":"category","embeddable":true,"href":"https:\/\/rr.unv-informacion.xyz\/index.php?rest_route=%2Fwp%2Fv2%2Fcategories&post=6846"},{"taxonomy":"post_tag","embeddable":true,"href":"https:\/\/rr.unv-informacion.xyz\/index.php?rest_route=%2Fwp%2Fv2%2Ftags&post=6846"}],"curies":[{"name":"wp","href":"https:\/\/api.w.org\/{rel}","templated":true}]}}