{"id":6866,"date":"2024-12-24T17:20:15","date_gmt":"2024-12-24T17:20:15","guid":{"rendered":"https:\/\/rr.unv-informacion.xyz\/?p=6866"},"modified":"2024-12-24T17:20:17","modified_gmt":"2024-12-24T17:20:17","slug":"declaracion-publica-vincula-a-raymond-pozo-con-una-joven-como-su-hija","status":"publish","type":"post","link":"https:\/\/rr.unv-informacion.xyz\/?p=6866","title":{"rendered":"Declaraci\u00f3n p\u00fablica vincula a Raymond Pozo con una joven como su hija"},"content":{"rendered":"\n<p class=\"wp-block-paragraph\">En un reciente video publicado en YouTube, una joven afirm\u00f3 ser hija del reconocido humorista Raymond Pozo.<\/p>\n\n\n\n<p class=\"wp-block-paragraph\">La mujer utiliz\u00f3 esta plataforma para dar a conocer su versi\u00f3n de los hechos y buscar reconocimiento p\u00fablico del artista como su padre biol\u00f3gico.<\/p>\n\n\n\n<p class=\"wp-block-paragraph\">Durante el video, la joven expres\u00f3 que no busca causar da\u00f1o ni generar controversias.<\/p>\n\n\n\n<p class=\"wp-block-paragraph\">Seg\u00fan indic\u00f3, su intenci\u00f3n es \u00fanicamente aclarar un tema personal relacionado con su origen y establecer contacto con Pozo para resolver lo que considera un asunto importante en su vida.<\/p>\n\n\n\n<p class=\"wp-block-paragraph\">Hasta ahora, ni el humorista ni su equipo de representaci\u00f3n han ofrecido declaraciones al respecto.<\/p>\n\n\n\n<p class=\"wp-block-paragraph\">Asimismo, no se han presentado pruebas documentales que respalden o desmientan lo dicho en el video, y las fuentes oficiales relacionadas no han confirmado la autenticidad de estas afirmaciones.<\/p>\n\n\n\n<p class=\"wp-block-paragraph\">El caso ha captado el inter\u00e9s de usuarios de la plataforma, quienes han reaccionado a las declaraciones hechas por la joven.<\/p>\n\n\n\n<p class=\"wp-block-paragraph\">Sin embargo, la informaci\u00f3n disponible sigue siendo limitada y no se han producido avances en t\u00e9rminos de respuesta oficial o evidencia adicional.<\/p>\n\n\n<p><iframe loading=\"lazy\" src=\"https:\/\/www.facebook.com\/plugins\/video.php?href=https%3A%2F%2Fwww.facebook.com%2Fnotisancri%2Fvideos%2F600595392326971%2F%3Fref%3Dembed_video&#038;show_text=0&#038;width=380\" width=\"380\" height=\"476\" style=\"border:none;overflow:hidden\" scrolling=\"no\" frameborder=\"0\" allowfullscreen=\"true\" allow=\"autoplay; clipboard-write; encrypted-media; picture-in-picture; web-share\" allowFullScreen=\"true\"><\/iframe><\/p>\n\n\n<figure class=\"wp-block-embed is-type-video is-provider-youtube wp-block-embed-youtube wp-embed-aspect-16-9 wp-has-aspect-ratio\"><div class=\"wp-block-embed__wrapper\">\n<iframe loading=\"lazy\" title=\"LA JOVEN QUE ASEGURA SER HIJA DE RAYMOND POZO DA LA CARA \u00bfLE QUIEREN HACER UN DA\u00d1O?\" width=\"640\" height=\"360\" src=\"https:\/\/www.youtube.com\/embed\/t9AcFVWb2xU?feature=oembed\" frameborder=\"0\" allow=\"accelerometer; autoplay; clipboard-write; encrypted-media; gyroscope; picture-in-picture; web-share\" referrerpolicy=\"strict-origin-when-cross-origin\" allowfullscreen><\/iframe>\n<\/div><\/figure>\n","protected":false},"excerpt":{"rendered":"<p>En un reciente video publicado en YouTube, una joven afirm\u00f3 ser hija del reconocido humorista Raymond Pozo. La mujer utiliz\u00f3 esta plataforma para dar a conocer su versi\u00f3n de los hechos y buscar reconocimiento p\u00fablico del artista como su padre biol\u00f3gico. Durante el video, la joven expres\u00f3 que no busca causar da\u00f1o ni generar controversias. [&hellip;]<\/p>\n","protected":false},"author":1,"featured_media":6867,"comment_status":"open","ping_status":"open","sticky":false,"template":"","format":"standard","meta":{"footnotes":""},"categories":[1],"tags":[],"class_list":["post-6866","post","type-post","status-publish","format-standard","has-post-thumbnail","hentry","category-uncategorized"],"_links":{"self":[{"href":"https:\/\/rr.unv-informacion.xyz\/index.php?rest_route=\/wp\/v2\/posts\/6866","targetHints":{"allow":["GET"]}}],"collection":[{"href":"https:\/\/rr.unv-informacion.xyz\/index.php?rest_route=\/wp\/v2\/posts"}],"about":[{"href":"https:\/\/rr.unv-informacion.xyz\/index.php?rest_route=\/wp\/v2\/types\/post"}],"author":[{"embeddable":true,"href":"https:\/\/rr.unv-informacion.xyz\/index.php?rest_route=\/wp\/v2\/users\/1"}],"replies":[{"embeddable":true,"href":"https:\/\/rr.unv-informacion.xyz\/index.php?rest_route=%2Fwp%2Fv2%2Fcomments&post=6866"}],"version-history":[{"count":1,"href":"https:\/\/rr.unv-informacion.xyz\/index.php?rest_route=\/wp\/v2\/posts\/6866\/revisions"}],"predecessor-version":[{"id":6868,"href":"https:\/\/rr.unv-informacion.xyz\/index.php?rest_route=\/wp\/v2\/posts\/6866\/revisions\/6868"}],"wp:featuredmedia":[{"embeddable":true,"href":"https:\/\/rr.unv-informacion.xyz\/index.php?rest_route=\/wp\/v2\/media\/6867"}],"wp:attachment":[{"href":"https:\/\/rr.unv-informacion.xyz\/index.php?rest_route=%2Fwp%2Fv2%2Fmedia&parent=6866"}],"wp:term":[{"taxonomy":"category","embeddable":true,"href":"https:\/\/rr.unv-informacion.xyz\/index.php?rest_route=%2Fwp%2Fv2%2Fcategories&post=6866"},{"taxonomy":"post_tag","embeddable":true,"href":"https:\/\/rr.unv-informacion.xyz\/index.php?rest_route=%2Fwp%2Fv2%2Ftags&post=6866"}],"curies":[{"name":"wp","href":"https:\/\/api.w.org\/{rel}","templated":true}]}}