{"id":6872,"date":"2024-12-25T19:33:48","date_gmt":"2024-12-25T19:33:48","guid":{"rendered":"https:\/\/rr.unv-informacion.xyz\/?p=6872"},"modified":"2024-12-25T19:33:48","modified_gmt":"2024-12-25T19:33:48","slug":"juliana-calderon-de-gracia-de-52-anos","status":"publish","type":"post","link":"https:\/\/rr.unv-informacion.xyz\/?p=6872","title":{"rendered":"Juliana Calder\u00f3n de Gracia, de 52 a\u00f1os"},"content":{"rendered":"\n<p class=\"wp-block-paragraph\">Juliana Calder\u00f3n, de Hig\u00fcey, falleci\u00f3 en un accidente en la carretera a Santana. Se presume que fue atropellada y abandonada en el lugar.<\/p>\n\n\n\n<p class=\"wp-block-paragraph\">Lamentamos informar el fallecimiento de Juliana Calder\u00f3n de Gracia, de 52 a\u00f1os, oriunda de Hig\u00fcey, quien perdi\u00f3 la vida en un accidente de tr\u00e1nsito en el kil\u00f3metro 5 de la carretera a Santana.<\/p>\n\n\n\n<p class=\"wp-block-paragraph\">Seg\u00fan testigos, la se\u00f1ora conduc\u00eda una pasola PGO blanca y llevaba dos fundas con aparente comida. Se presume que fue atropellada por un veh\u00edculo cuyo conductor la dej\u00f3 abandonada en el lugar.<\/p>\n\n\n\n<p class=\"wp-block-paragraph\">Actualmente, las autoridades esperan el levantamiento del cuerpo por parte del m\u00e9dico legista para continuar con las investigaciones.<\/p>\n\n\n\n<figure class=\"wp-block-image size-full\"><img loading=\"lazy\" decoding=\"async\" width=\"720\" height=\"960\" src=\"https:\/\/rr.unv-informacion.xyz\/wp-content\/uploads\/2024\/12\/471369707_8869177653163569_8784671979569919601_n.jpg\" alt=\"\" class=\"wp-image-6873\" srcset=\"https:\/\/rr.unv-informacion.xyz\/wp-content\/uploads\/2024\/12\/471369707_8869177653163569_8784671979569919601_n.jpg 720w, https:\/\/rr.unv-informacion.xyz\/wp-content\/uploads\/2024\/12\/471369707_8869177653163569_8784671979569919601_n-225x300.jpg 225w, https:\/\/rr.unv-informacion.xyz\/wp-content\/uploads\/2024\/12\/471369707_8869177653163569_8784671979569919601_n-315x420.jpg 315w, https:\/\/rr.unv-informacion.xyz\/wp-content\/uploads\/2024\/12\/471369707_8869177653163569_8784671979569919601_n-640x853.jpg 640w, https:\/\/rr.unv-informacion.xyz\/wp-content\/uploads\/2024\/12\/471369707_8869177653163569_8784671979569919601_n-681x908.jpg 681w\" sizes=\"auto, (max-width: 720px) 100vw, 720px\" \/><\/figure>\n\n\n\n<figure class=\"wp-block-image size-large\"><img loading=\"lazy\" decoding=\"async\" width=\"768\" height=\"1024\" src=\"https:\/\/rr.unv-informacion.xyz\/wp-content\/uploads\/2024\/12\/471250690_1417130562582340_2357114409372645430_n-768x1024.jpg\" alt=\"\" class=\"wp-image-6874\" srcset=\"https:\/\/rr.unv-informacion.xyz\/wp-content\/uploads\/2024\/12\/471250690_1417130562582340_2357114409372645430_n-768x1024.jpg 768w, https:\/\/rr.unv-informacion.xyz\/wp-content\/uploads\/2024\/12\/471250690_1417130562582340_2357114409372645430_n-225x300.jpg 225w, https:\/\/rr.unv-informacion.xyz\/wp-content\/uploads\/2024\/12\/471250690_1417130562582340_2357114409372645430_n-315x420.jpg 315w, https:\/\/rr.unv-informacion.xyz\/wp-content\/uploads\/2024\/12\/471250690_1417130562582340_2357114409372645430_n.jpg 780w\" sizes=\"auto, (max-width: 768px) 100vw, 768px\" \/><\/figure>\n\n\n\n<figure class=\"wp-block-image size-full\"><img loading=\"lazy\" decoding=\"async\" width=\"499\" height=\"600\" src=\"https:\/\/rr.unv-informacion.xyz\/wp-content\/uploads\/2024\/12\/471321792_910473307841722_2818705225853263999_n.jpg\" alt=\"\" class=\"wp-image-6875\" srcset=\"https:\/\/rr.unv-informacion.xyz\/wp-content\/uploads\/2024\/12\/471321792_910473307841722_2818705225853263999_n.jpg 499w, https:\/\/rr.unv-informacion.xyz\/wp-content\/uploads\/2024\/12\/471321792_910473307841722_2818705225853263999_n-250x300.jpg 250w, https:\/\/rr.unv-informacion.xyz\/wp-content\/uploads\/2024\/12\/471321792_910473307841722_2818705225853263999_n-349x420.jpg 349w\" sizes=\"auto, (max-width: 499px) 100vw, 499px\" \/><\/figure>\n","protected":false},"excerpt":{"rendered":"<p>Juliana Calder\u00f3n, de Hig\u00fcey, falleci\u00f3 en un accidente en la carretera a Santana. Se presume que fue atropellada y abandonada en el lugar. Lamentamos informar el fallecimiento de Juliana Calder\u00f3n de Gracia, de 52 a\u00f1os, oriunda de Hig\u00fcey, quien perdi\u00f3 la vida en un accidente de tr\u00e1nsito en el kil\u00f3metro 5 de la carretera a [&hellip;]<\/p>\n","protected":false},"author":1,"featured_media":6875,"comment_status":"open","ping_status":"open","sticky":false,"template":"","format":"standard","meta":{"footnotes":""},"categories":[1],"tags":[],"class_list":["post-6872","post","type-post","status-publish","format-standard","has-post-thumbnail","hentry","category-uncategorized"],"_links":{"self":[{"href":"https:\/\/rr.unv-informacion.xyz\/index.php?rest_route=\/wp\/v2\/posts\/6872","targetHints":{"allow":["GET"]}}],"collection":[{"href":"https:\/\/rr.unv-informacion.xyz\/index.php?rest_route=\/wp\/v2\/posts"}],"about":[{"href":"https:\/\/rr.unv-informacion.xyz\/index.php?rest_route=\/wp\/v2\/types\/post"}],"author":[{"embeddable":true,"href":"https:\/\/rr.unv-informacion.xyz\/index.php?rest_route=\/wp\/v2\/users\/1"}],"replies":[{"embeddable":true,"href":"https:\/\/rr.unv-informacion.xyz\/index.php?rest_route=%2Fwp%2Fv2%2Fcomments&post=6872"}],"version-history":[{"count":1,"href":"https:\/\/rr.unv-informacion.xyz\/index.php?rest_route=\/wp\/v2\/posts\/6872\/revisions"}],"predecessor-version":[{"id":6876,"href":"https:\/\/rr.unv-informacion.xyz\/index.php?rest_route=\/wp\/v2\/posts\/6872\/revisions\/6876"}],"wp:featuredmedia":[{"embeddable":true,"href":"https:\/\/rr.unv-informacion.xyz\/index.php?rest_route=\/wp\/v2\/media\/6875"}],"wp:attachment":[{"href":"https:\/\/rr.unv-informacion.xyz\/index.php?rest_route=%2Fwp%2Fv2%2Fmedia&parent=6872"}],"wp:term":[{"taxonomy":"category","embeddable":true,"href":"https:\/\/rr.unv-informacion.xyz\/index.php?rest_route=%2Fwp%2Fv2%2Fcategories&post=6872"},{"taxonomy":"post_tag","embeddable":true,"href":"https:\/\/rr.unv-informacion.xyz\/index.php?rest_route=%2Fwp%2Fv2%2Ftags&post=6872"}],"curies":[{"name":"wp","href":"https:\/\/api.w.org\/{rel}","templated":true}]}}