{"id":6966,"date":"2025-01-01T18:08:07","date_gmt":"2025-01-01T18:08:07","guid":{"rendered":"https:\/\/rr.unv-informacion.xyz\/?p=6966"},"modified":"2025-01-01T18:08:08","modified_gmt":"2025-01-01T18:08:08","slug":"joven-fallece-tras-colision-entre-pasola-y-vehiculo-en-bonao","status":"publish","type":"post","link":"https:\/\/rr.unv-informacion.xyz\/?p=6966","title":{"rendered":"Joven fallece tras colisi\u00f3n entre pasola y veh\u00edculo en Bonao"},"content":{"rendered":"\n<p class=\"wp-block-paragraph\">Un joven de 21 a\u00f1os perdi\u00f3 la vida tras un grave accidente de tr\u00e1nsito ocurrido la madrugada de este lunes en la avenida profesor Juan Bosch de Bonao, cuando la pasola que conduc\u00eda impact\u00f3 contra un veh\u00edculo Hyundai Sonata.<\/p>\n\n\n\n<p class=\"wp-block-paragraph\">Christopher C\u00e9spedes Liriano fue trasladado de emergencia al hospital Pedro Emilio Marchena despu\u00e9s del impacto, donde el personal m\u00e9dico intent\u00f3 salvarle la vida. Sin embargo, la v\u00edctima no sobrevivi\u00f3 debido a los graves golpes sufridos en la cabeza y otras partes del cuerpo.<\/p>\n\n\n\n<p class=\"wp-block-paragraph\">El accidente involucr\u00f3 un veh\u00edculo Hyundai Sonata color gris que circulaba por la avenida profesor Juan Bosch al momento del impacto. Las circunstancias exactas del accidente est\u00e1n siendo investigadas por las autoridades.<\/p>\n\n\n\n<p class=\"wp-block-paragraph\">Este suceso se suma a la preocupante lista de accidentes de tr\u00e1nsito que involucran motocicletas y pasolas en la regi\u00f3n, generando alarma entre los residentes de Bonao.<\/p>\n\n\n\n<figure class=\"wp-block-image size-full\"><img loading=\"lazy\" decoding=\"async\" width=\"468\" height=\"462\" src=\"https:\/\/rr.unv-informacion.xyz\/wp-content\/uploads\/2025\/01\/pasted-image-1735734136934.webp\" alt=\"\" class=\"wp-image-6967\" srcset=\"https:\/\/rr.unv-informacion.xyz\/wp-content\/uploads\/2025\/01\/pasted-image-1735734136934.webp 468w, https:\/\/rr.unv-informacion.xyz\/wp-content\/uploads\/2025\/01\/pasted-image-1735734136934-300x296.webp 300w, https:\/\/rr.unv-informacion.xyz\/wp-content\/uploads\/2025\/01\/pasted-image-1735734136934-425x420.webp 425w\" sizes=\"auto, (max-width: 468px) 100vw, 468px\" \/><\/figure>\n\n\n\n<figure class=\"wp-block-image size-large\"><img loading=\"lazy\" decoding=\"async\" width=\"1024\" height=\"768\" src=\"https:\/\/rr.unv-informacion.xyz\/wp-content\/uploads\/2025\/01\/pasted-image-1735734160302-1024x768.jpg\" alt=\"\" class=\"wp-image-6968\" srcset=\"https:\/\/rr.unv-informacion.xyz\/wp-content\/uploads\/2025\/01\/pasted-image-1735734160302-1024x768.jpg 1024w, https:\/\/rr.unv-informacion.xyz\/wp-content\/uploads\/2025\/01\/pasted-image-1735734160302-300x225.jpg 300w, https:\/\/rr.unv-informacion.xyz\/wp-content\/uploads\/2025\/01\/pasted-image-1735734160302.jpg 2048w\" sizes=\"auto, (max-width: 1024px) 100vw, 1024px\" \/><\/figure>\n","protected":false},"excerpt":{"rendered":"<p>Un joven de 21 a\u00f1os perdi\u00f3 la vida tras un grave accidente de tr\u00e1nsito ocurrido la madrugada de este lunes en la avenida profesor Juan Bosch de Bonao, cuando la pasola que conduc\u00eda impact\u00f3 contra un veh\u00edculo Hyundai Sonata. Christopher C\u00e9spedes Liriano fue trasladado de emergencia al hospital Pedro Emilio Marchena despu\u00e9s del impacto, donde [&hellip;]<\/p>\n","protected":false},"author":1,"featured_media":6967,"comment_status":"open","ping_status":"open","sticky":false,"template":"","format":"standard","meta":{"footnotes":""},"categories":[1],"tags":[],"class_list":["post-6966","post","type-post","status-publish","format-standard","has-post-thumbnail","hentry","category-uncategorized"],"_links":{"self":[{"href":"https:\/\/rr.unv-informacion.xyz\/index.php?rest_route=\/wp\/v2\/posts\/6966","targetHints":{"allow":["GET"]}}],"collection":[{"href":"https:\/\/rr.unv-informacion.xyz\/index.php?rest_route=\/wp\/v2\/posts"}],"about":[{"href":"https:\/\/rr.unv-informacion.xyz\/index.php?rest_route=\/wp\/v2\/types\/post"}],"author":[{"embeddable":true,"href":"https:\/\/rr.unv-informacion.xyz\/index.php?rest_route=\/wp\/v2\/users\/1"}],"replies":[{"embeddable":true,"href":"https:\/\/rr.unv-informacion.xyz\/index.php?rest_route=%2Fwp%2Fv2%2Fcomments&post=6966"}],"version-history":[{"count":1,"href":"https:\/\/rr.unv-informacion.xyz\/index.php?rest_route=\/wp\/v2\/posts\/6966\/revisions"}],"predecessor-version":[{"id":6969,"href":"https:\/\/rr.unv-informacion.xyz\/index.php?rest_route=\/wp\/v2\/posts\/6966\/revisions\/6969"}],"wp:featuredmedia":[{"embeddable":true,"href":"https:\/\/rr.unv-informacion.xyz\/index.php?rest_route=\/wp\/v2\/media\/6967"}],"wp:attachment":[{"href":"https:\/\/rr.unv-informacion.xyz\/index.php?rest_route=%2Fwp%2Fv2%2Fmedia&parent=6966"}],"wp:term":[{"taxonomy":"category","embeddable":true,"href":"https:\/\/rr.unv-informacion.xyz\/index.php?rest_route=%2Fwp%2Fv2%2Fcategories&post=6966"},{"taxonomy":"post_tag","embeddable":true,"href":"https:\/\/rr.unv-informacion.xyz\/index.php?rest_route=%2Fwp%2Fv2%2Ftags&post=6966"}],"curies":[{"name":"wp","href":"https:\/\/api.w.org\/{rel}","templated":true}]}}