{"id":6985,"date":"2025-01-03T19:13:37","date_gmt":"2025-01-03T19:13:37","guid":{"rendered":"https:\/\/rr.unv-informacion.xyz\/?p=6985"},"modified":"2025-01-03T19:13:38","modified_gmt":"2025-01-03T19:13:38","slug":"santo-dora","status":"publish","type":"post","link":"https:\/\/rr.unv-informacion.xyz\/?p=6985","title":{"rendered":"Santo Dora"},"content":{"rendered":"\n<p class=\"wp-block-paragraph\">Un hombre fue apu\u00f1alado en Yamas\u00e1, Monte Plata, tras un incidente de violencia dom\u00e9stica. La agresora fue detenida.<\/p>\n\n\n\n<p class=\"wp-block-paragraph\">Un hombre result\u00f3 herido de gravedad tras ser apu\u00f1alado en el abdomen durante un incidente de violencia dom\u00e9stica ocurrido en el municipio de Yamas\u00e1, provincia Monte Plata.<\/p>\n\n\n\n<p class=\"wp-block-paragraph\">La v\u00edctima, Santo Dora, de 37 a\u00f1os, fue trasladada de urgencia al Hospital General Doctor Jos\u00e9 Vinicio Calventi, en Los Alcarrizos. All\u00ed, los m\u00e9dicos realizaron una cirug\u00eda para tratar las heridas, que comprometieron parte de su intestino.<\/p>\n\n\n\n<p class=\"wp-block-paragraph\">La agresora fue identificada como Juana Lara, de 30 a\u00f1os, quien fue detenida por la Polic\u00eda Nacional. Seg\u00fan informes preliminares, el ataque habr\u00eda ocurrido por motivos de celos. Las autoridades informaron que Juana ser\u00e1 presentada ante el Ministerio P\u00fablico para continuar con las investigaciones necesarias y aclarar lo sucedido.<\/p>\n\n\n\n<p class=\"wp-block-paragraph\"><a href=\"http:\/\/Un hombre fue apu\u00f1alado en Yamas\u00e1, Monte Plata, tras un incidente de violencia dom\u00e9stica. La agresora fue detenida.  Un hombre result\u00f3 herido de gravedad tras ser apu\u00f1alado en el abdomen durante un incidente de violencia dom\u00e9stica ocurrido en el municipio de Yamas\u00e1, provincia Monte Plata.  La v\u00edctima, Santo Dora, de 37 a\u00f1os, fue trasladada de urgencia al Hospital General Doctor Jos\u00e9 Vinicio Calventi, en Los Alcarrizos. All\u00ed, los m\u00e9dicos realizaron una cirug\u00eda para tratar las heridas, que comprometieron parte de su intestino.  La agresora fue identificada como Juana Lara, de 30 a\u00f1os, quien fue detenida por la Polic\u00eda Nacional. Seg\u00fan informes preliminares, el ataque habr\u00eda ocurrido por motivos de celos. Las autoridades informaron que Juana ser\u00e1 presentada ante el Ministerio P\u00fablico para continuar con las investigaciones necesarias y aclarar lo sucedido.\">IMAGEN FUERTE<\/a><\/p>\n","protected":false},"excerpt":{"rendered":"<p>Un hombre fue apu\u00f1alado en Yamas\u00e1, Monte Plata, tras un incidente de violencia dom\u00e9stica. La agresora fue detenida. Un hombre result\u00f3 herido de gravedad tras ser apu\u00f1alado en el abdomen durante un incidente de violencia dom\u00e9stica ocurrido en el municipio de Yamas\u00e1, provincia Monte Plata. La v\u00edctima, Santo Dora, de 37 a\u00f1os, fue trasladada de [&hellip;]<\/p>\n","protected":false},"author":1,"featured_media":6986,"comment_status":"open","ping_status":"open","sticky":false,"template":"","format":"standard","meta":{"footnotes":""},"categories":[1],"tags":[],"class_list":["post-6985","post","type-post","status-publish","format-standard","has-post-thumbnail","hentry","category-uncategorized"],"_links":{"self":[{"href":"https:\/\/rr.unv-informacion.xyz\/index.php?rest_route=\/wp\/v2\/posts\/6985","targetHints":{"allow":["GET"]}}],"collection":[{"href":"https:\/\/rr.unv-informacion.xyz\/index.php?rest_route=\/wp\/v2\/posts"}],"about":[{"href":"https:\/\/rr.unv-informacion.xyz\/index.php?rest_route=\/wp\/v2\/types\/post"}],"author":[{"embeddable":true,"href":"https:\/\/rr.unv-informacion.xyz\/index.php?rest_route=\/wp\/v2\/users\/1"}],"replies":[{"embeddable":true,"href":"https:\/\/rr.unv-informacion.xyz\/index.php?rest_route=%2Fwp%2Fv2%2Fcomments&post=6985"}],"version-history":[{"count":1,"href":"https:\/\/rr.unv-informacion.xyz\/index.php?rest_route=\/wp\/v2\/posts\/6985\/revisions"}],"predecessor-version":[{"id":6987,"href":"https:\/\/rr.unv-informacion.xyz\/index.php?rest_route=\/wp\/v2\/posts\/6985\/revisions\/6987"}],"wp:featuredmedia":[{"embeddable":true,"href":"https:\/\/rr.unv-informacion.xyz\/index.php?rest_route=\/wp\/v2\/media\/6986"}],"wp:attachment":[{"href":"https:\/\/rr.unv-informacion.xyz\/index.php?rest_route=%2Fwp%2Fv2%2Fmedia&parent=6985"}],"wp:term":[{"taxonomy":"category","embeddable":true,"href":"https:\/\/rr.unv-informacion.xyz\/index.php?rest_route=%2Fwp%2Fv2%2Fcategories&post=6985"},{"taxonomy":"post_tag","embeddable":true,"href":"https:\/\/rr.unv-informacion.xyz\/index.php?rest_route=%2Fwp%2Fv2%2Ftags&post=6985"}],"curies":[{"name":"wp","href":"https:\/\/api.w.org\/{rel}","templated":true}]}}