{"id":6988,"date":"2025-01-03T19:19:45","date_gmt":"2025-01-03T19:19:45","guid":{"rendered":"https:\/\/rr.unv-informacion.xyz\/?p=6988"},"modified":"2025-01-03T19:19:46","modified_gmt":"2025-01-03T19:19:46","slug":"omega-el-fuerte-de-luto","status":"publish","type":"post","link":"https:\/\/rr.unv-informacion.xyz\/?p=6988","title":{"rendered":"Omega El Fuerte de luto"},"content":{"rendered":"\n<p class=\"wp-block-paragraph\">Sergio Peter Ercilia De la Rosa, padre del artista Omega El Fuerte, falleci\u00f3. La familia a\u00fan no ofrece detalles ni declaraciones.<\/p>\n\n\n\n<p class=\"wp-block-paragraph\">Sergio Peter Ercilia De la Rosa, padre del popular mambero Antonio Peter de la Rosa, conocido como Omega El Fuerte, falleci\u00f3 recientemente. Hasta el momento, no se han revelado detalles sobre las causas de su fallecimiento.<\/p>\n\n\n\n<p class=\"wp-block-paragraph\">La familia no ha emitido comentarios oficiales al respecto, y Omega, reconocido en el g\u00e9nero urbano y merengue, tampoco ha ofrecido declaraciones p\u00fablicas tras conocerse la noticia.<\/p>\n\n\n\n<p class=\"wp-block-paragraph\">Se espera que en los pr\u00f3ximos d\u00edas se proporcionen m\u00e1s detalles sobre este lamentable suceso. Nuestras m\u00e1s sinceras condolencias al artista y sus seres queridos.<\/p>\n\n\n\n<figure class=\"wp-block-embed is-type-video is-provider-youtube wp-block-embed-youtube wp-embed-aspect-4-3 wp-has-aspect-ratio\"><div class=\"wp-block-embed__wrapper\">\n<iframe loading=\"lazy\" title=\"El Padre de Omega EL fuerte Dice que los hijos de Omega estan pasando Hambre que lo suerten\" width=\"640\" height=\"480\" src=\"https:\/\/www.youtube.com\/embed\/CGqUuochglk?feature=oembed\" frameborder=\"0\" allow=\"accelerometer; autoplay; clipboard-write; encrypted-media; gyroscope; picture-in-picture; web-share\" referrerpolicy=\"strict-origin-when-cross-origin\" allowfullscreen><\/iframe>\n<\/div><\/figure>\n","protected":false},"excerpt":{"rendered":"<p>Sergio Peter Ercilia De la Rosa, padre del artista Omega El Fuerte, falleci\u00f3. La familia a\u00fan no ofrece detalles ni declaraciones. Sergio Peter Ercilia De la Rosa, padre del popular mambero Antonio Peter de la Rosa, conocido como Omega El Fuerte, falleci\u00f3 recientemente. Hasta el momento, no se han revelado detalles sobre las causas de [&hellip;]<\/p>\n","protected":false},"author":1,"featured_media":6989,"comment_status":"open","ping_status":"open","sticky":false,"template":"","format":"standard","meta":{"footnotes":""},"categories":[1],"tags":[],"class_list":["post-6988","post","type-post","status-publish","format-standard","has-post-thumbnail","hentry","category-uncategorized"],"_links":{"self":[{"href":"https:\/\/rr.unv-informacion.xyz\/index.php?rest_route=\/wp\/v2\/posts\/6988","targetHints":{"allow":["GET"]}}],"collection":[{"href":"https:\/\/rr.unv-informacion.xyz\/index.php?rest_route=\/wp\/v2\/posts"}],"about":[{"href":"https:\/\/rr.unv-informacion.xyz\/index.php?rest_route=\/wp\/v2\/types\/post"}],"author":[{"embeddable":true,"href":"https:\/\/rr.unv-informacion.xyz\/index.php?rest_route=\/wp\/v2\/users\/1"}],"replies":[{"embeddable":true,"href":"https:\/\/rr.unv-informacion.xyz\/index.php?rest_route=%2Fwp%2Fv2%2Fcomments&post=6988"}],"version-history":[{"count":1,"href":"https:\/\/rr.unv-informacion.xyz\/index.php?rest_route=\/wp\/v2\/posts\/6988\/revisions"}],"predecessor-version":[{"id":6990,"href":"https:\/\/rr.unv-informacion.xyz\/index.php?rest_route=\/wp\/v2\/posts\/6988\/revisions\/6990"}],"wp:featuredmedia":[{"embeddable":true,"href":"https:\/\/rr.unv-informacion.xyz\/index.php?rest_route=\/wp\/v2\/media\/6989"}],"wp:attachment":[{"href":"https:\/\/rr.unv-informacion.xyz\/index.php?rest_route=%2Fwp%2Fv2%2Fmedia&parent=6988"}],"wp:term":[{"taxonomy":"category","embeddable":true,"href":"https:\/\/rr.unv-informacion.xyz\/index.php?rest_route=%2Fwp%2Fv2%2Fcategories&post=6988"},{"taxonomy":"post_tag","embeddable":true,"href":"https:\/\/rr.unv-informacion.xyz\/index.php?rest_route=%2Fwp%2Fv2%2Ftags&post=6988"}],"curies":[{"name":"wp","href":"https:\/\/api.w.org\/{rel}","templated":true}]}}