{"id":6992,"date":"2025-01-05T17:34:37","date_gmt":"2025-01-05T17:34:37","guid":{"rendered":"https:\/\/rr.unv-informacion.xyz\/?p=6992"},"modified":"2025-01-05T17:34:38","modified_gmt":"2025-01-05T17:34:38","slug":"revelan-nuevos-detalles-de-la-muerte-de-influencer-killadamente","status":"publish","type":"post","link":"https:\/\/rr.unv-informacion.xyz\/?p=6992","title":{"rendered":"Revelan nuevos detalles de la muerte de influencer Killadamente"},"content":{"rendered":"\n<p class=\"wp-block-paragraph\">La noche del 3 de enero, la querida influencer dominicana Killadamente falleci\u00f3, dejando a sus seguidores y seres queridos con una profunda tristeza.<\/p>\n\n\n\n<p class=\"wp-block-paragraph\">La noticia est\u00e1 siendo compartida por su hermana a trav\u00e9s de un emotivo mensaje en redes sociales. La f\u00e9mina en cuesti\u00f3n public\u00f3 una imagen en sus historias de Instagram, expresando su dolor con las siguientes palabras: Te amo hermana y siempre te amar\u00e9. Le doy gracias a Dios por darme a una hermana como t\u00fa con tu gran coraz\u00f3n. Descansa en paz, hermana m\u00eda. La publicaci\u00f3n fue acompa\u00f1ada por una fotograf\u00eda en la que ambas aparecen sonrientes.<\/p>\n\n\n\n<p class=\"wp-block-paragraph\">Hasta el momento, no se han dado detalles oficiales sobre las causas de su fallecimiento. Killadamente, conocida por su carisma y mensajes positivos, hab\u00eda logrado una gran cantidad de seguidores en plataformas digitales, donde compart\u00eda su vida y motivaba a su audiencia con contenido lleno de energ\u00eda y autenticidad.<\/p>\n\n\n\n<p class=\"wp-block-paragraph\">La noticia ha generado una ola de mensajes de condolencia y apoyo hacia la familia. Los seguidores de Killadamente han inundado sus redes sociales con mensajes de despedida, agradeciendo el impacto positivo que tuvo en sus vidas.<\/p>\n\n\n\n<p class=\"wp-block-paragraph\">Las plataformas digitales se han convertido en el principal espacio donde amigos, seguidores y figuras p\u00fablicas han mostrado su solidaridad con la familia.<\/p>\n\n\n\n<p class=\"wp-block-paragraph\">Aunque la informaci\u00f3n sobre el fallecimiento es limitada, el legado de la influencer sigue vivo en quienes la admiraban.<\/p>\n\n\n\n<figure class=\"wp-block-image size-full\"><img loading=\"lazy\" decoding=\"async\" width=\"501\" height=\"448\" src=\"https:\/\/rr.unv-informacion.xyz\/wp-content\/uploads\/2025\/01\/Killadamente10.webp\" alt=\"\" class=\"wp-image-6993\" srcset=\"https:\/\/rr.unv-informacion.xyz\/wp-content\/uploads\/2025\/01\/Killadamente10.webp 501w, https:\/\/rr.unv-informacion.xyz\/wp-content\/uploads\/2025\/01\/Killadamente10-300x268.webp 300w, https:\/\/rr.unv-informacion.xyz\/wp-content\/uploads\/2025\/01\/Killadamente10-470x420.webp 470w\" sizes=\"auto, (max-width: 501px) 100vw, 501px\" \/><\/figure>\n\n\n\n<figure class=\"wp-block-image size-full\"><img loading=\"lazy\" decoding=\"async\" width=\"819\" height=\"1024\" src=\"https:\/\/rr.unv-informacion.xyz\/wp-content\/uploads\/2025\/01\/Killadamente11-819x1024-1.webp\" alt=\"\" class=\"wp-image-6994\" srcset=\"https:\/\/rr.unv-informacion.xyz\/wp-content\/uploads\/2025\/01\/Killadamente11-819x1024-1.webp 819w, https:\/\/rr.unv-informacion.xyz\/wp-content\/uploads\/2025\/01\/Killadamente11-819x1024-1-240x300.webp 240w, https:\/\/rr.unv-informacion.xyz\/wp-content\/uploads\/2025\/01\/Killadamente11-819x1024-1-768x960.webp 768w, https:\/\/rr.unv-informacion.xyz\/wp-content\/uploads\/2025\/01\/Killadamente11-819x1024-1-336x420.webp 336w, https:\/\/rr.unv-informacion.xyz\/wp-content\/uploads\/2025\/01\/Killadamente11-819x1024-1-640x800.webp 640w, https:\/\/rr.unv-informacion.xyz\/wp-content\/uploads\/2025\/01\/Killadamente11-819x1024-1-681x851.webp 681w\" sizes=\"auto, (max-width: 819px) 100vw, 819px\" \/><\/figure>\n\n\n\n<figure class=\"wp-block-image size-full\"><img loading=\"lazy\" decoding=\"async\" width=\"738\" height=\"740\" src=\"https:\/\/rr.unv-informacion.xyz\/wp-content\/uploads\/2025\/01\/Killadamente12.webp\" alt=\"\" class=\"wp-image-6995\" srcset=\"https:\/\/rr.unv-informacion.xyz\/wp-content\/uploads\/2025\/01\/Killadamente12.webp 738w, https:\/\/rr.unv-informacion.xyz\/wp-content\/uploads\/2025\/01\/Killadamente12-300x300.webp 300w, https:\/\/rr.unv-informacion.xyz\/wp-content\/uploads\/2025\/01\/Killadamente12-150x150.webp 150w, https:\/\/rr.unv-informacion.xyz\/wp-content\/uploads\/2025\/01\/Killadamente12-419x420.webp 419w, https:\/\/rr.unv-informacion.xyz\/wp-content\/uploads\/2025\/01\/Killadamente12-640x642.webp 640w, https:\/\/rr.unv-informacion.xyz\/wp-content\/uploads\/2025\/01\/Killadamente12-681x683.webp 681w\" sizes=\"auto, (max-width: 738px) 100vw, 738px\" \/><\/figure>\n\n\n\n<figure class=\"wp-block-image size-full\"><img loading=\"lazy\" decoding=\"async\" width=\"653\" height=\"1024\" src=\"https:\/\/rr.unv-informacion.xyz\/wp-content\/uploads\/2025\/01\/Killadamente13.webp\" alt=\"\" class=\"wp-image-6996\" srcset=\"https:\/\/rr.unv-informacion.xyz\/wp-content\/uploads\/2025\/01\/Killadamente13.webp 653w, https:\/\/rr.unv-informacion.xyz\/wp-content\/uploads\/2025\/01\/Killadamente13-191x300.webp 191w, https:\/\/rr.unv-informacion.xyz\/wp-content\/uploads\/2025\/01\/Killadamente13-268x420.webp 268w, https:\/\/rr.unv-informacion.xyz\/wp-content\/uploads\/2025\/01\/Killadamente13-640x1004.webp 640w\" sizes=\"auto, (max-width: 653px) 100vw, 653px\" \/><\/figure>\n\n\n<blockquote class=\"twitter-tweet\" data-media-max-width=\"560\"><p lang=\"es\" dir=\"ltr\">Hermana de la influencer dominicana Killadamente agradece por mensajes de condolencias, falleci\u00f3 el 3 de enero, mientras estaba cenando. <a href=\"https:\/\/t.co\/SeeaynIHZr\">pic.twitter.com\/SeeaynIHZr<\/a><\/p>&mdash; LosMocanos (@LosMocanos) <a href=\"https:\/\/twitter.com\/LosMocanos\/status\/1875615268644516134?ref_src=twsrc%5Etfw\">January 4, 2025<\/a><\/blockquote> <script async src=\"https:\/\/platform.twitter.com\/widgets.js\" charset=\"utf-8\"><\/script>","protected":false},"excerpt":{"rendered":"<p>La noche del 3 de enero, la querida influencer dominicana Killadamente falleci\u00f3, dejando a sus seguidores y seres queridos con una profunda tristeza. La noticia est\u00e1 siendo compartida por su hermana a trav\u00e9s de un emotivo mensaje en redes sociales. La f\u00e9mina en cuesti\u00f3n public\u00f3 una imagen en sus historias de Instagram, expresando su dolor [&hellip;]<\/p>\n","protected":false},"author":1,"featured_media":6997,"comment_status":"open","ping_status":"open","sticky":false,"template":"","format":"standard","meta":{"footnotes":""},"categories":[1],"tags":[],"class_list":["post-6992","post","type-post","status-publish","format-standard","has-post-thumbnail","hentry","category-uncategorized"],"_links":{"self":[{"href":"https:\/\/rr.unv-informacion.xyz\/index.php?rest_route=\/wp\/v2\/posts\/6992","targetHints":{"allow":["GET"]}}],"collection":[{"href":"https:\/\/rr.unv-informacion.xyz\/index.php?rest_route=\/wp\/v2\/posts"}],"about":[{"href":"https:\/\/rr.unv-informacion.xyz\/index.php?rest_route=\/wp\/v2\/types\/post"}],"author":[{"embeddable":true,"href":"https:\/\/rr.unv-informacion.xyz\/index.php?rest_route=\/wp\/v2\/users\/1"}],"replies":[{"embeddable":true,"href":"https:\/\/rr.unv-informacion.xyz\/index.php?rest_route=%2Fwp%2Fv2%2Fcomments&post=6992"}],"version-history":[{"count":1,"href":"https:\/\/rr.unv-informacion.xyz\/index.php?rest_route=\/wp\/v2\/posts\/6992\/revisions"}],"predecessor-version":[{"id":6998,"href":"https:\/\/rr.unv-informacion.xyz\/index.php?rest_route=\/wp\/v2\/posts\/6992\/revisions\/6998"}],"wp:featuredmedia":[{"embeddable":true,"href":"https:\/\/rr.unv-informacion.xyz\/index.php?rest_route=\/wp\/v2\/media\/6997"}],"wp:attachment":[{"href":"https:\/\/rr.unv-informacion.xyz\/index.php?rest_route=%2Fwp%2Fv2%2Fmedia&parent=6992"}],"wp:term":[{"taxonomy":"category","embeddable":true,"href":"https:\/\/rr.unv-informacion.xyz\/index.php?rest_route=%2Fwp%2Fv2%2Fcategories&post=6992"},{"taxonomy":"post_tag","embeddable":true,"href":"https:\/\/rr.unv-informacion.xyz\/index.php?rest_route=%2Fwp%2Fv2%2Ftags&post=6992"}],"curies":[{"name":"wp","href":"https:\/\/api.w.org\/{rel}","templated":true}]}}