{"id":7019,"date":"2025-01-06T20:46:55","date_gmt":"2025-01-06T20:46:55","guid":{"rendered":"https:\/\/rr.unv-informacion.xyz\/?p=7019"},"modified":"2025-01-06T20:46:56","modified_gmt":"2025-01-06T20:46:56","slug":"la-joven-llamada-yugemi-frias","status":"publish","type":"post","link":"https:\/\/rr.unv-informacion.xyz\/?p=7019","title":{"rendered":"La joven, llamada\u00a0Yugemi Fr\u00edas"},"content":{"rendered":"\n<p class=\"wp-block-paragraph\">Adolescente de 13 a\u00f1os desaparecida en Santo Domingo fue encontrada y est\u00e1 bajo protecci\u00f3n de las autoridades.<\/p>\n\n\n\n<p class=\"wp-block-paragraph\">Santo Domingo.\u2013 Una adolescente de 13 a\u00f1os, desaparecida desde la tarde del 31 de diciembre en el Ensanche Espaillat, fue encontrada y ahora est\u00e1 bajo la protecci\u00f3n del Consejo Nacional para la Ni\u00f1ez y Adolescencia (Conani).<\/p>\n\n\n\n<p class=\"wp-block-paragraph\">La joven, llamada Yugemi Fr\u00edas, quien tiene una condici\u00f3n especial que afecta su aprendizaje, fue reportada como desaparecida alrededor de las 5:30 p. m. mientras se trasladaba de la casa de su abuela a la de su t\u00eda en el mismo sector. Al momento de su desaparici\u00f3n, llevaba puesta una blusa de cuadritos verde con blanco y un vestido crema.<\/p>\n\n\n\n<p class=\"wp-block-paragraph\">El caso gener\u00f3 gran preocupaci\u00f3n en la comunidad. Aunque las autoridades a\u00fan no han ofrecido m\u00e1s detalles sobre las circunstancias en las que fue encontrada, confirmaron que la menor est\u00e1 segura y protegida.<\/p>\n\n\n\n<figure class=\"wp-block-image size-full\"><img loading=\"lazy\" decoding=\"async\" width=\"600\" height=\"509\" src=\"https:\/\/rr.unv-informacion.xyz\/wp-content\/uploads\/2025\/01\/472684410_1009678771196297_7085525523689033088_n.jpg\" alt=\"\" class=\"wp-image-7020\" srcset=\"https:\/\/rr.unv-informacion.xyz\/wp-content\/uploads\/2025\/01\/472684410_1009678771196297_7085525523689033088_n.jpg 600w, https:\/\/rr.unv-informacion.xyz\/wp-content\/uploads\/2025\/01\/472684410_1009678771196297_7085525523689033088_n-300x255.jpg 300w, https:\/\/rr.unv-informacion.xyz\/wp-content\/uploads\/2025\/01\/472684410_1009678771196297_7085525523689033088_n-495x420.jpg 495w\" sizes=\"auto, (max-width: 600px) 100vw, 600px\" \/><\/figure>\n","protected":false},"excerpt":{"rendered":"<p>Adolescente de 13 a\u00f1os desaparecida en Santo Domingo fue encontrada y est\u00e1 bajo protecci\u00f3n de las autoridades. Santo Domingo.\u2013 Una adolescente de 13 a\u00f1os, desaparecida desde la tarde del 31 de diciembre en el Ensanche Espaillat, fue encontrada y ahora est\u00e1 bajo la protecci\u00f3n del Consejo Nacional para la Ni\u00f1ez y Adolescencia (Conani). La joven, [&hellip;]<\/p>\n","protected":false},"author":1,"featured_media":7020,"comment_status":"open","ping_status":"open","sticky":false,"template":"","format":"standard","meta":{"footnotes":""},"categories":[1],"tags":[],"class_list":["post-7019","post","type-post","status-publish","format-standard","has-post-thumbnail","hentry","category-uncategorized"],"_links":{"self":[{"href":"https:\/\/rr.unv-informacion.xyz\/index.php?rest_route=\/wp\/v2\/posts\/7019","targetHints":{"allow":["GET"]}}],"collection":[{"href":"https:\/\/rr.unv-informacion.xyz\/index.php?rest_route=\/wp\/v2\/posts"}],"about":[{"href":"https:\/\/rr.unv-informacion.xyz\/index.php?rest_route=\/wp\/v2\/types\/post"}],"author":[{"embeddable":true,"href":"https:\/\/rr.unv-informacion.xyz\/index.php?rest_route=\/wp\/v2\/users\/1"}],"replies":[{"embeddable":true,"href":"https:\/\/rr.unv-informacion.xyz\/index.php?rest_route=%2Fwp%2Fv2%2Fcomments&post=7019"}],"version-history":[{"count":1,"href":"https:\/\/rr.unv-informacion.xyz\/index.php?rest_route=\/wp\/v2\/posts\/7019\/revisions"}],"predecessor-version":[{"id":7021,"href":"https:\/\/rr.unv-informacion.xyz\/index.php?rest_route=\/wp\/v2\/posts\/7019\/revisions\/7021"}],"wp:featuredmedia":[{"embeddable":true,"href":"https:\/\/rr.unv-informacion.xyz\/index.php?rest_route=\/wp\/v2\/media\/7020"}],"wp:attachment":[{"href":"https:\/\/rr.unv-informacion.xyz\/index.php?rest_route=%2Fwp%2Fv2%2Fmedia&parent=7019"}],"wp:term":[{"taxonomy":"category","embeddable":true,"href":"https:\/\/rr.unv-informacion.xyz\/index.php?rest_route=%2Fwp%2Fv2%2Fcategories&post=7019"},{"taxonomy":"post_tag","embeddable":true,"href":"https:\/\/rr.unv-informacion.xyz\/index.php?rest_route=%2Fwp%2Fv2%2Ftags&post=7019"}],"curies":[{"name":"wp","href":"https:\/\/api.w.org\/{rel}","templated":true}]}}