{"id":7048,"date":"2025-01-09T19:32:21","date_gmt":"2025-01-09T19:32:21","guid":{"rendered":"https:\/\/rr.unv-informacion.xyz\/?p=7048"},"modified":"2025-01-09T19:32:22","modified_gmt":"2025-01-09T19:32:22","slug":"3-menores-en-veron","status":"publish","type":"post","link":"https:\/\/rr.unv-informacion.xyz\/?p=7048","title":{"rendered":"3 menores en Ver\u00f3n"},"content":{"rendered":"\n<p class=\"wp-block-paragraph\">La angustia y el desconcierto embargan a las familias de tres j\u00f3venes desaparecidos desde el pasado 4 de enero de 2025, tras salir de sus hogares alrededor de las 6 de la tarde sin informar su destino.<\/p>\n\n\n\n<p class=\"wp-block-paragraph\">Los desaparecidos, identificados como Elvis Borquez Castillo (16 a\u00f1os) y dos amigos de nacionalidad haitiana, Frandi y Jey Aniluz, abordaron un motor que los llev\u00f3 hasta el Cruce de Ver\u00f3n en Punta Cana.<\/p>\n\n\n\n<p class=\"wp-block-paragraph\">Sin embargo, el conductor regres\u00f3 a El Macao, mientras los j\u00f3venes continuaron su camino, y desde entonces no se tienen noticias de ellos.<\/p>\n\n\n\n<p class=\"wp-block-paragraph\">La madre de Elvis, Yronelys Castillo, realiz\u00f3 un conmovedor llamado entre l\u00e1grimas:<br>\u00abDios m\u00edo, donde quiera que t\u00fa est\u00e9s, si t\u00fa ves este mensaje, tu madre se est\u00e1 cayendo a pedazos, mi amor. Por favor, regresa\u00bb.<\/p>\n\n\n\n<p class=\"wp-block-paragraph\">Elvis es descrito por su familia como un joven obediente y querido, lo que hace su desaparici\u00f3n a\u00fan m\u00e1s desconcertante.<\/p>\n\n\n\n<p class=\"wp-block-paragraph\">Mientras tanto, los familiares de los tres j\u00f3venes han ofrecido una recompensa de 50,000 pesos a quien pueda proporcionar informaci\u00f3n que permita encontrarlos.<\/p>\n\n\n\n<p class=\"wp-block-paragraph\">La familia de Elvis y los allegados de los otros desaparecidos se han mantenido apostados en las afueras del destacamento de Ver\u00f3n, pidiendo ayuda tanto a la comunidad como a las autoridades.<\/p>\n\n\n\n<p class=\"wp-block-paragraph\">Con gran dolor, insisten en la necesidad de obtener respuestas y cerrar esta incertidumbre que los tiene en vilo.<\/p>\n\n\n\n<p class=\"wp-block-paragraph\">Contacto para informaci\u00f3n<br>Si alguien tiene datos sobre el paradero de los j\u00f3venes, puede comunicarse a los n\u00fameros: 849-639-8156, 829-913-0649, 829-725-1649 y 809-297-3847.<\/p>\n\n\n\n<p class=\"wp-block-paragraph\">La comunidad y las autoridades han sido instadas a unirse a esta b\u00fasqueda urgente por la vida de los adolescentes desaparecidos.<\/p>\n\n\n\n<figure class=\"wp-block-image size-large\"><img loading=\"lazy\" decoding=\"async\" width=\"576\" height=\"1024\" src=\"https:\/\/rr.unv-informacion.xyz\/wp-content\/uploads\/2025\/01\/IMG-20250108-WA0043-576x1024.webp\" alt=\"\" class=\"wp-image-7049\" srcset=\"https:\/\/rr.unv-informacion.xyz\/wp-content\/uploads\/2025\/01\/IMG-20250108-WA0043-576x1024.webp 576w, https:\/\/rr.unv-informacion.xyz\/wp-content\/uploads\/2025\/01\/IMG-20250108-WA0043-169x300.webp 169w, https:\/\/rr.unv-informacion.xyz\/wp-content\/uploads\/2025\/01\/IMG-20250108-WA0043-236x420.webp 236w, https:\/\/rr.unv-informacion.xyz\/wp-content\/uploads\/2025\/01\/IMG-20250108-WA0043-640x1138.webp 640w, https:\/\/rr.unv-informacion.xyz\/wp-content\/uploads\/2025\/01\/IMG-20250108-WA0043-681x1211.webp 681w, https:\/\/rr.unv-informacion.xyz\/wp-content\/uploads\/2025\/01\/IMG-20250108-WA0043.webp 720w\" sizes=\"auto, (max-width: 576px) 100vw, 576px\" \/><\/figure>\n\n\n\n<figure class=\"wp-block-image size-large\"><img loading=\"lazy\" decoding=\"async\" width=\"768\" height=\"1024\" src=\"https:\/\/rr.unv-informacion.xyz\/wp-content\/uploads\/2025\/01\/IMG-20250108-WA0041-768x1024.webp\" alt=\"\" class=\"wp-image-7050\" srcset=\"https:\/\/rr.unv-informacion.xyz\/wp-content\/uploads\/2025\/01\/IMG-20250108-WA0041-768x1024.webp 768w, https:\/\/rr.unv-informacion.xyz\/wp-content\/uploads\/2025\/01\/IMG-20250108-WA0041-225x300.webp 225w, https:\/\/rr.unv-informacion.xyz\/wp-content\/uploads\/2025\/01\/IMG-20250108-WA0041-1152x1536.webp 1152w, https:\/\/rr.unv-informacion.xyz\/wp-content\/uploads\/2025\/01\/IMG-20250108-WA0041-315x420.webp 315w, https:\/\/rr.unv-informacion.xyz\/wp-content\/uploads\/2025\/01\/IMG-20250108-WA0041-640x853.webp 640w, https:\/\/rr.unv-informacion.xyz\/wp-content\/uploads\/2025\/01\/IMG-20250108-WA0041-681x908.webp 681w, https:\/\/rr.unv-informacion.xyz\/wp-content\/uploads\/2025\/01\/IMG-20250108-WA0041.webp 1200w\" sizes=\"auto, (max-width: 768px) 100vw, 768px\" \/><\/figure>\n\n\n\n<figure class=\"wp-block-image size-full\"><img loading=\"lazy\" decoding=\"async\" width=\"625\" height=\"837\" src=\"https:\/\/rr.unv-informacion.xyz\/wp-content\/uploads\/2025\/01\/IMG-20250108-WA0040.webp\" alt=\"\" class=\"wp-image-7051\" srcset=\"https:\/\/rr.unv-informacion.xyz\/wp-content\/uploads\/2025\/01\/IMG-20250108-WA0040.webp 625w, https:\/\/rr.unv-informacion.xyz\/wp-content\/uploads\/2025\/01\/IMG-20250108-WA0040-224x300.webp 224w, https:\/\/rr.unv-informacion.xyz\/wp-content\/uploads\/2025\/01\/IMG-20250108-WA0040-314x420.webp 314w\" sizes=\"auto, (max-width: 625px) 100vw, 625px\" \/><\/figure>\n\n\n<iframe loading=\"lazy\" src=\"https:\/\/www.facebook.com\/plugins\/video.php?href=https%3A%2F%2Fwww.facebook.com%2F61561426113328%2Fvideos%2F591737353451082%2F%3Fref%3Dembed_video&#038;show_text=0&#038;width=264\" width=\"264\" height=\"476\" style=\"border:none;overflow:hidden\" scrolling=\"no\" frameborder=\"0\" allowfullscreen=\"true\" allow=\"autoplay; clipboard-write; encrypted-media; picture-in-picture; web-share\" allowFullScreen=\"true\"><\/iframe>","protected":false},"excerpt":{"rendered":"<p>La angustia y el desconcierto embargan a las familias de tres j\u00f3venes desaparecidos desde el pasado 4 de enero de 2025, tras salir de sus hogares alrededor de las 6 de la tarde sin informar su destino. Los desaparecidos, identificados como Elvis Borquez Castillo (16 a\u00f1os) y dos amigos de nacionalidad haitiana, Frandi y Jey [&hellip;]<\/p>\n","protected":false},"author":1,"featured_media":7051,"comment_status":"open","ping_status":"open","sticky":false,"template":"","format":"standard","meta":{"footnotes":""},"categories":[1],"tags":[],"class_list":["post-7048","post","type-post","status-publish","format-standard","has-post-thumbnail","hentry","category-uncategorized"],"_links":{"self":[{"href":"https:\/\/rr.unv-informacion.xyz\/index.php?rest_route=\/wp\/v2\/posts\/7048","targetHints":{"allow":["GET"]}}],"collection":[{"href":"https:\/\/rr.unv-informacion.xyz\/index.php?rest_route=\/wp\/v2\/posts"}],"about":[{"href":"https:\/\/rr.unv-informacion.xyz\/index.php?rest_route=\/wp\/v2\/types\/post"}],"author":[{"embeddable":true,"href":"https:\/\/rr.unv-informacion.xyz\/index.php?rest_route=\/wp\/v2\/users\/1"}],"replies":[{"embeddable":true,"href":"https:\/\/rr.unv-informacion.xyz\/index.php?rest_route=%2Fwp%2Fv2%2Fcomments&post=7048"}],"version-history":[{"count":1,"href":"https:\/\/rr.unv-informacion.xyz\/index.php?rest_route=\/wp\/v2\/posts\/7048\/revisions"}],"predecessor-version":[{"id":7052,"href":"https:\/\/rr.unv-informacion.xyz\/index.php?rest_route=\/wp\/v2\/posts\/7048\/revisions\/7052"}],"wp:featuredmedia":[{"embeddable":true,"href":"https:\/\/rr.unv-informacion.xyz\/index.php?rest_route=\/wp\/v2\/media\/7051"}],"wp:attachment":[{"href":"https:\/\/rr.unv-informacion.xyz\/index.php?rest_route=%2Fwp%2Fv2%2Fmedia&parent=7048"}],"wp:term":[{"taxonomy":"category","embeddable":true,"href":"https:\/\/rr.unv-informacion.xyz\/index.php?rest_route=%2Fwp%2Fv2%2Fcategories&post=7048"},{"taxonomy":"post_tag","embeddable":true,"href":"https:\/\/rr.unv-informacion.xyz\/index.php?rest_route=%2Fwp%2Fv2%2Ftags&post=7048"}],"curies":[{"name":"wp","href":"https:\/\/api.w.org\/{rel}","templated":true}]}}