{"id":7067,"date":"2025-01-10T17:50:49","date_gmt":"2025-01-10T17:50:49","guid":{"rendered":"https:\/\/rr.unv-informacion.xyz\/?p=7067"},"modified":"2025-01-10T17:50:50","modified_gmt":"2025-01-10T17:50:50","slug":"ovidio-de-mocan","status":"publish","type":"post","link":"https:\/\/rr.unv-informacion.xyz\/?p=7067","title":{"rendered":"Ovidio de Mocan"},"content":{"rendered":"\n<p class=\"wp-block-paragraph\">Ovidio de Mocan se quita la vida en la Presa de Tavera, generando consternaci\u00f3n en la comunidad de La Vega.<\/p>\n\n\n\n<p class=\"wp-block-paragraph\">Presa de Tavera, La Vega.- En un lamentable suceso, el joven Ovidio de Mocan tom\u00f3 la dr\u00e1stica decisi\u00f3n el d\u00eda de hoy, de quitarse la vida en la Presa de Tavera.<\/p>\n\n\n\n<p class=\"wp-block-paragraph\">El hecho, ocurrido hace apenas unos momentos, ha dejado en estado de conmoci\u00f3n a familiares, amigos y residentes de la comunidad, quienes intentan comprender las circunstancias que llevaron a esta tr\u00e1gica decisi\u00f3n.<\/p>\n\n\n\n<p class=\"wp-block-paragraph\">Las autoridades locales se encuentran en el lugar recopilando informaci\u00f3n para esclarecer los detalles del incidente. Hasta el momento, no se han emitido declaraciones oficiales sobre las posibles causas.<\/p>\n\n\n\n<p class=\"wp-block-paragraph\">Este hecho ha generado un profundo impacto en la comunidad, subrayando la importancia de brindar apoyo emocional y psicol\u00f3gico a quienes lo necesiten. Seguiremos ampliando esta informaci\u00f3n a medida que se conozcan m\u00e1s datos.<\/p>\n\n\n\n<figure class=\"wp-block-image size-full\"><img loading=\"lazy\" decoding=\"async\" width=\"720\" height=\"964\" src=\"https:\/\/rr.unv-informacion.xyz\/wp-content\/uploads\/2025\/01\/WhatsApp-Image-2025-01-09-at-10.08.51-PM.jpg\" alt=\"\" class=\"wp-image-7068\" srcset=\"https:\/\/rr.unv-informacion.xyz\/wp-content\/uploads\/2025\/01\/WhatsApp-Image-2025-01-09-at-10.08.51-PM.jpg 720w, https:\/\/rr.unv-informacion.xyz\/wp-content\/uploads\/2025\/01\/WhatsApp-Image-2025-01-09-at-10.08.51-PM-224x300.jpg 224w, https:\/\/rr.unv-informacion.xyz\/wp-content\/uploads\/2025\/01\/WhatsApp-Image-2025-01-09-at-10.08.51-PM-314x420.jpg 314w, https:\/\/rr.unv-informacion.xyz\/wp-content\/uploads\/2025\/01\/WhatsApp-Image-2025-01-09-at-10.08.51-PM-640x857.jpg 640w, https:\/\/rr.unv-informacion.xyz\/wp-content\/uploads\/2025\/01\/WhatsApp-Image-2025-01-09-at-10.08.51-PM-681x912.jpg 681w\" sizes=\"auto, (max-width: 720px) 100vw, 720px\" \/><\/figure>\n\n\n\n<figure class=\"wp-block-image size-full\"><img loading=\"lazy\" decoding=\"async\" width=\"675\" height=\"1024\" src=\"https:\/\/rr.unv-informacion.xyz\/wp-content\/uploads\/2025\/01\/WhatsApp-Image-2025-01-09-at-10.08.51-PM-1-675x1024-1.webp\" alt=\"\" class=\"wp-image-7069\" srcset=\"https:\/\/rr.unv-informacion.xyz\/wp-content\/uploads\/2025\/01\/WhatsApp-Image-2025-01-09-at-10.08.51-PM-1-675x1024-1.webp 675w, https:\/\/rr.unv-informacion.xyz\/wp-content\/uploads\/2025\/01\/WhatsApp-Image-2025-01-09-at-10.08.51-PM-1-675x1024-1-198x300.webp 198w, https:\/\/rr.unv-informacion.xyz\/wp-content\/uploads\/2025\/01\/WhatsApp-Image-2025-01-09-at-10.08.51-PM-1-675x1024-1-277x420.webp 277w, https:\/\/rr.unv-informacion.xyz\/wp-content\/uploads\/2025\/01\/WhatsApp-Image-2025-01-09-at-10.08.51-PM-1-675x1024-1-640x971.webp 640w\" sizes=\"auto, (max-width: 675px) 100vw, 675px\" \/><\/figure>\n","protected":false},"excerpt":{"rendered":"<p>Ovidio de Mocan se quita la vida en la Presa de Tavera, generando consternaci\u00f3n en la comunidad de La Vega. Presa de Tavera, La Vega.- En un lamentable suceso, el joven Ovidio de Mocan tom\u00f3 la dr\u00e1stica decisi\u00f3n el d\u00eda de hoy, de quitarse la vida en la Presa de Tavera. El hecho, ocurrido hace [&hellip;]<\/p>\n","protected":false},"author":1,"featured_media":7069,"comment_status":"open","ping_status":"open","sticky":false,"template":"","format":"standard","meta":{"footnotes":""},"categories":[1],"tags":[],"class_list":["post-7067","post","type-post","status-publish","format-standard","has-post-thumbnail","hentry","category-uncategorized"],"_links":{"self":[{"href":"https:\/\/rr.unv-informacion.xyz\/index.php?rest_route=\/wp\/v2\/posts\/7067","targetHints":{"allow":["GET"]}}],"collection":[{"href":"https:\/\/rr.unv-informacion.xyz\/index.php?rest_route=\/wp\/v2\/posts"}],"about":[{"href":"https:\/\/rr.unv-informacion.xyz\/index.php?rest_route=\/wp\/v2\/types\/post"}],"author":[{"embeddable":true,"href":"https:\/\/rr.unv-informacion.xyz\/index.php?rest_route=\/wp\/v2\/users\/1"}],"replies":[{"embeddable":true,"href":"https:\/\/rr.unv-informacion.xyz\/index.php?rest_route=%2Fwp%2Fv2%2Fcomments&post=7067"}],"version-history":[{"count":1,"href":"https:\/\/rr.unv-informacion.xyz\/index.php?rest_route=\/wp\/v2\/posts\/7067\/revisions"}],"predecessor-version":[{"id":7070,"href":"https:\/\/rr.unv-informacion.xyz\/index.php?rest_route=\/wp\/v2\/posts\/7067\/revisions\/7070"}],"wp:featuredmedia":[{"embeddable":true,"href":"https:\/\/rr.unv-informacion.xyz\/index.php?rest_route=\/wp\/v2\/media\/7069"}],"wp:attachment":[{"href":"https:\/\/rr.unv-informacion.xyz\/index.php?rest_route=%2Fwp%2Fv2%2Fmedia&parent=7067"}],"wp:term":[{"taxonomy":"category","embeddable":true,"href":"https:\/\/rr.unv-informacion.xyz\/index.php?rest_route=%2Fwp%2Fv2%2Fcategories&post=7067"},{"taxonomy":"post_tag","embeddable":true,"href":"https:\/\/rr.unv-informacion.xyz\/index.php?rest_route=%2Fwp%2Fv2%2Ftags&post=7067"}],"curies":[{"name":"wp","href":"https:\/\/api.w.org\/{rel}","templated":true}]}}