{"id":7112,"date":"2025-01-14T17:24:49","date_gmt":"2025-01-14T17:24:49","guid":{"rendered":"https:\/\/rr.unv-informacion.xyz\/?p=7112"},"modified":"2025-01-14T17:24:49","modified_gmt":"2025-01-14T17:24:49","slug":"luis-segura-demanda-a-bonny-cepeda-por-apropiacion-del-tema-pena-por-ti","status":"publish","type":"post","link":"https:\/\/rr.unv-informacion.xyz\/?p=7112","title":{"rendered":"Luis Segura demanda a Bonny Cepeda por apropiaci\u00f3n del tema \u2018Pena por ti\u2019"},"content":{"rendered":"\n<p class=\"wp-block-paragraph\">El bachatero Luis Segura sali\u00f3 a defender su canci\u00f3n \u201cPena por ti\u201d, por la que demand\u00f3 al merenguero Bonny Cepeda acus\u00e1ndolo de supuesta apropiaci\u00f3n indebida de los derechos de autor.<\/p>\n\n\n\n<p class=\"wp-block-paragraph\">Bonny, \u00bfPor qu\u00e9 hiciste eso y nunca fuiste capaz de llamarme, de decirme, por qu\u00e9? Y salud\u00e1ndote con tanto cari\u00f1o y t\u00fa tambi\u00e9n y nunca me dijiste\u201d, dijo el artista en un video publicado en su cuenta de Instagram.<\/p>\n\n\n\n<p class=\"wp-block-paragraph\">El reconocido bachatero expres\u00f3 que se siente \u201cmuy mal\u201d por la apropiaci\u00f3n que supuestamente hizo el exviceministro con la canci\u00f3n.<\/p>\n\n\n\n<p class=\"wp-block-paragraph\">\u201cMe privaste durante mucho a\u00f1os de mi canci\u00f3n Pena por ti, abusaron de mi desconocimiento. \u00bfQu\u00e9 pasaba por tu cabeza? \u00a1Dios! no entiendo. Como compositor, sabes el valor de una creaci\u00f3n y lo que representa en nuestra vida. Cada composici\u00f3n es un hijo que uno entrega al mundo, saber esto que ha estado pasando en estos 42 a\u00f1os, me rompi\u00f3 el alma\u201d, dijo Segura dirigido a Cepeda. \u201cEl A\u00f1o\u00f1a\u00edto\u201d recalc\u00f3 que nunca ha tenido un conflicto ni en lo personal ni en lo profesional en los 60 a\u00f1os de carrera que lleva.<\/p>\n\n\n\n<p class=\"wp-block-paragraph\">Explic\u00f3 que: \u201cLa decisi\u00f3n de acudir a la justicia, es por mi honor, el de mi familia y mi pa\u00eds \ud83c\udde9\ud83c\uddf4, porque Pena por ti significa mucho para la Bachata y nuestra naci\u00f3n, ella merece todo el respeto, al igual que cada obra de cada compositor\u201d.<\/p>\n\n\n\n<p class=\"wp-block-paragraph\">La demanda, presentada ante la Octava C\u00e1mara Civil y Comercial del Distrito Nacional por los abogados Manuel Ferm\u00edn Cabral, Graciano Galliard, Nathanael Concepci\u00f3n y Juli\u00e1n G\u00f3mez Mencias, tambi\u00e9n alega da\u00f1os y perjuicios.<\/p>\n\n\n\n<p class=\"wp-block-paragraph\">Por su parte, Cepeda explic\u00f3 que el tema fue grabado \u00aba modo de chanza\u00bb hace m\u00e1s de 40 a\u00f1os, pero reconoce a Segura como el autor de la creaci\u00f3n original.<\/p>\n\n\n\n<p class=\"wp-block-paragraph\">\u00abSoy autor de m\u00e1s de trescientas canciones y como tal conozco el derecho de autor, nunca me he atribuido la autor\u00eda del tema \u2018Pena\u2019 que entiendo es del se\u00f1or Luis Segura\u00bb, afirm\u00f3 en Instagram.<\/p>\n\n\n\n<p class=\"wp-block-paragraph\">\u00abHace m\u00e1s de 40 a\u00f1os a manera de chanza, Jos\u00e9 Lucia, guirero en ese tiempo, canto \u2018Pena\u2019, siempre supimos que el autor era el maestro y amigo Luis Segura, para sorpresa nuestra me lleg\u00f3 una notificaci\u00f3n de demanda civil (ya est\u00e1 en manos de mi abogado Julio Cury) que err\u00f3neamente dice que yo soy el autor (error). s\u00e9 que el autor es Luis Segura\u00bb, recalc\u00f3.<\/p>\n\n\n\n<p class=\"wp-block-paragraph\">El exfuncionario, quien abandon\u00f3 el pasado 10 de enero su cargo como viceministro de Cultura, public\u00f3 un video donde aparece durante la ceremonia que realiz\u00f3 el Bulevar de las Estrellas para reconocer a \u00abEl A\u00f1o\u00f1a\u00edto\u00bb, Manuel Calder\u00f3n y Leonardo Paniagua como pioneros de la bachata.<\/p>\n\n\n\n<p class=\"wp-block-paragraph\">En el evento que se llev\u00f3 a cabo en marzo del a\u00f1o pasado, Cepeda cont\u00f3 c\u00f3mo su versi\u00f3n de \u00abPena por ti\u00bb se convirti\u00f3 en una de las m\u00e1s aclamadas de su repertorio cuando visita Colombia.<\/p>\n","protected":false},"excerpt":{"rendered":"<p>El bachatero Luis Segura sali\u00f3 a defender su canci\u00f3n \u201cPena por ti\u201d, por la que demand\u00f3 al merenguero Bonny Cepeda acus\u00e1ndolo de supuesta apropiaci\u00f3n indebida de los derechos de autor. Bonny, \u00bfPor qu\u00e9 hiciste eso y nunca fuiste capaz de llamarme, de decirme, por qu\u00e9? Y salud\u00e1ndote con tanto cari\u00f1o y t\u00fa tambi\u00e9n y nunca [&hellip;]<\/p>\n","protected":false},"author":1,"featured_media":7113,"comment_status":"open","ping_status":"open","sticky":false,"template":"","format":"standard","meta":{"footnotes":""},"categories":[1],"tags":[],"class_list":["post-7112","post","type-post","status-publish","format-standard","has-post-thumbnail","hentry","category-uncategorized"],"_links":{"self":[{"href":"https:\/\/rr.unv-informacion.xyz\/index.php?rest_route=\/wp\/v2\/posts\/7112","targetHints":{"allow":["GET"]}}],"collection":[{"href":"https:\/\/rr.unv-informacion.xyz\/index.php?rest_route=\/wp\/v2\/posts"}],"about":[{"href":"https:\/\/rr.unv-informacion.xyz\/index.php?rest_route=\/wp\/v2\/types\/post"}],"author":[{"embeddable":true,"href":"https:\/\/rr.unv-informacion.xyz\/index.php?rest_route=\/wp\/v2\/users\/1"}],"replies":[{"embeddable":true,"href":"https:\/\/rr.unv-informacion.xyz\/index.php?rest_route=%2Fwp%2Fv2%2Fcomments&post=7112"}],"version-history":[{"count":1,"href":"https:\/\/rr.unv-informacion.xyz\/index.php?rest_route=\/wp\/v2\/posts\/7112\/revisions"}],"predecessor-version":[{"id":7114,"href":"https:\/\/rr.unv-informacion.xyz\/index.php?rest_route=\/wp\/v2\/posts\/7112\/revisions\/7114"}],"wp:featuredmedia":[{"embeddable":true,"href":"https:\/\/rr.unv-informacion.xyz\/index.php?rest_route=\/wp\/v2\/media\/7113"}],"wp:attachment":[{"href":"https:\/\/rr.unv-informacion.xyz\/index.php?rest_route=%2Fwp%2Fv2%2Fmedia&parent=7112"}],"wp:term":[{"taxonomy":"category","embeddable":true,"href":"https:\/\/rr.unv-informacion.xyz\/index.php?rest_route=%2Fwp%2Fv2%2Fcategories&post=7112"},{"taxonomy":"post_tag","embeddable":true,"href":"https:\/\/rr.unv-informacion.xyz\/index.php?rest_route=%2Fwp%2Fv2%2Ftags&post=7112"}],"curies":[{"name":"wp","href":"https:\/\/api.w.org\/{rel}","templated":true}]}}