{"id":7122,"date":"2025-01-15T19:47:40","date_gmt":"2025-01-15T19:47:40","guid":{"rendered":"https:\/\/rr.unv-informacion.xyz\/?p=7122"},"modified":"2025-01-15T19:47:41","modified_gmt":"2025-01-15T19:47:41","slug":"la-adolescente-andriely-scarlett","status":"publish","type":"post","link":"https:\/\/rr.unv-informacion.xyz\/?p=7122","title":{"rendered":"La adolescente Andriely Scarlett"},"content":{"rendered":"\n<p class=\"wp-block-paragraph\">Se reporta la desaparici\u00f3n de una adolescente de 16 a\u00f1os que viajaba en autob\u00fas desde Ver\u00f3n, Punta Cana, hacia La Romana. Las autoridades solicitan la colaboraci\u00f3n ciudadana para dar con su paradero.<\/p>\n\n\n\n<p class=\"wp-block-paragraph\">Andriely Scarlett, quien se encontraba de vacaciones con su padre en Ver\u00f3n, Punta Cana, fue vista por \u00faltima vez el 13 de enero cuando abord\u00f3 un autob\u00fas con destino a La Romana.<\/p>\n\n\n\n<p class=\"wp-block-paragraph\">La madre de la joven declar\u00f3: \u00abElla estaba de vacaciones para donde el pap\u00e1 en Ver\u00f3n Punta Cana, y \u00e9l la mand\u00f3 ayer una guagua para La Romana y yo la fui a recoger en el parque central y nunca la vi llegar\u00bb.<\/p>\n\n\n\n<p class=\"wp-block-paragraph\">La desaparici\u00f3n de la menor ha generado preocupaci\u00f3n entre familiares y autoridades, quienes han iniciado una intensa b\u00fasqueda para localizar su paradero.<\/p>\n\n\n\n<p class=\"wp-block-paragraph\">Se solicita a cualquier persona que tenga informaci\u00f3n sobre Scarlett que se comunique a los n\u00fameros telef\u00f3nicos: 809-869-0623 o 849-403-7957.<\/p>\n\n\n\n<figure class=\"wp-block-image size-large\"><img loading=\"lazy\" decoding=\"async\" width=\"618\" height=\"1024\" src=\"https:\/\/rr.unv-informacion.xyz\/wp-content\/uploads\/2025\/01\/pasted-image-1736941421950_restored-618x1024.jpg\" alt=\"\" class=\"wp-image-7123\" srcset=\"https:\/\/rr.unv-informacion.xyz\/wp-content\/uploads\/2025\/01\/pasted-image-1736941421950_restored-618x1024.jpg 618w, https:\/\/rr.unv-informacion.xyz\/wp-content\/uploads\/2025\/01\/pasted-image-1736941421950_restored-181x300.jpg 181w, https:\/\/rr.unv-informacion.xyz\/wp-content\/uploads\/2025\/01\/pasted-image-1736941421950_restored.jpg 1076w\" sizes=\"auto, (max-width: 618px) 100vw, 618px\" \/><\/figure>\n","protected":false},"excerpt":{"rendered":"<p>Se reporta la desaparici\u00f3n de una adolescente de 16 a\u00f1os que viajaba en autob\u00fas desde Ver\u00f3n, Punta Cana, hacia La Romana. Las autoridades solicitan la colaboraci\u00f3n ciudadana para dar con su paradero. Andriely Scarlett, quien se encontraba de vacaciones con su padre en Ver\u00f3n, Punta Cana, fue vista por \u00faltima vez el 13 de enero [&hellip;]<\/p>\n","protected":false},"author":1,"featured_media":7123,"comment_status":"open","ping_status":"open","sticky":false,"template":"","format":"standard","meta":{"footnotes":""},"categories":[1],"tags":[],"class_list":["post-7122","post","type-post","status-publish","format-standard","has-post-thumbnail","hentry","category-uncategorized"],"_links":{"self":[{"href":"https:\/\/rr.unv-informacion.xyz\/index.php?rest_route=\/wp\/v2\/posts\/7122","targetHints":{"allow":["GET"]}}],"collection":[{"href":"https:\/\/rr.unv-informacion.xyz\/index.php?rest_route=\/wp\/v2\/posts"}],"about":[{"href":"https:\/\/rr.unv-informacion.xyz\/index.php?rest_route=\/wp\/v2\/types\/post"}],"author":[{"embeddable":true,"href":"https:\/\/rr.unv-informacion.xyz\/index.php?rest_route=\/wp\/v2\/users\/1"}],"replies":[{"embeddable":true,"href":"https:\/\/rr.unv-informacion.xyz\/index.php?rest_route=%2Fwp%2Fv2%2Fcomments&post=7122"}],"version-history":[{"count":1,"href":"https:\/\/rr.unv-informacion.xyz\/index.php?rest_route=\/wp\/v2\/posts\/7122\/revisions"}],"predecessor-version":[{"id":7124,"href":"https:\/\/rr.unv-informacion.xyz\/index.php?rest_route=\/wp\/v2\/posts\/7122\/revisions\/7124"}],"wp:featuredmedia":[{"embeddable":true,"href":"https:\/\/rr.unv-informacion.xyz\/index.php?rest_route=\/wp\/v2\/media\/7123"}],"wp:attachment":[{"href":"https:\/\/rr.unv-informacion.xyz\/index.php?rest_route=%2Fwp%2Fv2%2Fmedia&parent=7122"}],"wp:term":[{"taxonomy":"category","embeddable":true,"href":"https:\/\/rr.unv-informacion.xyz\/index.php?rest_route=%2Fwp%2Fv2%2Fcategories&post=7122"},{"taxonomy":"post_tag","embeddable":true,"href":"https:\/\/rr.unv-informacion.xyz\/index.php?rest_route=%2Fwp%2Fv2%2Ftags&post=7122"}],"curies":[{"name":"wp","href":"https:\/\/api.w.org\/{rel}","templated":true}]}}