{"id":7129,"date":"2025-01-16T18:57:44","date_gmt":"2025-01-16T18:57:44","guid":{"rendered":"https:\/\/rr.unv-informacion.xyz\/?p=7129"},"modified":"2025-01-16T18:57:45","modified_gmt":"2025-01-16T18:57:45","slug":"felix-cumbe-enfrenta-delicada-situacion-de-salud-en-sde","status":"publish","type":"post","link":"https:\/\/rr.unv-informacion.xyz\/?p=7129","title":{"rendered":"F\u00e9lix Cumb\u00e9 enfrenta delicada situaci\u00f3n de salud en SDE"},"content":{"rendered":"\n<p class=\"wp-block-paragraph\">El cantante de bachata y merengue, F\u00e9lix Cumb\u00e9, atraviesa una situaci\u00f3n de salud que lo mantienen recluido en una cl\u00ednica de Santo Domingo Este.<\/p>\n\n\n\n<p class=\"wp-block-paragraph\">El artista, conocido por \u00e9xitos como Feliz Cumb\u00e9 y D\u00e9jame Volver, en la voz de Fernando Villalona, se enfrenta a un delicado estado de salud que ha generado preocupaci\u00f3n entre sus familiares y amigos del mundo de la m\u00fasica.<\/p>\n\n\n\n<p class=\"wp-block-paragraph\">\u201c\u00c9l est\u00e1 mejor dentro del cuadro cl\u00ednico que ha presentado, en este momento le est\u00e1n haciendo unas placas porque tiene l\u00edquido en los pulmones, tiene problemas en los ri\u00f1ones, pero est\u00e1 hablando\u201d, inform\u00f3 la esposa del artista.<\/p>\n\n\n\n<p class=\"wp-block-paragraph\">Record\u00f3 que en mayo del pasado a\u00f1o Cumbe sufri\u00f3 un Accidente Cerebro Vascular (ACV) del que se recuper\u00f3, pero desde entonces su salud no ha sido la misma.<\/p>\n\n\n\n<p class=\"wp-block-paragraph\">Fanny Adames dijo que el artista tiene compromisos art\u00edsticos pendientes para los pr\u00f3ximos d\u00edas, los cuales, asegura ser\u00e1n cumplidos tan pronto F\u00e9lix Cumb\u00e9 reciba el alta m\u00e9dica.<\/p>\n","protected":false},"excerpt":{"rendered":"<p>El cantante de bachata y merengue, F\u00e9lix Cumb\u00e9, atraviesa una situaci\u00f3n de salud que lo mantienen recluido en una cl\u00ednica de Santo Domingo Este. El artista, conocido por \u00e9xitos como Feliz Cumb\u00e9 y D\u00e9jame Volver, en la voz de Fernando Villalona, se enfrenta a un delicado estado de salud que ha generado preocupaci\u00f3n entre sus [&hellip;]<\/p>\n","protected":false},"author":1,"featured_media":7130,"comment_status":"open","ping_status":"open","sticky":false,"template":"","format":"standard","meta":{"footnotes":""},"categories":[1],"tags":[],"class_list":["post-7129","post","type-post","status-publish","format-standard","has-post-thumbnail","hentry","category-uncategorized"],"_links":{"self":[{"href":"https:\/\/rr.unv-informacion.xyz\/index.php?rest_route=\/wp\/v2\/posts\/7129","targetHints":{"allow":["GET"]}}],"collection":[{"href":"https:\/\/rr.unv-informacion.xyz\/index.php?rest_route=\/wp\/v2\/posts"}],"about":[{"href":"https:\/\/rr.unv-informacion.xyz\/index.php?rest_route=\/wp\/v2\/types\/post"}],"author":[{"embeddable":true,"href":"https:\/\/rr.unv-informacion.xyz\/index.php?rest_route=\/wp\/v2\/users\/1"}],"replies":[{"embeddable":true,"href":"https:\/\/rr.unv-informacion.xyz\/index.php?rest_route=%2Fwp%2Fv2%2Fcomments&post=7129"}],"version-history":[{"count":1,"href":"https:\/\/rr.unv-informacion.xyz\/index.php?rest_route=\/wp\/v2\/posts\/7129\/revisions"}],"predecessor-version":[{"id":7131,"href":"https:\/\/rr.unv-informacion.xyz\/index.php?rest_route=\/wp\/v2\/posts\/7129\/revisions\/7131"}],"wp:featuredmedia":[{"embeddable":true,"href":"https:\/\/rr.unv-informacion.xyz\/index.php?rest_route=\/wp\/v2\/media\/7130"}],"wp:attachment":[{"href":"https:\/\/rr.unv-informacion.xyz\/index.php?rest_route=%2Fwp%2Fv2%2Fmedia&parent=7129"}],"wp:term":[{"taxonomy":"category","embeddable":true,"href":"https:\/\/rr.unv-informacion.xyz\/index.php?rest_route=%2Fwp%2Fv2%2Fcategories&post=7129"},{"taxonomy":"post_tag","embeddable":true,"href":"https:\/\/rr.unv-informacion.xyz\/index.php?rest_route=%2Fwp%2Fv2%2Ftags&post=7129"}],"curies":[{"name":"wp","href":"https:\/\/api.w.org\/{rel}","templated":true}]}}