{"id":7135,"date":"2025-01-16T19:08:18","date_gmt":"2025-01-16T19:08:18","guid":{"rendered":"https:\/\/rr.unv-informacion.xyz\/?p=7135"},"modified":"2025-01-16T19:08:19","modified_gmt":"2025-01-16T19:08:19","slug":"patricia-mercedes-ortiz","status":"publish","type":"post","link":"https:\/\/rr.unv-informacion.xyz\/?p=7135","title":{"rendered":"Patricia Mercedes Ortiz"},"content":{"rendered":"\n<p class=\"wp-block-paragraph\">Una joven de 26 a\u00f1os, miembro de las Fuerzas Armadas de la Rep\u00fablica Dominicana (FARD), falleci\u00f3 la noche del mi\u00e9rcoles, mientras recib\u00eda atenciones m\u00e9dicas en el Hospital \u00c1ngel Contreras de Monte Plata.<\/p>\n\n\n\n<p class=\"wp-block-paragraph\">Tras resultar herida en un accidente de tr\u00e1nsito en la autopista del Nordeste, que tambi\u00e9n dej\u00f3 a otras tres personas lesionadas, entre ellas el alcalde de Nagua, Alfredo Rafael Peralta Ventura, mejor conocido como Junior Peralta.<\/p>\n\n\n\n<p class=\"wp-block-paragraph\">La fallecida fue identificada como la Doctora Patricia Mercedes Ortiz Cuevas, razo de la FARD, quien viajaba en un Honda CRV junto a Engel Joel Mercedes Santana, de 27 a\u00f1os, y Alonzo Mercado Santana, de 26 a\u00f1os, los cuales tambi\u00e9n resultaron lesionados.<\/p>\n\n\n\n<p class=\"wp-block-paragraph\">Los tres j\u00f3venes fueron asistidos por una unidad del Servicio Nacional de Emergencias 911 y trasladados al Hospital \u00c1ngel Contreras, donde Ortiz Cuevas falleci\u00f3 mientras recib\u00eda atenci\u00f3n m\u00e9dica.<\/p>\n\n\n\n<p class=\"wp-block-paragraph\">En el incidente tambi\u00e9n result\u00f3 herido el alcalde Junior Peralta, de 48 a\u00f1os, quien conduc\u00eda un Hyundai Sonata de color blanco, cuando colision\u00f3 con el veh\u00edculo Honda CRV.<\/p>\n\n\n\n<p class=\"wp-block-paragraph\">El alcalde fue trasladado junto a su acompa\u00f1ante, Alberto Antonio Cabrera, de 35 a\u00f1os, al Centro M\u00e9dico Costa Norte en Nagua, donde recibieron atenci\u00f3n m\u00e9dica.<\/p>\n\n\n\n<p class=\"wp-block-paragraph\">El incidente ocurri\u00f3 cerca del puente de Ant\u00f3n S\u00e1nchez, en la autopista del Nordeste, en la provincia de Monte Plata.<\/p>\n\n\n\n<p class=\"wp-block-paragraph\">Las autoridades se encuentran investigando las causas del accidente, y los veh\u00edculos involucrados fueron remolcados al Centro de Retenci\u00f3n Vehicular Marbella para los fines correspondientes.<\/p>\n\n\n\n<figure class=\"wp-block-image size-large\"><img loading=\"lazy\" decoding=\"async\" width=\"1024\" height=\"575\" src=\"https:\/\/rr.unv-informacion.xyz\/wp-content\/uploads\/2025\/01\/imagen_2025-01-16_095825728-1024x575.jpg\" alt=\"\" class=\"wp-image-7136\" srcset=\"https:\/\/rr.unv-informacion.xyz\/wp-content\/uploads\/2025\/01\/imagen_2025-01-16_095825728-1024x575.jpg 1024w, https:\/\/rr.unv-informacion.xyz\/wp-content\/uploads\/2025\/01\/imagen_2025-01-16_095825728-300x168.jpg 300w, https:\/\/rr.unv-informacion.xyz\/wp-content\/uploads\/2025\/01\/imagen_2025-01-16_095825728-768x431.jpg 768w, https:\/\/rr.unv-informacion.xyz\/wp-content\/uploads\/2025\/01\/imagen_2025-01-16_095825728.jpg 1600w\" sizes=\"auto, (max-width: 1024px) 100vw, 1024px\" \/><\/figure>\n\n\n\n<figure class=\"wp-block-image size-full\"><img loading=\"lazy\" decoding=\"async\" width=\"448\" height=\"573\" src=\"https:\/\/rr.unv-informacion.xyz\/wp-content\/uploads\/2025\/01\/imagen_2025-01-16_113735236.webp\" alt=\"\" class=\"wp-image-7137\" srcset=\"https:\/\/rr.unv-informacion.xyz\/wp-content\/uploads\/2025\/01\/imagen_2025-01-16_113735236.webp 448w, https:\/\/rr.unv-informacion.xyz\/wp-content\/uploads\/2025\/01\/imagen_2025-01-16_113735236-235x300.webp 235w, https:\/\/rr.unv-informacion.xyz\/wp-content\/uploads\/2025\/01\/imagen_2025-01-16_113735236-328x420.webp 328w\" sizes=\"auto, (max-width: 448px) 100vw, 448px\" \/><\/figure>\n\n\n\n<figure class=\"wp-block-image size-large\"><img loading=\"lazy\" decoding=\"async\" width=\"956\" height=\"1024\" src=\"https:\/\/rr.unv-informacion.xyz\/wp-content\/uploads\/2025\/01\/473782180_916735293998874_5739368881514068300_n-956x1024.jpg\" alt=\"\" class=\"wp-image-7138\" srcset=\"https:\/\/rr.unv-informacion.xyz\/wp-content\/uploads\/2025\/01\/473782180_916735293998874_5739368881514068300_n-956x1024.jpg 956w, https:\/\/rr.unv-informacion.xyz\/wp-content\/uploads\/2025\/01\/473782180_916735293998874_5739368881514068300_n-280x300.jpg 280w, https:\/\/rr.unv-informacion.xyz\/wp-content\/uploads\/2025\/01\/473782180_916735293998874_5739368881514068300_n-768x823.jpg 768w, https:\/\/rr.unv-informacion.xyz\/wp-content\/uploads\/2025\/01\/473782180_916735293998874_5739368881514068300_n.jpg 1125w\" sizes=\"auto, (max-width: 956px) 100vw, 956px\" \/><\/figure>\n","protected":false},"excerpt":{"rendered":"<p>Una joven de 26 a\u00f1os, miembro de las Fuerzas Armadas de la Rep\u00fablica Dominicana (FARD), falleci\u00f3 la noche del mi\u00e9rcoles, mientras recib\u00eda atenciones m\u00e9dicas en el Hospital \u00c1ngel Contreras de Monte Plata. Tras resultar herida en un accidente de tr\u00e1nsito en la autopista del Nordeste, que tambi\u00e9n dej\u00f3 a otras tres personas lesionadas, entre ellas [&hellip;]<\/p>\n","protected":false},"author":1,"featured_media":7138,"comment_status":"open","ping_status":"open","sticky":false,"template":"","format":"standard","meta":{"footnotes":""},"categories":[1],"tags":[],"class_list":["post-7135","post","type-post","status-publish","format-standard","has-post-thumbnail","hentry","category-uncategorized"],"_links":{"self":[{"href":"https:\/\/rr.unv-informacion.xyz\/index.php?rest_route=\/wp\/v2\/posts\/7135","targetHints":{"allow":["GET"]}}],"collection":[{"href":"https:\/\/rr.unv-informacion.xyz\/index.php?rest_route=\/wp\/v2\/posts"}],"about":[{"href":"https:\/\/rr.unv-informacion.xyz\/index.php?rest_route=\/wp\/v2\/types\/post"}],"author":[{"embeddable":true,"href":"https:\/\/rr.unv-informacion.xyz\/index.php?rest_route=\/wp\/v2\/users\/1"}],"replies":[{"embeddable":true,"href":"https:\/\/rr.unv-informacion.xyz\/index.php?rest_route=%2Fwp%2Fv2%2Fcomments&post=7135"}],"version-history":[{"count":1,"href":"https:\/\/rr.unv-informacion.xyz\/index.php?rest_route=\/wp\/v2\/posts\/7135\/revisions"}],"predecessor-version":[{"id":7139,"href":"https:\/\/rr.unv-informacion.xyz\/index.php?rest_route=\/wp\/v2\/posts\/7135\/revisions\/7139"}],"wp:featuredmedia":[{"embeddable":true,"href":"https:\/\/rr.unv-informacion.xyz\/index.php?rest_route=\/wp\/v2\/media\/7138"}],"wp:attachment":[{"href":"https:\/\/rr.unv-informacion.xyz\/index.php?rest_route=%2Fwp%2Fv2%2Fmedia&parent=7135"}],"wp:term":[{"taxonomy":"category","embeddable":true,"href":"https:\/\/rr.unv-informacion.xyz\/index.php?rest_route=%2Fwp%2Fv2%2Fcategories&post=7135"},{"taxonomy":"post_tag","embeddable":true,"href":"https:\/\/rr.unv-informacion.xyz\/index.php?rest_route=%2Fwp%2Fv2%2Ftags&post=7135"}],"curies":[{"name":"wp","href":"https:\/\/api.w.org\/{rel}","templated":true}]}}