{"id":7147,"date":"2025-01-17T15:36:20","date_gmt":"2025-01-17T15:36:20","guid":{"rendered":"https:\/\/rr.unv-informacion.xyz\/?p=7147"},"modified":"2025-01-17T15:36:21","modified_gmt":"2025-01-17T15:36:21","slug":"victor-manuel-saldana","status":"publish","type":"post","link":"https:\/\/rr.unv-informacion.xyz\/?p=7147","title":{"rendered":"V\u00edctor Manuel Salda\u00f1a"},"content":{"rendered":"\n<p class=\"wp-block-paragraph\">Tribunal en Santiago confirma prisi\u00f3n preventiva para V\u00edctor Salda\u00f1a, acusado del asesinato del pediatra Enrique Espinal.<\/p>\n\n\n\n<p class=\"wp-block-paragraph\">En Santiago, un tribunal ratific\u00f3 la prisi\u00f3n preventiva contra V\u00edctor Manuel Salda\u00f1a, acusado de asesinar al pediatra Enrique Espinal. Seg\u00fan el expediente, los hechos ocurrieron el 31 de julio de 2024.<\/p>\n\n\n\n<p class=\"wp-block-paragraph\">Salda\u00f1a, quien trabajaba en el sistema de emergencias 911, habr\u00eda matado al doctor Espinal y abandonado su cuerpo en un paraje de la ciudad. Las pruebas presentadas llevaron al juez a mantener la medida cautelar para continuar el proceso judicial.<\/p>\n\n\n\n<p class=\"wp-block-paragraph\">El Ministerio P\u00fablico acus\u00f3 a Salda\u00f1a de asesinato y robo agravado, solicitando una condena de 30 a\u00f1os de prisi\u00f3n. En las pr\u00f3ximas semanas, un tribunal evaluar\u00e1 si el caso pasa a juicio de fondo. Recordemos que el m\u00e9dico en cuesti\u00f3n result\u00f3 muerto por golpes propinados con un objeto contundente.<\/p>\n\n\n\n<p class=\"wp-block-paragraph\">La familia del m\u00e9dico y la comunidad esperan justicia en este caso que ha conmocionado a la sociedad. Este suceso destaca la importancia de reforzar la seguridad y el respeto por la vida en el pa\u00eds.<\/p>\n\n\n\n<figure class=\"wp-block-image size-large\"><img loading=\"lazy\" decoding=\"async\" width=\"1024\" height=\"576\" src=\"https:\/\/rr.unv-informacion.xyz\/wp-content\/uploads\/2025\/01\/456576179_816146907302233_3376476330501186626_n-1024x576.webp\" alt=\"\" class=\"wp-image-7148\" srcset=\"https:\/\/rr.unv-informacion.xyz\/wp-content\/uploads\/2025\/01\/456576179_816146907302233_3376476330501186626_n-1024x576.webp 1024w, https:\/\/rr.unv-informacion.xyz\/wp-content\/uploads\/2025\/01\/456576179_816146907302233_3376476330501186626_n-300x169.webp 300w, https:\/\/rr.unv-informacion.xyz\/wp-content\/uploads\/2025\/01\/456576179_816146907302233_3376476330501186626_n-768x432.webp 768w, https:\/\/rr.unv-informacion.xyz\/wp-content\/uploads\/2025\/01\/456576179_816146907302233_3376476330501186626_n-747x420.webp 747w, https:\/\/rr.unv-informacion.xyz\/wp-content\/uploads\/2025\/01\/456576179_816146907302233_3376476330501186626_n-640x360.webp 640w, https:\/\/rr.unv-informacion.xyz\/wp-content\/uploads\/2025\/01\/456576179_816146907302233_3376476330501186626_n-681x383.webp 681w, https:\/\/rr.unv-informacion.xyz\/wp-content\/uploads\/2025\/01\/456576179_816146907302233_3376476330501186626_n.webp 1280w\" sizes=\"auto, (max-width: 1024px) 100vw, 1024px\" \/><\/figure>\n\n\n\n<figure class=\"wp-block-embed is-type-video is-provider-youtube wp-block-embed-youtube wp-embed-aspect-16-9 wp-has-aspect-ratio\"><div class=\"wp-block-embed__wrapper\">\n<iframe loading=\"lazy\" title=\"Ratifican prisi\u00f3n preventiva a V\u00edctor Salda\u00f1a, acusado de quitarle la vida al m\u00e9dico Enrique Espinal\" width=\"640\" height=\"360\" src=\"https:\/\/www.youtube.com\/embed\/RkJWCAJFjvk?feature=oembed\" frameborder=\"0\" allow=\"accelerometer; autoplay; clipboard-write; encrypted-media; gyroscope; picture-in-picture; web-share\" referrerpolicy=\"strict-origin-when-cross-origin\" allowfullscreen><\/iframe>\n<\/div><\/figure>\n","protected":false},"excerpt":{"rendered":"<p>Tribunal en Santiago confirma prisi\u00f3n preventiva para V\u00edctor Salda\u00f1a, acusado del asesinato del pediatra Enrique Espinal. En Santiago, un tribunal ratific\u00f3 la prisi\u00f3n preventiva contra V\u00edctor Manuel Salda\u00f1a, acusado de asesinar al pediatra Enrique Espinal. Seg\u00fan el expediente, los hechos ocurrieron el 31 de julio de 2024. Salda\u00f1a, quien trabajaba en el sistema de emergencias [&hellip;]<\/p>\n","protected":false},"author":1,"featured_media":7148,"comment_status":"open","ping_status":"open","sticky":false,"template":"","format":"standard","meta":{"footnotes":""},"categories":[1],"tags":[],"class_list":["post-7147","post","type-post","status-publish","format-standard","has-post-thumbnail","hentry","category-uncategorized"],"_links":{"self":[{"href":"https:\/\/rr.unv-informacion.xyz\/index.php?rest_route=\/wp\/v2\/posts\/7147","targetHints":{"allow":["GET"]}}],"collection":[{"href":"https:\/\/rr.unv-informacion.xyz\/index.php?rest_route=\/wp\/v2\/posts"}],"about":[{"href":"https:\/\/rr.unv-informacion.xyz\/index.php?rest_route=\/wp\/v2\/types\/post"}],"author":[{"embeddable":true,"href":"https:\/\/rr.unv-informacion.xyz\/index.php?rest_route=\/wp\/v2\/users\/1"}],"replies":[{"embeddable":true,"href":"https:\/\/rr.unv-informacion.xyz\/index.php?rest_route=%2Fwp%2Fv2%2Fcomments&post=7147"}],"version-history":[{"count":1,"href":"https:\/\/rr.unv-informacion.xyz\/index.php?rest_route=\/wp\/v2\/posts\/7147\/revisions"}],"predecessor-version":[{"id":7149,"href":"https:\/\/rr.unv-informacion.xyz\/index.php?rest_route=\/wp\/v2\/posts\/7147\/revisions\/7149"}],"wp:featuredmedia":[{"embeddable":true,"href":"https:\/\/rr.unv-informacion.xyz\/index.php?rest_route=\/wp\/v2\/media\/7148"}],"wp:attachment":[{"href":"https:\/\/rr.unv-informacion.xyz\/index.php?rest_route=%2Fwp%2Fv2%2Fmedia&parent=7147"}],"wp:term":[{"taxonomy":"category","embeddable":true,"href":"https:\/\/rr.unv-informacion.xyz\/index.php?rest_route=%2Fwp%2Fv2%2Fcategories&post=7147"},{"taxonomy":"post_tag","embeddable":true,"href":"https:\/\/rr.unv-informacion.xyz\/index.php?rest_route=%2Fwp%2Fv2%2Ftags&post=7147"}],"curies":[{"name":"wp","href":"https:\/\/api.w.org\/{rel}","templated":true}]}}