{"id":7151,"date":"2025-01-18T18:08:30","date_gmt":"2025-01-18T18:08:30","guid":{"rendered":"https:\/\/rr.unv-informacion.xyz\/?p=7151"},"modified":"2025-01-18T18:08:31","modified_gmt":"2025-01-18T18:08:31","slug":"alofoke-media-group-y-una-delegacion-dominicana-han-sido-invitados","status":"publish","type":"post","link":"https:\/\/rr.unv-informacion.xyz\/?p=7151","title":{"rendered":"Alofoke Media Group y una delegaci\u00f3n dominicana han sido invitados"},"content":{"rendered":"\n<p class=\"wp-block-paragraph\">El CEO de Alofoke Media Group y una delegaci\u00f3n dominicana han sido invitados a participar en la ceremonia de investidura del presidente electo de Estados Unidos, Donald Trump, que se celebrar\u00e1 el pr\u00f3ximo lunes 20 de enero en Washington, D.C.<\/p>\n\n\n\n<p class=\"wp-block-paragraph\">Santiago Mat\u00edas encabezar\u00e1 la comitiva que incluye a Melvin de Le\u00f3n, alto ejecutivo del grupo medi\u00e1tico; el abogado Eduardo Saint-Hilaire; y el economista Juan Carlos Guilbe. La invitaci\u00f3n surge tras previos encuentros entre el empresario dominicano y Trump en Mar-a-Lago.<\/p>\n\n\n\n<p class=\"wp-block-paragraph\">El evento marca la 60.\u00aa inauguraci\u00f3n presidencial en la historia estadounidense y se realizar\u00e1 siguiendo lo establecido por la 20.\u00aa Enmienda de la Constituci\u00f3n. La ceremonia est\u00e1 programada para iniciar a las 12:00 p.m. (hora del este) en la capital estadounidense.<\/p>\n\n\n\n<p class=\"wp-block-paragraph\">La celebraci\u00f3n contar\u00e1 con rigurosas medidas de seguridad debido a la presencia de importantes figuras internacionales y destacados empresarios que han sido convocados para presenciar este hist\u00f3rico momento.<\/p>\n\n\n\n<p class=\"wp-block-paragraph\">Esta invitaci\u00f3n representa un significativo reconocimiento para los medios dominicanos, siendo Alofoke Media Group uno de los pocos grupos medi\u00e1ticos latinos que participar\u00e1n en la ceremonia oficial.<\/p>\n\n\n\n<figure class=\"wp-block-image size-large\"><img loading=\"lazy\" decoding=\"async\" width=\"1024\" height=\"768\" src=\"https:\/\/rr.unv-informacion.xyz\/wp-content\/uploads\/2025\/01\/36WhatsApp-Image-2025-01-17-at-10.19.00-AM.jpeg-1030\u00d7773-1024x768.jpg\" alt=\"\" class=\"wp-image-7152\" srcset=\"https:\/\/rr.unv-informacion.xyz\/wp-content\/uploads\/2025\/01\/36WhatsApp-Image-2025-01-17-at-10.19.00-AM.jpeg-1030\u00d7773-1024x768.jpg 1024w, https:\/\/rr.unv-informacion.xyz\/wp-content\/uploads\/2025\/01\/36WhatsApp-Image-2025-01-17-at-10.19.00-AM.jpeg-1030\u00d7773-300x225.jpg 300w, https:\/\/rr.unv-informacion.xyz\/wp-content\/uploads\/2025\/01\/36WhatsApp-Image-2025-01-17-at-10.19.00-AM.jpeg-1030\u00d7773-768x576.jpg 768w, https:\/\/rr.unv-informacion.xyz\/wp-content\/uploads\/2025\/01\/36WhatsApp-Image-2025-01-17-at-10.19.00-AM.jpeg-1030\u00d7773-560x420.jpg 560w, https:\/\/rr.unv-informacion.xyz\/wp-content\/uploads\/2025\/01\/36WhatsApp-Image-2025-01-17-at-10.19.00-AM.jpeg-1030\u00d7773-80x60.jpg 80w, https:\/\/rr.unv-informacion.xyz\/wp-content\/uploads\/2025\/01\/36WhatsApp-Image-2025-01-17-at-10.19.00-AM.jpeg-1030\u00d7773-100x75.jpg 100w, https:\/\/rr.unv-informacion.xyz\/wp-content\/uploads\/2025\/01\/36WhatsApp-Image-2025-01-17-at-10.19.00-AM.jpeg-1030\u00d7773-180x135.jpg 180w, https:\/\/rr.unv-informacion.xyz\/wp-content\/uploads\/2025\/01\/36WhatsApp-Image-2025-01-17-at-10.19.00-AM.jpeg-1030\u00d7773-238x178.jpg 238w, https:\/\/rr.unv-informacion.xyz\/wp-content\/uploads\/2025\/01\/36WhatsApp-Image-2025-01-17-at-10.19.00-AM.jpeg-1030\u00d7773-640x480.jpg 640w, https:\/\/rr.unv-informacion.xyz\/wp-content\/uploads\/2025\/01\/36WhatsApp-Image-2025-01-17-at-10.19.00-AM.jpeg-1030\u00d7773-681x511.jpg 681w, https:\/\/rr.unv-informacion.xyz\/wp-content\/uploads\/2025\/01\/36WhatsApp-Image-2025-01-17-at-10.19.00-AM.jpeg-1030\u00d7773.jpg 1030w\" sizes=\"auto, (max-width: 1024px) 100vw, 1024px\" \/><\/figure>\n","protected":false},"excerpt":{"rendered":"<p>El CEO de Alofoke Media Group y una delegaci\u00f3n dominicana han sido invitados a participar en la ceremonia de investidura del presidente electo de Estados Unidos, Donald Trump, que se celebrar\u00e1 el pr\u00f3ximo lunes 20 de enero en Washington, D.C. Santiago Mat\u00edas encabezar\u00e1 la comitiva que incluye a Melvin de Le\u00f3n, alto ejecutivo del grupo [&hellip;]<\/p>\n","protected":false},"author":1,"featured_media":7152,"comment_status":"open","ping_status":"open","sticky":false,"template":"","format":"standard","meta":{"footnotes":""},"categories":[1],"tags":[],"class_list":["post-7151","post","type-post","status-publish","format-standard","has-post-thumbnail","hentry","category-uncategorized"],"_links":{"self":[{"href":"https:\/\/rr.unv-informacion.xyz\/index.php?rest_route=\/wp\/v2\/posts\/7151","targetHints":{"allow":["GET"]}}],"collection":[{"href":"https:\/\/rr.unv-informacion.xyz\/index.php?rest_route=\/wp\/v2\/posts"}],"about":[{"href":"https:\/\/rr.unv-informacion.xyz\/index.php?rest_route=\/wp\/v2\/types\/post"}],"author":[{"embeddable":true,"href":"https:\/\/rr.unv-informacion.xyz\/index.php?rest_route=\/wp\/v2\/users\/1"}],"replies":[{"embeddable":true,"href":"https:\/\/rr.unv-informacion.xyz\/index.php?rest_route=%2Fwp%2Fv2%2Fcomments&post=7151"}],"version-history":[{"count":1,"href":"https:\/\/rr.unv-informacion.xyz\/index.php?rest_route=\/wp\/v2\/posts\/7151\/revisions"}],"predecessor-version":[{"id":7153,"href":"https:\/\/rr.unv-informacion.xyz\/index.php?rest_route=\/wp\/v2\/posts\/7151\/revisions\/7153"}],"wp:featuredmedia":[{"embeddable":true,"href":"https:\/\/rr.unv-informacion.xyz\/index.php?rest_route=\/wp\/v2\/media\/7152"}],"wp:attachment":[{"href":"https:\/\/rr.unv-informacion.xyz\/index.php?rest_route=%2Fwp%2Fv2%2Fmedia&parent=7151"}],"wp:term":[{"taxonomy":"category","embeddable":true,"href":"https:\/\/rr.unv-informacion.xyz\/index.php?rest_route=%2Fwp%2Fv2%2Fcategories&post=7151"},{"taxonomy":"post_tag","embeddable":true,"href":"https:\/\/rr.unv-informacion.xyz\/index.php?rest_route=%2Fwp%2Fv2%2Ftags&post=7151"}],"curies":[{"name":"wp","href":"https:\/\/api.w.org\/{rel}","templated":true}]}}