{"id":7166,"date":"2025-01-20T17:53:22","date_gmt":"2025-01-20T17:53:22","guid":{"rendered":"https:\/\/rr.unv-informacion.xyz\/?p=7166"},"modified":"2025-01-20T17:53:23","modified_gmt":"2025-01-20T17:53:23","slug":"el-padre-de-arianny-rodriguez-habla","status":"publish","type":"post","link":"https:\/\/rr.unv-informacion.xyz\/?p=7166","title":{"rendered":"El padre de Arianny\u00a0Rodr\u00edguez, habla"},"content":{"rendered":"\n<p class=\"wp-block-paragraph\">Un hombre mata a su pareja y a su suegra en La Vega frente a sus hijos. Tambi\u00e9n hiri\u00f3 a otro joven, y est\u00e1 pr\u00f3fugo de la justicia.<\/p>\n\n\n\n<p class=\"wp-block-paragraph\">La Vega.- Retomamos con el tr\u00e1gico caso que ha consternado al pa\u00eds, donde el se\u00f1or Pedro Luis Jim\u00e9nez, un miembro de la Polic\u00eda Nacional de 40 a\u00f1os, mat\u00f3 a su pareja, Arianny Rodr\u00edguez, de 25 a\u00f1os, y a su suegra, Marisela Rodr\u00edguez Marte, de 51 a\u00f1os, en el sector La Arboleda, frente a los tres hijos de la v\u00edctima. Adem\u00e1s, hiri\u00f3 a Franklin Ruiz Inoa, de 41 a\u00f1os, con dos disparos en los gl\u00fateos.<\/p>\n\n\n\n<p class=\"wp-block-paragraph\">Jos\u00e9 Luis Rodr\u00edguez, padre de Arianny, explic\u00f3 que Jim\u00e9nez hab\u00eda estado amenazando a su hija y que en medio de una discusi\u00f3n le rompi\u00f3 el tel\u00e9fono. Luego, Arianny fue llevada a la casa de su madre, donde ocurri\u00f3 el fatal suceso.<\/p>\n\n\n\n<p class=\"wp-block-paragraph\">\u201cAyer la estaba amenazando y le rompi\u00f3 el tel\u00e9fono, entonces su mam\u00e1 fue a buscarla para llev\u00e1rsela a su casa. Anoche habl\u00e9 con ella para recogerla y llevarla donde una hermana m\u00eda, sin embargo, luego recibo una llamada de que \u00e9l la hab\u00eda matado a las dos\u201d, manifest\u00f3 Jos\u00e9 Luis Rodr\u00edguez, padre de la v\u00edctima.<\/p>\n\n\n\n<p class=\"wp-block-paragraph\">El padre de la v\u00edctima coment\u00f3 que su hija ten\u00eda miedo de dejar a Jim\u00e9nez debido a las amenazas constantes. Lamentablemente, cuando ella decidi\u00f3 terminar la relaci\u00f3n, el agresor le quit\u00f3 la vida, dejando a tres ni\u00f1os hu\u00e9rfanos.<\/p>\n\n\n\n<p class=\"wp-block-paragraph\">Jim\u00e9nez, quien estuvo preso anteriormente por agredir a otra mujer, huy\u00f3 del lugar en un veh\u00edculo que m\u00e1s tarde fue encontrado en una residencia en Villa Altagracia. Las autoridades est\u00e1n trabajando para capturarlo, ya que se encuentra pr\u00f3fugo.<\/p>\n\n\n\n<figure class=\"wp-block-image size-full\"><img loading=\"lazy\" decoding=\"async\" width=\"1024\" height=\"734\" src=\"https:\/\/rr.unv-informacion.xyz\/wp-content\/uploads\/2025\/01\/WhatsApp-Image-2025-01-19-at-1.19.53-PM-1024x734-1.webp\" alt=\"\" class=\"wp-image-7167\" srcset=\"https:\/\/rr.unv-informacion.xyz\/wp-content\/uploads\/2025\/01\/WhatsApp-Image-2025-01-19-at-1.19.53-PM-1024x734-1.webp 1024w, https:\/\/rr.unv-informacion.xyz\/wp-content\/uploads\/2025\/01\/WhatsApp-Image-2025-01-19-at-1.19.53-PM-1024x734-1-300x215.webp 300w, https:\/\/rr.unv-informacion.xyz\/wp-content\/uploads\/2025\/01\/WhatsApp-Image-2025-01-19-at-1.19.53-PM-1024x734-1-768x551.webp 768w, https:\/\/rr.unv-informacion.xyz\/wp-content\/uploads\/2025\/01\/WhatsApp-Image-2025-01-19-at-1.19.53-PM-1024x734-1-586x420.webp 586w, https:\/\/rr.unv-informacion.xyz\/wp-content\/uploads\/2025\/01\/WhatsApp-Image-2025-01-19-at-1.19.53-PM-1024x734-1-640x459.webp 640w, https:\/\/rr.unv-informacion.xyz\/wp-content\/uploads\/2025\/01\/WhatsApp-Image-2025-01-19-at-1.19.53-PM-1024x734-1-681x488.webp 681w\" sizes=\"auto, (max-width: 1024px) 100vw, 1024px\" \/><\/figure>\n\n\n\n<figure class=\"wp-block-embed is-type-video is-provider-youtube wp-block-embed-youtube wp-embed-aspect-16-9 wp-has-aspect-ratio\"><div class=\"wp-block-embed__wrapper\">\n<iframe loading=\"lazy\" title=\"Padre de mujer ultimada en La Vega dice su hija era amenazada constantemente; agresor estuvo preso\" width=\"640\" height=\"360\" src=\"https:\/\/www.youtube.com\/embed\/U_GzZ52t5rw?feature=oembed\" frameborder=\"0\" allow=\"accelerometer; autoplay; clipboard-write; encrypted-media; gyroscope; picture-in-picture; web-share\" referrerpolicy=\"strict-origin-when-cross-origin\" allowfullscreen><\/iframe>\n<\/div><\/figure>\n","protected":false},"excerpt":{"rendered":"<p>Un hombre mata a su pareja y a su suegra en La Vega frente a sus hijos. Tambi\u00e9n hiri\u00f3 a otro joven, y est\u00e1 pr\u00f3fugo de la justicia. La Vega.- Retomamos con el tr\u00e1gico caso que ha consternado al pa\u00eds, donde el se\u00f1or Pedro Luis Jim\u00e9nez, un miembro de la Polic\u00eda Nacional de 40 a\u00f1os, [&hellip;]<\/p>\n","protected":false},"author":1,"featured_media":7167,"comment_status":"open","ping_status":"open","sticky":false,"template":"","format":"standard","meta":{"footnotes":""},"categories":[1],"tags":[],"class_list":["post-7166","post","type-post","status-publish","format-standard","has-post-thumbnail","hentry","category-uncategorized"],"_links":{"self":[{"href":"https:\/\/rr.unv-informacion.xyz\/index.php?rest_route=\/wp\/v2\/posts\/7166","targetHints":{"allow":["GET"]}}],"collection":[{"href":"https:\/\/rr.unv-informacion.xyz\/index.php?rest_route=\/wp\/v2\/posts"}],"about":[{"href":"https:\/\/rr.unv-informacion.xyz\/index.php?rest_route=\/wp\/v2\/types\/post"}],"author":[{"embeddable":true,"href":"https:\/\/rr.unv-informacion.xyz\/index.php?rest_route=\/wp\/v2\/users\/1"}],"replies":[{"embeddable":true,"href":"https:\/\/rr.unv-informacion.xyz\/index.php?rest_route=%2Fwp%2Fv2%2Fcomments&post=7166"}],"version-history":[{"count":1,"href":"https:\/\/rr.unv-informacion.xyz\/index.php?rest_route=\/wp\/v2\/posts\/7166\/revisions"}],"predecessor-version":[{"id":7168,"href":"https:\/\/rr.unv-informacion.xyz\/index.php?rest_route=\/wp\/v2\/posts\/7166\/revisions\/7168"}],"wp:featuredmedia":[{"embeddable":true,"href":"https:\/\/rr.unv-informacion.xyz\/index.php?rest_route=\/wp\/v2\/media\/7167"}],"wp:attachment":[{"href":"https:\/\/rr.unv-informacion.xyz\/index.php?rest_route=%2Fwp%2Fv2%2Fmedia&parent=7166"}],"wp:term":[{"taxonomy":"category","embeddable":true,"href":"https:\/\/rr.unv-informacion.xyz\/index.php?rest_route=%2Fwp%2Fv2%2Fcategories&post=7166"},{"taxonomy":"post_tag","embeddable":true,"href":"https:\/\/rr.unv-informacion.xyz\/index.php?rest_route=%2Fwp%2Fv2%2Ftags&post=7166"}],"curies":[{"name":"wp","href":"https:\/\/api.w.org\/{rel}","templated":true}]}}