{"id":7169,"date":"2025-01-20T17:57:40","date_gmt":"2025-01-20T17:57:40","guid":{"rendered":"https:\/\/rr.unv-informacion.xyz\/?p=7169"},"modified":"2025-01-20T17:57:41","modified_gmt":"2025-01-20T17:57:41","slug":"hermano-de-arianny-marte-relata-la-triste-escena-al-llegar-a-casa","status":"publish","type":"post","link":"https:\/\/rr.unv-informacion.xyz\/?p=7169","title":{"rendered":"Hermano de Arianny Marte relata la triste escena al llegar a casa"},"content":{"rendered":"\n<p class=\"wp-block-paragraph\">Con l\u00e1grimas en los ojos, el hermano de Arianny Meilyn Marte narr\u00f3 los devastadores momentos tras el doble feminicidio ocurrido en el sector La Arboleda, en La Vega. \u201cLo primero que veo es a mi mam\u00e1 tirada afuera.<\/p>\n\n\n\n<p class=\"wp-block-paragraph\">Luego entro a la habitaci\u00f3n y est\u00e1 mi hermana muerta, y los ni\u00f1os en la marquesina\u201d, relat\u00f3 mientras recordaba el horror vivido.<\/p>\n\n\n\n<p class=\"wp-block-paragraph\">El responsable del crimen fue el segundo teniente de la Polic\u00eda Nacional, Juan Luis Jim\u00e9nez, de 40 a\u00f1os, quien irrumpi\u00f3 en la residencia escalando una verja y dispar\u00f3 sin previo aviso, acabando con la vida de su pareja, Arianny, de 25 a\u00f1os, y su suegra, Maricela Rodr\u00edguez Marte, de 51 a\u00f1os.<\/p>\n\n\n\n<p class=\"wp-block-paragraph\">En el ataque tambi\u00e9n result\u00f3 herido Franklin Ruiz Inoa, empleado del hogar. Los tres hijos de la pareja, de tres, cuatro y cinco a\u00f1os, presenciaron el ataque.<\/p>\n\n\n\n<p class=\"wp-block-paragraph\">El agresor, quien ten\u00eda antecedentes de violencia de g\u00e9nero y hab\u00eda estado en prisi\u00f3n por agresiones previas, fue reincorporado a las filas policiales, decisi\u00f3n que ahora genera cuestionamientos.<\/p>\n\n\n\n<p class=\"wp-block-paragraph\">Seg\u00fan el padre de Arianny, Jos\u00e9 Luis Marte Rodr\u00edguez, su hija viv\u00eda con miedo constante debido a las amenazas y el control obsesivo del teniente desde diciembre.<\/p>\n\n\n\n<p class=\"wp-block-paragraph\">Tras el crimen, Jim\u00e9nez huy\u00f3 del lugar y abandon\u00f3 su veh\u00edculo en Villa Altagracia, a varios kil\u00f3metros de la escena.<\/p>\n\n\n\n<p class=\"wp-block-paragraph\">En el lugar de los hechos, las autoridades encontraron ocho casquillos calibre 9 mm, mientras la Subdirecci\u00f3n de Investigaciones Criminales (DICRIM) busca intensamente al fugitivo.<\/p>\n\n\n\n<p class=\"wp-block-paragraph\">Vecinos de la comunidad narraron los desgarradores momentos tras escuchar los disparos y los gritos de los ni\u00f1os. \u201cEsto nos quit\u00f3 la paz; era una zona tranquila\u201d, expres\u00f3 una residente.<\/p>\n\n\n\n<p class=\"wp-block-paragraph\">Mientras tanto, la directora del Ministerio de la Mujer en La Vega, Altagracia Pe\u00f1a, lament\u00f3 profundamente este caso y exhort\u00f3 a las mujeres a denunciar cualquier tipo de violencia llamando al *212.<\/p>\n\n\n\n<p class=\"wp-block-paragraph\">Los cuerpos de las v\u00edctimas fueron trasladados al Instituto Nacional de Ciencias Forenses (Inacif) en Santiago para las autopsias, y ser\u00e1n velados en el sector Mar\u00eda Auxiliadora, donde la comunidad sigue conmocionada y exige justicia.<\/p>\n\n\n<blockquote class=\"twitter-tweet\" data-media-max-width=\"560\"><p lang=\"es\" dir=\"ltr\">Hijo de Mari Rodr\u00edguez y Marlin Marte Rodr\u00edguez ambas fallecida por varios impacto de bala por \u00e9l nombrado Pedro Lu\u00eds Jim\u00e9nez, un agente de la polic\u00eda. <a href=\"https:\/\/t.co\/jJ3WqfMyGU\">pic.twitter.com\/jJ3WqfMyGU<\/a><\/p>&mdash; LosMocanos (@LosMocanos) <a href=\"https:\/\/twitter.com\/LosMocanos\/status\/1881259282655760754?ref_src=twsrc%5Etfw\">January 20, 2025<\/a><\/blockquote> <script async src=\"https:\/\/platform.twitter.com\/widgets.js\" charset=\"utf-8\"><\/script>\n\n<iframe loading=\"lazy\" src=\"https:\/\/www.facebook.com\/plugins\/video.php?href=https%3A%2F%2Fwww.facebook.com%2Fcdn.com.do%2Fvideos%2F601003429309808%2F%3Fref%3Dembed_video&#038;show_text=0&#038;width=560\" width=\"560\" height=\"315\" style=\"border:none;overflow:hidden\" scrolling=\"no\" frameborder=\"0\" allowfullscreen=\"true\" allow=\"autoplay; clipboard-write; encrypted-media; picture-in-picture; web-share\" allowFullScreen=\"true\"><\/iframe>","protected":false},"excerpt":{"rendered":"<p>Con l\u00e1grimas en los ojos, el hermano de Arianny Meilyn Marte narr\u00f3 los devastadores momentos tras el doble feminicidio ocurrido en el sector La Arboleda, en La Vega. \u201cLo primero que veo es a mi mam\u00e1 tirada afuera. Luego entro a la habitaci\u00f3n y est\u00e1 mi hermana muerta, y los ni\u00f1os en la marquesina\u201d, relat\u00f3 [&hellip;]<\/p>\n","protected":false},"author":1,"featured_media":7170,"comment_status":"open","ping_status":"open","sticky":false,"template":"","format":"standard","meta":{"footnotes":""},"categories":[1],"tags":[],"class_list":["post-7169","post","type-post","status-publish","format-standard","has-post-thumbnail","hentry","category-uncategorized"],"_links":{"self":[{"href":"https:\/\/rr.unv-informacion.xyz\/index.php?rest_route=\/wp\/v2\/posts\/7169","targetHints":{"allow":["GET"]}}],"collection":[{"href":"https:\/\/rr.unv-informacion.xyz\/index.php?rest_route=\/wp\/v2\/posts"}],"about":[{"href":"https:\/\/rr.unv-informacion.xyz\/index.php?rest_route=\/wp\/v2\/types\/post"}],"author":[{"embeddable":true,"href":"https:\/\/rr.unv-informacion.xyz\/index.php?rest_route=\/wp\/v2\/users\/1"}],"replies":[{"embeddable":true,"href":"https:\/\/rr.unv-informacion.xyz\/index.php?rest_route=%2Fwp%2Fv2%2Fcomments&post=7169"}],"version-history":[{"count":1,"href":"https:\/\/rr.unv-informacion.xyz\/index.php?rest_route=\/wp\/v2\/posts\/7169\/revisions"}],"predecessor-version":[{"id":7171,"href":"https:\/\/rr.unv-informacion.xyz\/index.php?rest_route=\/wp\/v2\/posts\/7169\/revisions\/7171"}],"wp:featuredmedia":[{"embeddable":true,"href":"https:\/\/rr.unv-informacion.xyz\/index.php?rest_route=\/wp\/v2\/media\/7170"}],"wp:attachment":[{"href":"https:\/\/rr.unv-informacion.xyz\/index.php?rest_route=%2Fwp%2Fv2%2Fmedia&parent=7169"}],"wp:term":[{"taxonomy":"category","embeddable":true,"href":"https:\/\/rr.unv-informacion.xyz\/index.php?rest_route=%2Fwp%2Fv2%2Fcategories&post=7169"},{"taxonomy":"post_tag","embeddable":true,"href":"https:\/\/rr.unv-informacion.xyz\/index.php?rest_route=%2Fwp%2Fv2%2Ftags&post=7169"}],"curies":[{"name":"wp","href":"https:\/\/api.w.org\/{rel}","templated":true}]}}