{"id":7172,"date":"2025-01-20T18:01:56","date_gmt":"2025-01-20T18:01:56","guid":{"rendered":"https:\/\/rr.unv-informacion.xyz\/?p=7172"},"modified":"2025-01-20T18:01:57","modified_gmt":"2025-01-20T18:01:57","slug":"christopher-bonora-ortega-de-32","status":"publish","type":"post","link":"https:\/\/rr.unv-informacion.xyz\/?p=7172","title":{"rendered":"Christopher Bonora Ortega, de 32"},"content":{"rendered":"\n<p class=\"wp-block-paragraph\">Un tr\u00e1gico accidente de tr\u00e1nsito en el sector Las Mallitas, en San Jos\u00e9 de Ocoa, cobr\u00f3 la vida de Christopher Bonora Ortega, de 32 a\u00f1os.<\/p>\n\n\n\n<p class=\"wp-block-paragraph\">El joven, oriundo de Santo Domingo, perdi\u00f3 la vida de manera instant\u00e1nea al colisionar la motocicleta en la que viajaba contra una jeepeta.<\/p>\n\n\n\n<p class=\"wp-block-paragraph\">Christopher era miembro del club de motociclistas \u201cLos Talibanes\u201d y se dirig\u00eda con su grupo hacia las festividades patronales de Ocoa cuando ocurri\u00f3 el fat\u00eddico incidente.<\/p>\n\n\n\n<p class=\"wp-block-paragraph\">Su fallecimiento ha dejado consternada a la comunidad y a sus compa\u00f1eros de club, quienes lo recuerdan como un apasionado por las motos y una persona muy querida.<\/p>\n\n\n\n<p class=\"wp-block-paragraph\">El Ministerio de Educaci\u00f3n de la Rep\u00fablica Dominicana lament\u00f3 profundamente la p\u00e9rdida de Christopher, quien se desempe\u00f1aba como Encargado de Ciberseguridad de la Direcci\u00f3n de Tecnolog\u00eda.<\/p>\n\n\n\n<p class=\"wp-block-paragraph\">En un comunicado, destacaron su valiosa labor, reconociendo su contribuci\u00f3n a importantes mejoras en el \u00e1rea tecnol\u00f3gica. \u201cAgradecemos a Dios el tiempo que nos regal\u00f3 al lado de un joven destacado y querido por todos\u201d, expres\u00f3 la instituci\u00f3n.<\/p>\n\n\n\n<p class=\"wp-block-paragraph\">Las autoridades han iniciado una investigaci\u00f3n para esclarecer las circunstancias del accidente, mientras familiares, amigos y colegas lamentan esta irreparable p\u00e9rdida. Los restos de Christopher ser\u00e1n velados este lunes 20 de enero en la Funeraria Blandino, ubicada en la Av. Sabana Larga.<\/p>\n\n\n\n<p class=\"wp-block-paragraph\">La tr\u00e1gica partida de Christopher deja un vac\u00edo profundo entre quienes lo conocieron, record\u00e1ndolo no solo por su amor por las motocicletas, sino tambi\u00e9n por su dedicaci\u00f3n profesional y calidez humana.<\/p>\n\n\n\n<figure class=\"wp-block-image size-large\"><img loading=\"lazy\" decoding=\"async\" width=\"819\" height=\"1024\" src=\"https:\/\/rr.unv-informacion.xyz\/wp-content\/uploads\/2025\/01\/474328542_18041811896343347_4712781333361927195_n-1140x1425-1-819x1024.jpg\" alt=\"\" class=\"wp-image-7173\" srcset=\"https:\/\/rr.unv-informacion.xyz\/wp-content\/uploads\/2025\/01\/474328542_18041811896343347_4712781333361927195_n-1140x1425-1-819x1024.jpg 819w, https:\/\/rr.unv-informacion.xyz\/wp-content\/uploads\/2025\/01\/474328542_18041811896343347_4712781333361927195_n-1140x1425-1-240x300.jpg 240w, https:\/\/rr.unv-informacion.xyz\/wp-content\/uploads\/2025\/01\/474328542_18041811896343347_4712781333361927195_n-1140x1425-1-768x960.jpg 768w, https:\/\/rr.unv-informacion.xyz\/wp-content\/uploads\/2025\/01\/474328542_18041811896343347_4712781333361927195_n-1140x1425-1.jpg 1140w\" sizes=\"auto, (max-width: 819px) 100vw, 819px\" \/><\/figure>\n\n\n<iframe loading=\"lazy\" src=\"https:\/\/www.facebook.com\/plugins\/video.php?href=https%3A%2F%2Fwww.facebook.com%2F100071237329407%2Fvideos%2F1237681887299246%2F%3Fref%3Dembed_video&#038;show_text=0&#038;width=560\" width=\"560\" height=\"315\" style=\"border:none;overflow:hidden\" scrolling=\"no\" frameborder=\"0\" allowfullscreen=\"true\" allow=\"autoplay; clipboard-write; encrypted-media; picture-in-picture; web-share\" allowFullScreen=\"true\"><\/iframe>","protected":false},"excerpt":{"rendered":"<p>Un tr\u00e1gico accidente de tr\u00e1nsito en el sector Las Mallitas, en San Jos\u00e9 de Ocoa, cobr\u00f3 la vida de Christopher Bonora Ortega, de 32 a\u00f1os. El joven, oriundo de Santo Domingo, perdi\u00f3 la vida de manera instant\u00e1nea al colisionar la motocicleta en la que viajaba contra una jeepeta. Christopher era miembro del club de motociclistas [&hellip;]<\/p>\n","protected":false},"author":1,"featured_media":7173,"comment_status":"open","ping_status":"open","sticky":false,"template":"","format":"standard","meta":{"footnotes":""},"categories":[1],"tags":[],"class_list":["post-7172","post","type-post","status-publish","format-standard","has-post-thumbnail","hentry","category-uncategorized"],"_links":{"self":[{"href":"https:\/\/rr.unv-informacion.xyz\/index.php?rest_route=\/wp\/v2\/posts\/7172","targetHints":{"allow":["GET"]}}],"collection":[{"href":"https:\/\/rr.unv-informacion.xyz\/index.php?rest_route=\/wp\/v2\/posts"}],"about":[{"href":"https:\/\/rr.unv-informacion.xyz\/index.php?rest_route=\/wp\/v2\/types\/post"}],"author":[{"embeddable":true,"href":"https:\/\/rr.unv-informacion.xyz\/index.php?rest_route=\/wp\/v2\/users\/1"}],"replies":[{"embeddable":true,"href":"https:\/\/rr.unv-informacion.xyz\/index.php?rest_route=%2Fwp%2Fv2%2Fcomments&post=7172"}],"version-history":[{"count":1,"href":"https:\/\/rr.unv-informacion.xyz\/index.php?rest_route=\/wp\/v2\/posts\/7172\/revisions"}],"predecessor-version":[{"id":7174,"href":"https:\/\/rr.unv-informacion.xyz\/index.php?rest_route=\/wp\/v2\/posts\/7172\/revisions\/7174"}],"wp:featuredmedia":[{"embeddable":true,"href":"https:\/\/rr.unv-informacion.xyz\/index.php?rest_route=\/wp\/v2\/media\/7173"}],"wp:attachment":[{"href":"https:\/\/rr.unv-informacion.xyz\/index.php?rest_route=%2Fwp%2Fv2%2Fmedia&parent=7172"}],"wp:term":[{"taxonomy":"category","embeddable":true,"href":"https:\/\/rr.unv-informacion.xyz\/index.php?rest_route=%2Fwp%2Fv2%2Fcategories&post=7172"},{"taxonomy":"post_tag","embeddable":true,"href":"https:\/\/rr.unv-informacion.xyz\/index.php?rest_route=%2Fwp%2Fv2%2Ftags&post=7172"}],"curies":[{"name":"wp","href":"https:\/\/api.w.org\/{rel}","templated":true}]}}